{"id":32580,"date":"2023-07-03T11:53:20","date_gmt":"2023-07-03T14:53:20","guid":{"rendered":"https:\/\/radiorevelacionfm.cl\/?p=32580"},"modified":"2023-07-03T11:53:20","modified_gmt":"2023-07-03T14:53:20","slug":"para-sensibilizar-a-la-comunidad-sobre-las-diversidades-sexo-genericas-se-realiza-la-expo-colores-en-puerto-aysen","status":"publish","type":"post","link":"https:\/\/radiorevelacionfm.cl\/?p=32580","title":{"rendered":"Para sensibilizar a la comunidad sobre las diversidades sexo gen\u00e9ricas se realiza la Expo Colores en Puerto Ays\u00e9n"},"content":{"rendered":"<div class=\"flex_column av_one_full  flex_column_div av-zero-column-padding first  avia-builder-el-0  el_before_av_one_full  avia-builder-el-first  \" style='border-radius:0px; '><div  class='avia-image-container  av-styling-    avia-builder-el-1  avia-builder-el-no-sibling  avia-align-center '  itemprop=\"image\" itemscope=\"itemscope\" itemtype=\"https:\/\/schema.org\/ImageObject\"  ><div class='avia-image-container-inner'><div class='avia-image-overlay-wrap'><img decoding=\"async\" class='wp-image-32582 avia-img-lazy-loading-not-32582 avia_image' src=\"https:\/\/radiorevelacionfm.cl\/wp-content\/uploads\/2023\/07\/dsc_0008-2_optimized-2.jpg\" alt='' title='dsc_0008-2_optimized-2' height=\"600\" width=\"1098\"  itemprop=\"thumbnailUrl\" srcset=\"https:\/\/radiorevelacionfm.cl\/wp-content\/uploads\/2023\/07\/dsc_0008-2_optimized-2.jpg 1098w, https:\/\/radiorevelacionfm.cl\/wp-content\/uploads\/2023\/07\/dsc_0008-2_optimized-2-300x164.jpg 300w, https:\/\/radiorevelacionfm.cl\/wp-content\/uploads\/2023\/07\/dsc_0008-2_optimized-2-1030x563.jpg 1030w, https:\/\/radiorevelacionfm.cl\/wp-content\/uploads\/2023\/07\/dsc_0008-2_optimized-2-768x420.jpg 768w, https:\/\/radiorevelacionfm.cl\/wp-content\/uploads\/2023\/07\/dsc_0008-2_optimized-2-705x385.jpg 705w, https:\/\/radiorevelacionfm.cl\/wp-content\/uploads\/2023\/07\/dsc_0008-2_optimized-2-450x246.jpg 450w, https:\/\/radiorevelacionfm.cl\/wp-content\/uploads\/2023\/07\/dsc_0008-2_optimized-2-600x328.jpg 600w\" sizes=\"(max-width: 1098px) 100vw, 1098px\" \/><\/div><\/div><\/div><\/div><div class=\"flex_column av_one_full  flex_column_div av-zero-column-padding first  avia-builder-el-2  el_after_av_one_full  el_before_av_one_full  column-top-margin\" style='border-radius:0px; '><section class=\"av_textblock_section \"  itemscope=\"itemscope\" itemtype=\"https:\/\/schema.org\/BlogPosting\" itemprop=\"blogPost\" ><div class='avia_textblock  '   itemprop=\"text\" ><p style=\"text-align: center;\"><strong><span style=\"font-size: 18pt;\">Para sensibilizar a la comunidad sobre las diversidades sexo gen\u00e9ricas se realiza\u00a0la Expo Colores\u00a0en Puerto Ays\u00e9n\u00a0<\/span><\/strong><\/p>\n<div id=\"gtx-trans\" style=\"position: absolute; left: -50px; top: 4.31534px;\">\n<div class=\"gtx-trans-icon\"><\/div>\n<\/div>\n<\/div><\/section><\/div><div class=\"flex_column av_one_full  flex_column_div av-zero-column-padding first  avia-builder-el-4  el_after_av_one_full  el_before_av_hr  column-top-margin\" style='border-radius:0px; '><section class=\"av_textblock_section \"  itemscope=\"itemscope\" itemtype=\"https:\/\/schema.org\/BlogPosting\" itemprop=\"blogPost\" ><div class='avia_textblock  '   itemprop=\"text\" ><p style=\"text-align: justify;\">Las instituciones que componen la Mesa Intersectorial de Prevenci\u00f3n de Violencias contra las Mujeres, iniciativa impulsada por el Servicio Nacional de la Mujer y la Equidad de G\u00e9nero y la Municipalidad de Ays\u00e9n, organizaron junto al Instituto Nacional de Derechos Humanos una actividad enmarcada en el D\u00eda Internacional del Orgullo LGBTIQA+. Tambi\u00e9n, el Fondo de Solidaridad e Inversi\u00f3n Social, colabor\u00f3 con su realizaci\u00f3n, desde su experiencia en la realizaci\u00f3n de ferias y trabajo con emprendedores y emprendedoras\u00a0regionales. La Expo Colores tuvo un car\u00e1cter informativo, comunitario y de fomento, dirigido a las juventudes y p\u00fablico general, cuyo prop\u00f3sito principal fue hacer un reconocimiento a estas comunidades como sujetes de derechos humanos.<\/p>\n<p style=\"text-align: justify;\">El Delegado Presidencial Provincial de Ays\u00e9n, Jorge D\u00edaz Guzm\u00e1n, dijo: \u201cpara nosotros como Gobierno, encabezado por el Presidente Gabriel Boric Font, la tem\u00e1tica abordada por esta Feria es relevante; por lo tanto, impulsamos una pol\u00edtica p\u00fablica dirigida a la no discriminaci\u00f3n en todos los \u00e1mbitos. Naturalmente, sobre las orientaciones sexuales es tambi\u00e9n significativo el esfuerzo que estamos desplegando en todo el pa\u00eds; porque creemos que, si bien somos una sociedad diversa en cualquier \u00e1mbito de la vida, tenemos que sentirnos en igualdad frente al Estado. Estos espacios donde se promueve precisamente la no discriminaci\u00f3n, en este caso sexual, creemos que es muy importante para generar una nueva sociedad\u201d.<\/p>\n<p style=\"text-align: justify;\">Durante la ceremonia de lanzamiento de la Expo Colores, la Encargada Regional del programa de Atenci\u00f3n, Protecci\u00f3n y Reparaci\u00f3n en Violencia contra las Mujeres de SernamEG, Carla Arriagada Malague\u00f1o, sostuvo que \u201ces relevante para nosotras como Servicio el recalcar, que si bien hay un d\u00eda que es para recordar las diversidades y sus manifestaciones, las personas somos diversas; y al mismo tiempo, debemos reconocer la individualidad de cada una de las personas. Por consiguiente, la invitaci\u00f3n es a dejar de pensar desde la heteronormatividad y considerar que todos los d\u00edas son una oportunidad para mirar a la otra persona, como alguien que tiene la libertad y el derecho de ser, desde c\u00f3mo se siente\u201d.<\/p>\n<p style=\"text-align: justify;\">Respecto a la tem\u00e1tica abordada en el evento, el Director de Seguridad P\u00fablica de la Municipalidad de Ays\u00e9n, Marco Co\u00f1uecar Villegas, manifest\u00f3: \u201cestamos muy comprometidos como Municipalidad, trabajando bajo la consigna de Ays\u00e9n somos todos; por consiguiente, la inclusi\u00f3n y sobre todo el respeto a los derechos y la igualdad de todas las personas es fundamental. Es una prioridad el poder educar y aprender a trav\u00e9s de estos espacios. La Expo Colores es una tremenda oportunidad para tener una mayor fraternidad y trabajar en conjunto, as\u00ed que agradecemos a todas las instituciones que se sumaron a esta iniciativa. La autoridad comunal agreg\u00f3 que \u201cla Constituci\u00f3n dice que nacemos libres y en igualdad de derechos, por lo tanto, nuestro deber es respetarnos entre todos y crecer\u201d.<\/p>\n<p style=\"text-align: justify;\">ESFUERZOS MANCOMUNADOS<\/p>\n<p style=\"text-align: justify;\">El D\u00eda Internacional del Orgullo LGTBIQA+ tiene como prop\u00f3sito recordar que cada 28 de junio se invita a la reflexi\u00f3n, sensibilizaci\u00f3n y visibilizaci\u00f3n de la diversidad por orientaci\u00f3n sexual e identidad de g\u00e9nero. Tambi\u00e9n, es una oportunidad para promover la protecci\u00f3n de los derechos humanos de las personas lesbianas, gays, bisexuales, trans, intersexuales (LGBTI) y otras identidades.<\/p>\n<p style=\"text-align: justify;\">El Instituto Nacional de Derechos Humanos integra actualmente las mesas intersectoriales, cuya secretar\u00eda ejecutiva est\u00e1 cargo de las encargadas territoriales del programa de Prevenci\u00f3n en Violencia contra las Mujeres. Junto con destacar el trabajo colaborativo con ambas instancias de coordinaci\u00f3n interinstitucional, el Jefe Regional del INDH, Joaqu\u00edn Bizama Tiznado, se refiri\u00f3 al sentido que tiene su participaci\u00f3n. \u201cHist\u00f3ricamente existen grupos marginados y segregados; en este caso, las diversidades sexuales, a prop\u00f3sito de su identidad de g\u00e9nero o de su orientaci\u00f3n sexual. Por ello, les hemos incluido en los grupos de especial protecci\u00f3n, posibilitando la capacitaci\u00f3n a las funcionarias y funcionarios p\u00fablicos; as\u00ed como a la sociedad sobre los derechos que les corresponden a estas personas\u201d.<\/p>\n<p style=\"text-align: justify;\">En los stands informativos y de emprendimientos en la Expo Colores, estuvo presente junto a la Mesa Intersectorial de Prevenci\u00f3n de Violencias contra las Mujeres, la organizaci\u00f3n social Diversa Patagonia. Una especial participaci\u00f3n tuvo la concejala, comunicadora y activista, Almendra Silva Millalonco, quien entreg\u00f3 su testimonio a las personas presentes. \u201cEs importante que se puedan organizar este tipo de actividades para visibilizar, educar e informar sobre lo que est\u00e1 sucediendo en nuestra comunidad de diversidades. As\u00ed mismo, el establecer alianzas con los servicios p\u00fablicos para acceder a espacios y beneficios, que muchas veces se desconocen, los que son tremendamente necesarios para nuestra comunidad\u201d.\u00a0 Sobre este \u00faltimo punto, agreg\u00f3 que \u201cuna noticia maravillosa fue la entrega de la Casa de la Diversidad, es un ejemplo de los tremendos logros para nosotres las disidencias, contamos con un espacio seguro donde podemos reunirnos y proyectarnos, porque no est\u00e1 pensado para un grupo cerrado, sino que se invita a toda la regi\u00f3n de Ays\u00e9n\u201d.<\/p>\n<p style=\"text-align: justify;\">Finalmente, la Mesa Intersectorial de Prevenci\u00f3n de Violencias contra las Mujeres est\u00e1 compuesta por la Oficina de Asuntos Juveniles, MOWI, Servicio Nacional para la Prevenci\u00f3n y Rehabilitaci\u00f3n del Consumo de Drogas y Alcohol (SENDA), Oficina Local de la Ni\u00f1ez (OLN), Oficina de Protecci\u00f3n de Derechos de Infancia (OPD), Departamento de Orientaci\u00f3n del Colegio Sagrada Familia, programas de Intervenci\u00f3n Especializada (PIE), Programas de Prevenci\u00f3n Focalizada (PPF), Centro de Protecci\u00f3n Infanto Juvenil (CEPIJ), Departamento de Orientaci\u00f3n del Liceo San Jos\u00e9 UR, Seguridad P\u00fablica de la Municipalidad de Ays\u00e9n, Departamento de Orientaci\u00f3n del Colegio Santa Teresa, Centro de Formaci\u00f3n T\u00e9cnica Ays\u00e9n, Segunda Comisaria de Carabineros de Puerto Ays\u00e9n, Departamento de Orientaci\u00f3n del Liceo Polit\u00e9cnico A-1, Unidad de G\u00e9nero de la Universidad de Ays\u00e9n, programa Mujeres Jefas de Hogar (PMJH), Servicio de Aduanas de Ays\u00e9n, Servicio Mejor Ni\u00f1ez, Biblioteca P\u00fablica de Puerto Ays\u00e9n, Centro de la Mujer Naa Alver\u00e9, Departamento de Orientaci\u00f3n del Colegio Kalem, Fiscal\u00eda Local de Puerto Ays\u00e9n, Instituto Nacional de Derechos Humanos (INDH), Fondo de Solidaridad e Inversi\u00f3n Social (FOSIS), programa Salud Adolescente de la Seremi de Salud, Servicio Nacional de la Mujer y la Equidad de G\u00e9nero (SernamEG), Atenci\u00f3n Primaria de Salud (APS), programa Diagn\u00f3stico Ambulatorio de Puerto Ays\u00e9n de la Fundaci\u00f3n DOLMA,\u00a0 departamento de Atenci\u00f3n a V\u00edctimas de Violencia Sexual del Hospital de Ays\u00e9n, Direcci\u00f3n de Desarrollo Comunitario de la Municipalidad de Ays\u00e9n, programa HEPI Crianza y la Direcci\u00f3n de Educaci\u00f3n Municipal de la Municipalidad de Ays\u00e9n.<\/p>\n<\/div><\/section><\/div><div  style='height:50px' class='hr hr-invisible   avia-builder-el-6  el_after_av_one_full  el_before_av_social_share '><span class='hr-inner ' ><span class='hr-inner-style'><\/span><\/span><\/div><\/p>\n<div  class='av-social-sharing-box  avia-builder-el-7  el_after_av_hr  el_before_av_hr  '><div class='av-share-box'><h5 class='av-share-link-description av-no-toc '>Compartir esta noticia<\/h5><ul class='av-share-box-list noLightbox'><li class='av-share-link av-social-link-facebook' ><a target=\"_blank\" aria-label=\"Compartir en Facebook\" href='https:\/\/www.facebook.com\/sharer.php?u=https:\/\/radiorevelacionfm.cl\/?p=32580&#038;t=Para%20sensibilizar%20a%20la%20comunidad%20sobre%20las%20diversidades%20sexo%20gen%C3%A9ricas%20se%20realiza%20la%20Expo%20Colores%20en%20Puerto%20Ays%C3%A9n' aria-hidden='false' data-av_icon='\ue8f3' data-av_iconfont='entypo-fontello' title='' data-avia-related-tooltip='Compartir en Facebook' rel=\"noopener\"><span class='avia_hidden_link_text'>Compartir en Facebook<\/span><\/a><\/li><li class='av-share-link av-social-link-twitter' ><a target=\"_blank\" aria-label=\"Compartir en Twitter\" href='https:\/\/twitter.com\/share?text=Para%20sensibilizar%20a%20la%20comunidad%20sobre%20las%20diversidades%20sexo%20gen%C3%A9ricas%20se%20realiza%20la%20Expo%20Colores%20en%20Puerto%20Ays%C3%A9n&#038;url=https:\/\/radiorevelacionfm.cl\/?p=32580' aria-hidden='false' data-av_icon='\ue8f1' data-av_iconfont='entypo-fontello' title='' data-avia-related-tooltip='Compartir en Twitter' rel=\"noopener\"><span class='avia_hidden_link_text'>Compartir en Twitter<\/span><\/a><\/li><li class='av-share-link av-social-link-whatsapp' ><a target=\"_blank\" aria-label=\"Compartir en Whatsapp\" href='https:\/\/api.whatsapp.com\/send?text=https:\/\/radiorevelacionfm.cl\/?p=32580' aria-hidden='false' data-av_icon='\uf232' data-av_iconfont='entypo-fontello' title='' data-avia-related-tooltip='Compartir en Whatsapp' rel=\"noopener\"><span class='avia_hidden_link_text'>Compartir en Whatsapp<\/span><\/a><\/li><li class='av-share-link av-social-link-linkedin' ><a target=\"_blank\" aria-label=\"Compartir en LinkedIn\" href='https:\/\/linkedin.com\/shareArticle?mini=true&#038;title=Para%20sensibilizar%20a%20la%20comunidad%20sobre%20las%20diversidades%20sexo%20gen%C3%A9ricas%20se%20realiza%20la%20Expo%20Colores%20en%20Puerto%20Ays%C3%A9n&#038;url=https:\/\/radiorevelacionfm.cl\/?p=32580' aria-hidden='false' data-av_icon='\ue8fc' data-av_iconfont='entypo-fontello' title='' data-avia-related-tooltip='Compartir en LinkedIn' rel=\"noopener\"><span class='avia_hidden_link_text'>Compartir en LinkedIn<\/span><\/a><\/li><li class='av-share-link av-social-link-mail' ><a  aria-label=\"Compartir por correo\" href='mailto:?subject=Para%20sensibilizar%20a%20la%20comunidad%20sobre%20las%20diversidades%20sexo%20gen%C3%A9ricas%20se%20realiza%20la%20Expo%20Colores%20en%20Puerto%20Ays%C3%A9n&#038;body=https:\/\/radiorevelacionfm.cl\/?p=32580' aria-hidden='false' data-av_icon='\ue805' data-av_iconfont='entypo-fontello' title='' data-avia-related-tooltip='Compartir por correo'><span class='avia_hidden_link_text'>Compartir por correo<\/span><\/a><\/li><\/ul><\/div><\/div>\n<div  style='height:50px' class='hr hr-invisible   avia-builder-el-8  el_after_av_social_share  el_before_av_comments_list '><span class='hr-inner ' ><span class='hr-inner-style'><\/span><\/span><\/div>\n<div  class='av-buildercomment  av-blog-meta-html-info-disabled av-blog-meta-tag-disabled  '><\/div>\n","protected":false},"excerpt":{"rendered":"","protected":false},"author":1,"featured_media":32582,"comment_status":"open","ping_status":"open","sticky":false,"template":"","format":"standard","meta":{"footnotes":""},"categories":[38],"tags":[],"class_list":["post-32580","post","type-post","status-publish","format-standard","has-post-thumbnail","hentry","category-regional"],"jetpack_featured_media_url":"https:\/\/radiorevelacionfm.cl\/wp-content\/uploads\/2023\/07\/dsc_0008-2_optimized-2.jpg","_links":{"self":[{"href":"https:\/\/radiorevelacionfm.cl\/index.php?rest_route=\/wp\/v2\/posts\/32580","targetHints":{"allow":["GET"]}}],"collection":[{"href":"https:\/\/radiorevelacionfm.cl\/index.php?rest_route=\/wp\/v2\/posts"}],"about":[{"href":"https:\/\/radiorevelacionfm.cl\/index.php?rest_route=\/wp\/v2\/types\/post"}],"author":[{"embeddable":true,"href":"https:\/\/radiorevelacionfm.cl\/index.php?rest_route=\/wp\/v2\/users\/1"}],"replies":[{"embeddable":true,"href":"https:\/\/radiorevelacionfm.cl\/index.php?rest_route=%2Fwp%2Fv2%2Fcomments&post=32580"}],"version-history":[{"count":1,"href":"https:\/\/radiorevelacionfm.cl\/index.php?rest_route=\/wp\/v2\/posts\/32580\/revisions"}],"predecessor-version":[{"id":32583,"href":"https:\/\/radiorevelacionfm.cl\/index.php?rest_route=\/wp\/v2\/posts\/32580\/revisions\/32583"}],"wp:featuredmedia":[{"embeddable":true,"href":"https:\/\/radiorevelacionfm.cl\/index.php?rest_route=\/wp\/v2\/media\/32582"}],"wp:attachment":[{"href":"https:\/\/radiorevelacionfm.cl\/index.php?rest_route=%2Fwp%2Fv2%2Fmedia&parent=32580"}],"wp:term":[{"taxonomy":"category","embeddable":true,"href":"https:\/\/radiorevelacionfm.cl\/index.php?rest_route=%2Fwp%2Fv2%2Fcategories&post=32580"},{"taxonomy":"post_tag","embeddable":true,"href":"https:\/\/radiorevelacionfm.cl\/index.php?rest_route=%2Fwp%2Fv2%2Ftags&post=32580"}],"curies":[{"name":"wp","href":"https:\/\/api.w.org\/{rel}","templated":true}]}}