{"id":32577,"date":"2023-07-02T19:23:47","date_gmt":"2023-07-02T22:23:47","guid":{"rendered":"https:\/\/radiorevelacionfm.cl\/?p=32577"},"modified":"2023-07-02T19:23:47","modified_gmt":"2023-07-02T22:23:47","slug":"parque-nacional-queulat-inician-obras-que-buscan-fortalecer-icono-de-la-conservacion-y-del-turismo","status":"publish","type":"post","link":"https:\/\/radiorevelacionfm.cl\/?p=32577","title":{"rendered":"Parque Nacional Queulat: Inician obras que buscan fortalecer icono de la conservaci\u00f3n y del turismo"},"content":{"rendered":"<div class=\"flex_column av_one_full  flex_column_div av-zero-column-padding first  avia-builder-el-0  el_before_av_one_full  avia-builder-el-first  \" style='border-radius:0px; '><div  class='avia-image-container  av-styling-    avia-builder-el-1  avia-builder-el-no-sibling  avia-align-center '  itemprop=\"image\" itemscope=\"itemscope\" itemtype=\"https:\/\/schema.org\/ImageObject\"  ><div class='avia-image-container-inner'><div class='avia-image-overlay-wrap'><img decoding=\"async\" class='wp-image-32578 avia-img-lazy-loading-not-32578 avia_image' src=\"https:\/\/radiorevelacionfm.cl\/wp-content\/uploads\/2023\/07\/whatsapp-image-2023-06-30-at-16_optimized.14.18-2.jpeg\" alt='' title='whatsapp-image-2023-06-30-at-16_optimized.14.18-2' height=\"600\" width=\"901\"  itemprop=\"thumbnailUrl\" srcset=\"https:\/\/radiorevelacionfm.cl\/wp-content\/uploads\/2023\/07\/whatsapp-image-2023-06-30-at-16_optimized.14.18-2.jpeg 901w, https:\/\/radiorevelacionfm.cl\/wp-content\/uploads\/2023\/07\/whatsapp-image-2023-06-30-at-16_optimized.14.18-2-300x200.jpeg 300w, https:\/\/radiorevelacionfm.cl\/wp-content\/uploads\/2023\/07\/whatsapp-image-2023-06-30-at-16_optimized.14.18-2-768x511.jpeg 768w, https:\/\/radiorevelacionfm.cl\/wp-content\/uploads\/2023\/07\/whatsapp-image-2023-06-30-at-16_optimized.14.18-2-705x469.jpeg 705w, https:\/\/radiorevelacionfm.cl\/wp-content\/uploads\/2023\/07\/whatsapp-image-2023-06-30-at-16_optimized.14.18-2-450x300.jpeg 450w, https:\/\/radiorevelacionfm.cl\/wp-content\/uploads\/2023\/07\/whatsapp-image-2023-06-30-at-16_optimized.14.18-2-600x400.jpeg 600w\" sizes=\"(max-width: 901px) 100vw, 901px\" \/><\/div><\/div><\/div><\/div><div class=\"flex_column av_one_full  flex_column_div av-zero-column-padding first  avia-builder-el-2  el_after_av_one_full  el_before_av_one_full  column-top-margin\" style='border-radius:0px; '><section class=\"av_textblock_section \"  itemscope=\"itemscope\" itemtype=\"https:\/\/schema.org\/BlogPosting\" itemprop=\"blogPost\" ><div class='avia_textblock  '   itemprop=\"text\" ><p class=\"v1MsoNormal v1ContentPasted0\" style=\"text-align: center;\"><span style=\"font-size: 18pt;\"><strong>Parque Nacional Queulat<\/strong>:\u00a0<b class=\"v1ContentPasted0\">Inician obras que buscan fortalecer icono de la conservaci\u00f3n y del turismo \u00a0<\/b><\/span><\/p>\n<div id=\"gtx-trans\" style=\"position: absolute; left: -50px; top: 4.31534px;\">\n<div class=\"gtx-trans-icon\"><\/div>\n<\/div>\n<\/div><\/section><\/div><div class=\"flex_column av_one_full  flex_column_div av-zero-column-padding first  avia-builder-el-4  el_after_av_one_full  el_before_av_hr  column-top-margin\" style='border-radius:0px; '><section class=\"av_textblock_section \"  itemscope=\"itemscope\" itemtype=\"https:\/\/schema.org\/BlogPosting\" itemprop=\"blogPost\" ><div class='avia_textblock  '   itemprop=\"text\" ><p class=\"v1MsoNormal v1ContentPasted0\" style=\"text-align: justify;\">Con una inversi\u00f3n de $2.554 millones provenientes del Gobierno Regional de Ays\u00e9n, En el Parque Nacional Queulat se dio inicio a obras de infraestructura y equipamiento en el Sendero Ventisquero Colgante.<\/p>\n<p class=\"v1MsoNormal v1ContentPasted0\" style=\"text-align: justify;\">Las autoridades ministeriales de Agricultura y del Ministerio de Obras P\u00fablicas destacaron el impacto que tendr\u00e1\u00a0la puesta en marcha de las obras en la proyecci\u00f3n tur\u00edstica y de conservaci\u00f3n en sinton\u00eda con los compromisos del Gobierno en torno a enfrentar de mejor manera la grave crisis de p\u00e9rdida de biodiversidad y cambio clim\u00e1tico que afecta a Chile y al planeta.<\/p>\n<p class=\"v1MsoNormal v1ContentPasted0\" style=\"text-align: justify;\">En la primera etapa del proyecto, a cargo de la empresa regional Santa Eduarda SpA, se realizar\u00e1 la construcci\u00f3n de senderos en el sector Ventisquero Colgante, as\u00ed como la mejora y construcci\u00f3n de un camino de acceso, estacionamientos y senderos panor\u00e1micos. Posteriormente, en una segunda etapa, se llevar\u00e1n a cabo mejoras en la infraestructura para los Guardaparques y visitantes, con el objetivo de establecer un Centro de Educaci\u00f3n Ambiental.<\/p>\n<p class=\"v1MsoNormal v1ContentPasted0\" style=\"text-align: justify;\">Alan Espinoza Ortiz, Seremi de Agricultura, visit\u00f3 las obras en ejecuci\u00f3n y enfatiz\u00f3 el compromiso con la conservaci\u00f3n y el turismo en el Parque Queulat.<\/p>\n<p class=\"v1MsoNormal v1ContentPasted0\" style=\"text-align: justify;\">\u00abDespu\u00e9s de la pandemia, este parque ha recibido la visita de 30,000 personas. Hoy estamos presenciando una obra que mejorar\u00e1 senderos, caminos, estacionamientos y puentes, lo que nos permitir\u00e1, junto con el Ministerio de Obras P\u00fablicas y la Direcci\u00f3n de Arquitectura, mostrar este parque a todos nuestros visitantes\u00bb, se\u00f1al\u00f3.<\/p>\n<p class=\"v1MsoNormal v1ContentPasted0\" style=\"text-align: justify;\">El Seremi del MOP, Patricio Sanhueza Ulloa, resalt\u00f3 que esta obra forma parte de una serie de iniciativas que buscan mejorar la infraestructura de las \u00e1reas silvestres protegidas del Estado. \u00abEsta es una de tres iniciativas que estamos llevando a cabo a trav\u00e9s de nuestra Direcci\u00f3n Regional de Arquitectura, las cuales destacan y generan infraestructura para visitar las \u00e1reas silvestres protegidas del Estado. La primera concluy\u00f3 el a\u00f1o pasado en el sector Rosselot, cerca de La Junta, estamos trabajando en la Cueva de Las Manos en el Parque Patagonia sector Jeinimeni, y ahora nos encontramos trabajando en el Parque Nacional Queulat\u00bb, expres\u00f3.<\/p>\n<p class=\"v1MsoNormal v1ContentPasted0\" style=\"text-align: justify;\">El parque es administrado por la Corporaci\u00f3n Nacional Forestal (CONAF), fue creado en el a\u00f1o 1983, posee una superficie de 154 mil hect\u00e1reas, donde predomina los boques siempre verdes compuesto por coig\u00fce, tepa y tep\u00fa entre otras especies end\u00e9micas, siendo reconocido como \u00edcono de la conservaci\u00f3n<\/p>\n<p class=\"v1MsoNormal v1ContentPasted0\" style=\"text-align: justify;\">En este sentido, la directora de CONAF, Loreto Pedraza Manieu, <span class=\"v1ContentPasted0\">\u00a0<\/span>destac\u00f3 que las obras de infraestructura y equipamiento contribuir\u00e1n a resaltar a facilitar la experiencia de los visitantes, promoviendo as\u00ed su conservaci\u00f3n.<\/p>\n<p class=\"v1MsoNormal v1ContentPasted0\" style=\"text-align: justify;\">\u00abCon este proyecto se va a incentivar la conservaci\u00f3n a trav\u00e9s de un v\u00ednculo estrecho de los visitantes con la naturaleza, de forma ordenada y guiada por la infraestructura. Con ello se asegura que el visitante transite por las \u00e1reas que est\u00e1n definidas para uso p\u00fablico, minimizando los riesgos de da\u00f1o hacia la naturaleza\u00bb, sostuvo.<\/p>\n<\/div><\/section><\/div><div  style='height:50px' class='hr hr-invisible   avia-builder-el-6  el_after_av_one_full  el_before_av_social_share '><span class='hr-inner ' ><span class='hr-inner-style'><\/span><\/span><\/div><\/p>\n<div  class='av-social-sharing-box  avia-builder-el-7  el_after_av_hr  el_before_av_hr  '><div class='av-share-box'><h5 class='av-share-link-description av-no-toc '>Compartir esta noticia<\/h5><ul class='av-share-box-list noLightbox'><li class='av-share-link av-social-link-facebook' ><a target=\"_blank\" aria-label=\"Compartir en Facebook\" href='https:\/\/www.facebook.com\/sharer.php?u=https:\/\/radiorevelacionfm.cl\/?p=32577&#038;t=Parque%20Nacional%20Queulat%3A%20Inician%20obras%20que%20buscan%20fortalecer%20icono%20de%20la%20conservaci%C3%B3n%20y%20del%20turismo' aria-hidden='false' data-av_icon='\ue8f3' data-av_iconfont='entypo-fontello' title='' data-avia-related-tooltip='Compartir en Facebook' rel=\"noopener\"><span class='avia_hidden_link_text'>Compartir en Facebook<\/span><\/a><\/li><li class='av-share-link av-social-link-twitter' ><a target=\"_blank\" aria-label=\"Compartir en Twitter\" href='https:\/\/twitter.com\/share?text=Parque%20Nacional%20Queulat%3A%20Inician%20obras%20que%20buscan%20fortalecer%20icono%20de%20la%20conservaci%C3%B3n%20y%20del%20turismo&#038;url=https:\/\/radiorevelacionfm.cl\/?p=32577' aria-hidden='false' data-av_icon='\ue8f1' data-av_iconfont='entypo-fontello' title='' data-avia-related-tooltip='Compartir en Twitter' rel=\"noopener\"><span class='avia_hidden_link_text'>Compartir en Twitter<\/span><\/a><\/li><li class='av-share-link av-social-link-whatsapp' ><a target=\"_blank\" aria-label=\"Compartir en Whatsapp\" href='https:\/\/api.whatsapp.com\/send?text=https:\/\/radiorevelacionfm.cl\/?p=32577' aria-hidden='false' data-av_icon='\uf232' data-av_iconfont='entypo-fontello' title='' data-avia-related-tooltip='Compartir en Whatsapp' rel=\"noopener\"><span class='avia_hidden_link_text'>Compartir en Whatsapp<\/span><\/a><\/li><li class='av-share-link av-social-link-linkedin' ><a target=\"_blank\" aria-label=\"Compartir en LinkedIn\" href='https:\/\/linkedin.com\/shareArticle?mini=true&#038;title=Parque%20Nacional%20Queulat%3A%20Inician%20obras%20que%20buscan%20fortalecer%20icono%20de%20la%20conservaci%C3%B3n%20y%20del%20turismo&#038;url=https:\/\/radiorevelacionfm.cl\/?p=32577' aria-hidden='false' data-av_icon='\ue8fc' data-av_iconfont='entypo-fontello' title='' data-avia-related-tooltip='Compartir en LinkedIn' rel=\"noopener\"><span class='avia_hidden_link_text'>Compartir en LinkedIn<\/span><\/a><\/li><li class='av-share-link av-social-link-mail' ><a  aria-label=\"Compartir por correo\" href='mailto:?subject=Parque%20Nacional%20Queulat%3A%20Inician%20obras%20que%20buscan%20fortalecer%20icono%20de%20la%20conservaci%C3%B3n%20y%20del%20turismo&#038;body=https:\/\/radiorevelacionfm.cl\/?p=32577' aria-hidden='false' data-av_icon='\ue805' data-av_iconfont='entypo-fontello' title='' data-avia-related-tooltip='Compartir por correo'><span class='avia_hidden_link_text'>Compartir por correo<\/span><\/a><\/li><\/ul><\/div><\/div>\n<div  style='height:50px' class='hr hr-invisible   avia-builder-el-8  el_after_av_social_share  el_before_av_comments_list '><span class='hr-inner ' ><span class='hr-inner-style'><\/span><\/span><\/div>\n<div  class='av-buildercomment  av-blog-meta-html-info-disabled av-blog-meta-tag-disabled  '><\/div>\n","protected":false},"excerpt":{"rendered":"","protected":false},"author":1,"featured_media":32578,"comment_status":"open","ping_status":"open","sticky":false,"template":"","format":"standard","meta":{"footnotes":""},"categories":[54],"tags":[],"class_list":["post-32577","post","type-post","status-publish","format-standard","has-post-thumbnail","hentry","category-turismo"],"jetpack_featured_media_url":"https:\/\/radiorevelacionfm.cl\/wp-content\/uploads\/2023\/07\/whatsapp-image-2023-06-30-at-16_optimized.14.18-2.jpeg","_links":{"self":[{"href":"https:\/\/radiorevelacionfm.cl\/index.php?rest_route=\/wp\/v2\/posts\/32577","targetHints":{"allow":["GET"]}}],"collection":[{"href":"https:\/\/radiorevelacionfm.cl\/index.php?rest_route=\/wp\/v2\/posts"}],"about":[{"href":"https:\/\/radiorevelacionfm.cl\/index.php?rest_route=\/wp\/v2\/types\/post"}],"author":[{"embeddable":true,"href":"https:\/\/radiorevelacionfm.cl\/index.php?rest_route=\/wp\/v2\/users\/1"}],"replies":[{"embeddable":true,"href":"https:\/\/radiorevelacionfm.cl\/index.php?rest_route=%2Fwp%2Fv2%2Fcomments&post=32577"}],"version-history":[{"count":1,"href":"https:\/\/radiorevelacionfm.cl\/index.php?rest_route=\/wp\/v2\/posts\/32577\/revisions"}],"predecessor-version":[{"id":32579,"href":"https:\/\/radiorevelacionfm.cl\/index.php?rest_route=\/wp\/v2\/posts\/32577\/revisions\/32579"}],"wp:featuredmedia":[{"embeddable":true,"href":"https:\/\/radiorevelacionfm.cl\/index.php?rest_route=\/wp\/v2\/media\/32578"}],"wp:attachment":[{"href":"https:\/\/radiorevelacionfm.cl\/index.php?rest_route=%2Fwp%2Fv2%2Fmedia&parent=32577"}],"wp:term":[{"taxonomy":"category","embeddable":true,"href":"https:\/\/radiorevelacionfm.cl\/index.php?rest_route=%2Fwp%2Fv2%2Fcategories&post=32577"},{"taxonomy":"post_tag","embeddable":true,"href":"https:\/\/radiorevelacionfm.cl\/index.php?rest_route=%2Fwp%2Fv2%2Ftags&post=32577"}],"curies":[{"name":"wp","href":"https:\/\/api.w.org\/{rel}","templated":true}]}}