{"id":32574,"date":"2023-07-02T21:13:52","date_gmt":"2023-07-03T00:13:52","guid":{"rendered":"https:\/\/radiorevelacionfm.cl\/?p=32574"},"modified":"2023-07-02T21:33:55","modified_gmt":"2023-07-03T00:33:55","slug":"equipos-de-educacion-visitaron-establecimientos-de-raul-marin-balmaceda-puyuhuapi-y-puerto-cisnes","status":"publish","type":"post","link":"https:\/\/radiorevelacionfm.cl\/?p=32574","title":{"rendered":"Equipo de Educaci\u00f3n visit\u00f3 establecimientos de Ra\u00fal Mar\u00edn Balmaceda, Puyuhuapi y Puerto Cisnes"},"content":{"rendered":"<div class=\"flex_column av_one_full  flex_column_div av-zero-column-padding first  avia-builder-el-0  el_before_av_one_full  avia-builder-el-first  \" style='border-radius:0px; '><div  class='avia-image-container  av-styling-    avia-builder-el-1  avia-builder-el-no-sibling  avia-align-center '  itemprop=\"image\" itemscope=\"itemscope\" itemtype=\"https:\/\/schema.org\/ImageObject\"  ><div class='avia-image-container-inner'><div class='avia-image-overlay-wrap'><img decoding=\"async\" class='wp-image-32575 avia-img-lazy-loading-not-32575 avia_image' src=\"https:\/\/radiorevelacionfm.cl\/wp-content\/uploads\/2023\/07\/puyuhuapi-2-2-2.jpg\" alt='' title='puyuhuapi-2-2-2' height=\"600\" width=\"800\"  itemprop=\"thumbnailUrl\" srcset=\"https:\/\/radiorevelacionfm.cl\/wp-content\/uploads\/2023\/07\/puyuhuapi-2-2-2.jpg 800w, https:\/\/radiorevelacionfm.cl\/wp-content\/uploads\/2023\/07\/puyuhuapi-2-2-2-300x225.jpg 300w, https:\/\/radiorevelacionfm.cl\/wp-content\/uploads\/2023\/07\/puyuhuapi-2-2-2-768x576.jpg 768w, https:\/\/radiorevelacionfm.cl\/wp-content\/uploads\/2023\/07\/puyuhuapi-2-2-2-705x529.jpg 705w, https:\/\/radiorevelacionfm.cl\/wp-content\/uploads\/2023\/07\/puyuhuapi-2-2-2-450x338.jpg 450w, https:\/\/radiorevelacionfm.cl\/wp-content\/uploads\/2023\/07\/puyuhuapi-2-2-2-600x450.jpg 600w\" sizes=\"(max-width: 800px) 100vw, 800px\" \/><\/div><\/div><\/div><\/div>\n<div class=\"flex_column av_one_full  flex_column_div av-zero-column-padding first  avia-builder-el-2  el_after_av_one_full  el_before_av_one_full  column-top-margin\" style='border-radius:0px; '><section class=\"av_textblock_section \"  itemscope=\"itemscope\" itemtype=\"https:\/\/schema.org\/BlogPosting\" itemprop=\"blogPost\" ><div class='avia_textblock  '   itemprop=\"text\" ><p style=\"text-align: center;\"><strong><span style=\"font-size: 18pt;\">Equipo de Educaci\u00f3n visit\u00f3 establecimientos de Ra\u00fal Mar\u00edn Balmaceda, Puyuhuapi y Puerto Cisnes <\/span><\/strong><\/p>\n<div id=\"gtx-trans\" style=\"position: absolute; left: -50px; top: 4.31534px;\">\n<div class=\"gtx-trans-icon\"><\/div>\n<\/div>\n<\/div><\/section><\/div><div class=\"flex_column av_one_full  flex_column_div av-zero-column-padding first  avia-builder-el-4  el_after_av_one_full  el_before_av_hr  column-top-margin\" style='border-radius:0px; '><section class=\"av_textblock_section \"  itemscope=\"itemscope\" itemtype=\"https:\/\/schema.org\/BlogPosting\" itemprop=\"blogPost\" ><div class='avia_textblock  '   itemprop=\"text\" ><p class=\"v1MsoNormal\" style=\"text-align: justify;\">En el marco del trabajo en terreno en la zona norte la SEREMI Isabel Garrido, junto al Jefe de Planificaci\u00f3n de la Secreduc Claudio Rivera recorrieron las localidades de Ra\u00fal Mar\u00edn Balmaceda, Puyuhuapi y Puerto Cisnes de la comuna de Cisnes.<\/p>\n<p class=\"v1MsoNormal\" style=\"text-align: justify;\">En su primera jornada de trabajo Isabel Garrido y el equipo SECREDUC\u00a0 concurrieron a la Escuela Amanda Labarca de Puerto Ra\u00fal Marin Balmaceda, donde convers\u00f3 con el director del establecimiento Marcelo Godoy, los\u00a0 profesores y apoderadas sobre el despliegue del plan de Reactivaci\u00f3n Educativa que impulsa el Ministerio de Educaci\u00f3n. Tambi\u00e9n recorri\u00f3 las dependencias del plantel para abordar en terreno los desaf\u00edos pendientes en materia de infraestructura escolar.<\/p>\n<p class=\"v1MsoNormal\" style=\"text-align: justify;\">Tambi\u00e9n en la localidad de Ra\u00fal Mar\u00edn Balmaceda la SEREMI y Jefe de Planificaci\u00f3n visitaron las obras de conservaci\u00f3n del Jard\u00edn Infantil y sala cuna Cuncunita de JUNJI, y conversaron con la directora Marilyn Illesca sobre el mejoramiento de infraestructura que se est\u00e1 desarrollando durante el presente a\u00f1o.<\/p>\n<p class=\"v1MsoNormal\" style=\"text-align: justify;\">La siguiente estaci\u00f3n del periplo fue Puyuhuapi, espec\u00edficamente\u00a0 la Escuela Hamburgo, donde junto al equipo directivo y docente que lidera Elizabeth Hern\u00e1ndez compartieron un balance del primer semestre del a\u00f1o escolar con \u00e9nfasis en la reactivaci\u00f3n educativa. Tambi\u00e9n conocieron los proyectos y estrategias pedag\u00f3gicas innovadoras que est\u00e1n aplicado en aula y tomaron nota de requerimientos de infraestructura del establecimiento.<\/p>\n<p class=\"v1MsoNormal\" style=\"text-align: justify;\">En la tercera y \u00faltima jornada del despliegue en terreno, Isabel Garrido acompa\u00f1\u00f3 a la Escuela Guido G\u00f3mez Mu\u00f1oz de Puerto Cisnes que se encontraba en jornada de evaluaci\u00f3n del primer semestre lectivo y planificaci\u00f3n del segundo. Al dirigir un saludo a los docentes y asistentes de la educaci\u00f3n, motiv\u00f3 a los integrantes de esa comunidad educativa a ser protagonistas centrales de la Reactivaci\u00f3n Educativa.<\/p>\n<p class=\"v1MsoNormal\" style=\"text-align: justify;\">La jornada de trabajo concluy\u00f3 con una reuni\u00f3n con el equipo de Planificaci\u00f3n de la Municipalidad de Cisnes y profesionales del equipo t\u00e9cnico y de infraestructura del Servicio Local de Educaci\u00f3n P\u00fablica de Ays\u00e9n para ver detalles de los proyectos de mejoramiento de infraestructura de establecimientos educacionales de la comuna, de modo de asegurar el correcto traspaso de los planteles al SLEP en enero de 2024.<\/p>\n<p class=\"v1MsoNormal\" style=\"text-align: justify;\">Al hacer una evaluaci\u00f3n de la visita a los establecimientos educacionales la SEREMI Isabel Garrido expres\u00f3: \u00abEl Ministerio de Educaci\u00f3n est\u00e1 comprometido con la reactivaci\u00f3n de todo el sistema educacional del pa\u00eds. Por ello, queremos acompa\u00f1ar a las comunidades educativas en el proceso de an\u00e1lisis y planificaci\u00f3n que est\u00e1n realizando. El compromiso del ministerio se materializa en el conjunto de acciones que estamos desarrollando para mejorar la convivencia escolar y la salud mental, fortalecer los aprendizajes de manera integral y apoyar la revinculaci\u00f3n y asistencia de ni\u00f1os, ni\u00f1as, j\u00f3venes y adultos\u00bb<\/p>\n<p class=\"v1MsoNormal\" style=\"text-align: justify;\">Entre las iniciativas que el Mineduc est\u00e1 desarrollando est\u00e1n el programa \u00abA Convivir se Aprende\u00bb, la Estrategia para la Reactivaci\u00f3n de la Lectura, la Estrategia para la Reactivaci\u00f3n de la Matem\u00e1tica, los proyectos de infraestructura escolar, los reportes peri\u00f3dicos de asistencia y revinculaci\u00f3n para sostenedores y directivos y la contrataci\u00f3n de especialistas a lo largo del pa\u00eds, para apoyar en la mejora de la asistencia y revinculaci\u00f3n.<\/p>\n<p class=\"v1MsoNormal\" style=\"text-align: justify;\">\u00abTodas las iniciativas, muchas de las cuales comenzamos a desarrollar el a\u00f1o pasado o en marzo, estar\u00e1n en pleno desarrollo durante el segundo semestre y esperamos, constituyan un apoyo para las comunidades. Para acompa\u00f1ar el trabajo docente en el aula, hemos buscado y desarrollado un conjunto de recursos que tienen como objetivo entregarles a profesores y profesoras herramientas que faciliten y enriquezcan su tarea en las \u00e1reas de Lenguaje y Matem\u00e1ticas. Estos recursos gratuitos y de acceso universal est\u00e1n disponibles en <a href=\"https:\/\/www.curriculumnacional.cl\/portal\/Recursos-Reactivacion-Educativa\/\" target=\"_blank\" rel=\"noopener noreferrer\">https:\/\/www.curriculumnacional.cl\/portal\/Recursos-Reactivacion-Educativa\/<\/a>\u00ab.<\/p>\n<\/div><\/section><\/div><div  style='height:50px' class='hr hr-invisible   avia-builder-el-6  el_after_av_one_full  el_before_av_social_share '><span class='hr-inner ' ><span class='hr-inner-style'><\/span><\/span><\/div><\/p>\n<div  class='av-social-sharing-box  avia-builder-el-7  el_after_av_hr  el_before_av_hr  '><div class='av-share-box'><h5 class='av-share-link-description av-no-toc '>Compartir esta noticia<\/h5><ul class='av-share-box-list noLightbox'><li class='av-share-link av-social-link-facebook' ><a target=\"_blank\" aria-label=\"Compartir en Facebook\" href='https:\/\/www.facebook.com\/sharer.php?u=https:\/\/radiorevelacionfm.cl\/?p=32574&#038;t=Equipo%20de%20Educaci%C3%B3n%20visit%C3%B3%20establecimientos%20de%20Ra%C3%BAl%20Mar%C3%ADn%20Balmaceda%2C%20Puyuhuapi%20y%20Puerto%20Cisnes' aria-hidden='false' data-av_icon='\ue8f3' data-av_iconfont='entypo-fontello' title='' data-avia-related-tooltip='Compartir en Facebook' rel=\"noopener\"><span class='avia_hidden_link_text'>Compartir en Facebook<\/span><\/a><\/li><li class='av-share-link av-social-link-twitter' ><a target=\"_blank\" aria-label=\"Compartir en Twitter\" href='https:\/\/twitter.com\/share?text=Equipo%20de%20Educaci%C3%B3n%20visit%C3%B3%20establecimientos%20de%20Ra%C3%BAl%20Mar%C3%ADn%20Balmaceda%2C%20Puyuhuapi%20y%20Puerto%20Cisnes&#038;url=https:\/\/radiorevelacionfm.cl\/?p=32574' aria-hidden='false' data-av_icon='\ue8f1' data-av_iconfont='entypo-fontello' title='' data-avia-related-tooltip='Compartir en Twitter' rel=\"noopener\"><span class='avia_hidden_link_text'>Compartir en Twitter<\/span><\/a><\/li><li class='av-share-link av-social-link-whatsapp' ><a target=\"_blank\" aria-label=\"Compartir en Whatsapp\" href='https:\/\/api.whatsapp.com\/send?text=https:\/\/radiorevelacionfm.cl\/?p=32574' aria-hidden='false' data-av_icon='\uf232' data-av_iconfont='entypo-fontello' title='' data-avia-related-tooltip='Compartir en Whatsapp' rel=\"noopener\"><span class='avia_hidden_link_text'>Compartir en Whatsapp<\/span><\/a><\/li><li class='av-share-link av-social-link-linkedin' ><a target=\"_blank\" aria-label=\"Compartir en LinkedIn\" href='https:\/\/linkedin.com\/shareArticle?mini=true&#038;title=Equipo%20de%20Educaci%C3%B3n%20visit%C3%B3%20establecimientos%20de%20Ra%C3%BAl%20Mar%C3%ADn%20Balmaceda%2C%20Puyuhuapi%20y%20Puerto%20Cisnes&#038;url=https:\/\/radiorevelacionfm.cl\/?p=32574' aria-hidden='false' data-av_icon='\ue8fc' data-av_iconfont='entypo-fontello' title='' data-avia-related-tooltip='Compartir en LinkedIn' rel=\"noopener\"><span class='avia_hidden_link_text'>Compartir en LinkedIn<\/span><\/a><\/li><li class='av-share-link av-social-link-mail' ><a  aria-label=\"Compartir por correo\" href='mailto:?subject=Equipo%20de%20Educaci%C3%B3n%20visit%C3%B3%20establecimientos%20de%20Ra%C3%BAl%20Mar%C3%ADn%20Balmaceda%2C%20Puyuhuapi%20y%20Puerto%20Cisnes&#038;body=https:\/\/radiorevelacionfm.cl\/?p=32574' aria-hidden='false' data-av_icon='\ue805' data-av_iconfont='entypo-fontello' title='' data-avia-related-tooltip='Compartir por correo'><span class='avia_hidden_link_text'>Compartir por correo<\/span><\/a><\/li><\/ul><\/div><\/div>\n<div  style='height:50px' class='hr hr-invisible   avia-builder-el-8  el_after_av_social_share  el_before_av_comments_list '><span class='hr-inner ' ><span class='hr-inner-style'><\/span><\/span><\/div>\n<div  class='av-buildercomment  av-blog-meta-html-info-disabled av-blog-meta-tag-disabled  '><\/div>\n","protected":false},"excerpt":{"rendered":"","protected":false},"author":1,"featured_media":32575,"comment_status":"open","ping_status":"open","sticky":false,"template":"","format":"standard","meta":{"footnotes":""},"categories":[49],"tags":[],"class_list":["post-32574","post","type-post","status-publish","format-standard","has-post-thumbnail","hentry","category-educacion"],"jetpack_featured_media_url":"https:\/\/radiorevelacionfm.cl\/wp-content\/uploads\/2023\/07\/puyuhuapi-2-2-2.jpg","_links":{"self":[{"href":"https:\/\/radiorevelacionfm.cl\/index.php?rest_route=\/wp\/v2\/posts\/32574","targetHints":{"allow":["GET"]}}],"collection":[{"href":"https:\/\/radiorevelacionfm.cl\/index.php?rest_route=\/wp\/v2\/posts"}],"about":[{"href":"https:\/\/radiorevelacionfm.cl\/index.php?rest_route=\/wp\/v2\/types\/post"}],"author":[{"embeddable":true,"href":"https:\/\/radiorevelacionfm.cl\/index.php?rest_route=\/wp\/v2\/users\/1"}],"replies":[{"embeddable":true,"href":"https:\/\/radiorevelacionfm.cl\/index.php?rest_route=%2Fwp%2Fv2%2Fcomments&post=32574"}],"version-history":[{"count":3,"href":"https:\/\/radiorevelacionfm.cl\/index.php?rest_route=\/wp\/v2\/posts\/32574\/revisions"}],"predecessor-version":[{"id":32585,"href":"https:\/\/radiorevelacionfm.cl\/index.php?rest_route=\/wp\/v2\/posts\/32574\/revisions\/32585"}],"wp:featuredmedia":[{"embeddable":true,"href":"https:\/\/radiorevelacionfm.cl\/index.php?rest_route=\/wp\/v2\/media\/32575"}],"wp:attachment":[{"href":"https:\/\/radiorevelacionfm.cl\/index.php?rest_route=%2Fwp%2Fv2%2Fmedia&parent=32574"}],"wp:term":[{"taxonomy":"category","embeddable":true,"href":"https:\/\/radiorevelacionfm.cl\/index.php?rest_route=%2Fwp%2Fv2%2Fcategories&post=32574"},{"taxonomy":"post_tag","embeddable":true,"href":"https:\/\/radiorevelacionfm.cl\/index.php?rest_route=%2Fwp%2Fv2%2Ftags&post=32574"}],"curies":[{"name":"wp","href":"https:\/\/api.w.org\/{rel}","templated":true}]}}