{"id":32570,"date":"2023-07-02T18:50:09","date_gmt":"2023-07-02T21:50:09","guid":{"rendered":"https:\/\/radiorevelacionfm.cl\/?p=32570"},"modified":"2023-07-02T18:50:09","modified_gmt":"2023-07-02T21:50:09","slug":"evaluan-proyecto-de-parque-educativo-en-el-sector-el-blanco","status":"publish","type":"post","link":"https:\/\/radiorevelacionfm.cl\/?p=32570","title":{"rendered":"Eval\u00faan proyecto de parque educativo en el sector El Blanco"},"content":{"rendered":"<div class=\"flex_column av_one_full  flex_column_div av-zero-column-padding first  avia-builder-el-0  el_before_av_one_full  avia-builder-el-first  \" style='border-radius:0px; '><div  class='avia-image-container  av-styling-    avia-builder-el-1  avia-builder-el-no-sibling  avia-align-center '  itemprop=\"image\" itemscope=\"itemscope\" itemtype=\"https:\/\/schema.org\/ImageObject\"  ><div class='avia-image-container-inner'><div class='avia-image-overlay-wrap'><img decoding=\"async\" class='wp-image-32571 avia-img-lazy-loading-not-32571 avia_image' src=\"https:\/\/radiorevelacionfm.cl\/wp-content\/uploads\/2023\/07\/20230615165008_img_8025-2_optimized.jpg\" alt='' title='20230615165008_img_8025-2_optimized' height=\"600\" width=\"900\"  itemprop=\"thumbnailUrl\" srcset=\"https:\/\/radiorevelacionfm.cl\/wp-content\/uploads\/2023\/07\/20230615165008_img_8025-2_optimized.jpg 900w, https:\/\/radiorevelacionfm.cl\/wp-content\/uploads\/2023\/07\/20230615165008_img_8025-2_optimized-300x200.jpg 300w, https:\/\/radiorevelacionfm.cl\/wp-content\/uploads\/2023\/07\/20230615165008_img_8025-2_optimized-768x512.jpg 768w, https:\/\/radiorevelacionfm.cl\/wp-content\/uploads\/2023\/07\/20230615165008_img_8025-2_optimized-705x470.jpg 705w, https:\/\/radiorevelacionfm.cl\/wp-content\/uploads\/2023\/07\/20230615165008_img_8025-2_optimized-450x300.jpg 450w, https:\/\/radiorevelacionfm.cl\/wp-content\/uploads\/2023\/07\/20230615165008_img_8025-2_optimized-600x400.jpg 600w\" sizes=\"(max-width: 900px) 100vw, 900px\" \/><\/div><\/div><\/div><\/div><div class=\"flex_column av_one_full  flex_column_div av-zero-column-padding first  avia-builder-el-2  el_after_av_one_full  el_before_av_one_full  column-top-margin\" style='border-radius:0px; '><section class=\"av_textblock_section \"  itemscope=\"itemscope\" itemtype=\"https:\/\/schema.org\/BlogPosting\" itemprop=\"blogPost\" ><div class='avia_textblock  '   itemprop=\"text\" ><p style=\"text-align: center;\"><span style=\"font-size: 18pt;\"><strong>Eval\u00faan proyecto de parque educativo en el sector El Blanco<\/strong><\/span><\/p>\n<div id=\"gtx-trans\" style=\"position: absolute; left: -50px; top: 4.31534px;\">\n<div class=\"gtx-trans-icon\"><\/div>\n<\/div>\n<\/div><\/section><\/div><\/p>\n<div class=\"flex_column av_one_full  flex_column_div av-zero-column-padding first  avia-builder-el-4  el_after_av_one_full  el_before_av_hr  column-top-margin\" style='border-radius:0px; '><section class=\"av_textblock_section \"  itemscope=\"itemscope\" itemtype=\"https:\/\/schema.org\/BlogPosting\" itemprop=\"blogPost\" ><div class='avia_textblock  '   itemprop=\"text\" ><p style=\"text-align: justify;\">El proyecto de un parque educativo, que restaurar\u00eda con especies nativas un terreno de 50 hect\u00e1reas que se quemaron durante el siniestro forestal de 2019 en el sector El Blanco, presentaron al delegado presidencial regional de Ays\u00e9n, Rodrigo Araya, docentes de la Escuela Rural R\u00edo Blanco y representantes de la Direcci\u00f3n de Educaci\u00f3n Municipal -DEM-, del Servicio Local de Educaci\u00f3n P\u00fablica -SLEP-, y de la Compa\u00f1\u00eda Manufacturera de Papeles y Cartones -CMPC-. La iniciativa, involucrar\u00eda a la comunidad en el dise\u00f1o de este parque, beneficiando principalmente a los estudiantes del establecimiento.<\/p>\n<p style=\"text-align: justify;\">Paula Miranda, profesora encargada de la Escuela Rural R\u00edo Blanco, coment\u00f3 que este proyecto es un sue\u00f1o, tanto para la localidad, como para los 51 j\u00f3venes que conviven en el establecimiento, que consiste una reserva educativa dise\u00f1ada por los mismos estudiantes y que favorecer\u00eda al desarrollo tecnol\u00f3gico e investigativo de los habitantes del sector.<\/p>\n<p style=\"text-align: justify;\">\u201cSon 50 hect\u00e1reas de terreno, las que ser\u00edan dadas en comodato para que se puedan realizar este tipo de proyectos. La ayuda de nuestro delegado es que las seremis nos puedan apoyar con este sue\u00f1o, que consiste en que haya un centro de investigaci\u00f3n tecnol\u00f3gica accesible a los ni\u00f1os y j\u00f3venes; que puedan hacer ciencia y tecnolog\u00eda observando su entorno y que tengan herramientas para poder crear proyectos socioambientales\u201d, explic\u00f3 la docente, agradeciendo la posibilidad de recuperar el suelo siniestrado.<\/p>\n<p style=\"text-align: justify;\">Por su parte, Rodrigo Araya, delegado presidencial regional, puso en valor el trabajo de la escuela de reforzar en sus alumnos el inter\u00e9s por el desarrollo tecnol\u00f3gico, reconociendo la participaci\u00f3n del establecimiento en competencias relacionadas, por ejemplo, con la presentaci\u00f3n del anillo <em>\u201cHuemul Safe\u201d<\/em> -dise\u00f1o de alerta visual para evitar el atropello de fauna silvestre en la carretera- en el Congreso Explora de 2021.<\/p>\n<p style=\"text-align: justify;\">\u201cLo que nos vienen a solicitar es que nosotros colaboremos con apoyo desde las instituciones que tienen que ver con esto, por ejemplo, la seremi de Medio Ambiente, la seremi de Ciencias, la seremi de Educaci\u00f3n, Obras P\u00fablicas y aquellas que tengan relaci\u00f3n con c\u00f3mo se puede dise\u00f1ar ese entorno, pero tambi\u00e9n, respecto a c\u00f3mo podemos interactuar con otras instituciones que tengan que ver con las ciencias y la tecnolog\u00eda y con los alumnos de la regi\u00f3n. Por eso, tambi\u00e9n, en la reuni\u00f3n, estuvo el DEM y el SLEP, el Servicio Local de Educaci\u00f3n P\u00fablica, que se har\u00e1 cargo de la educaci\u00f3n p\u00fablica a partir del pr\u00f3ximo a\u00f1o\u201d, se\u00f1al\u00f3 la m\u00e1xima autoridad del gobierno en la regi\u00f3n Ays\u00e9n.<\/p>\n<p style=\"text-align: justify;\">Al mismo tiempo, Rodric Jara, jefe de \u00e1rea patrimonio y relacionamiento Coyhaique y encargado de CMPC en la regi\u00f3n, dio m\u00e1s antecedentes sobre la idea de vincular a los estudiantes de la Escuela Rural R\u00edo Blanco con el dise\u00f1o de este proyecto.<\/p>\n<p style=\"text-align: justify;\">\u201cEl proyecto consiste en crear una reversa ecol\u00f3gica cient\u00edfica. Esto viene de la mano en que hay que hacer una plantaci\u00f3n despu\u00e9s de un incendio, la cual van a dise\u00f1ar los mismos ni\u00f1os del colegio. Queremos darle ese <em>plus, <\/em>que los ni\u00f1os puedan dise\u00f1ar esta plantaci\u00f3n, con senderos, miradores, pero, adem\u00e1s, vincular tambi\u00e9n a la comunidad en esta reserva, que la gente que pasa por la carretera pueda entrar a El Blanco, d\u00e1ndole un <em>plus <\/em>de desarrollo a esta localidad, en la cual, muchas veces, los ni\u00f1os, se sienten un poco lejanos de lo que es su propia cotidianidad\u201d, afirm\u00f3 Jara.<\/p>\n<p style=\"text-align: justify;\">Esta iniciativa, no solo representa un incentivo a la restauraci\u00f3n del da\u00f1o provocado por el incendio de 2019 en el sector, sino tambi\u00e9n, un refuerzo a las ideas de la comunidad, fortaleciendo el proyecto educativo local.<\/p>\n<\/div><\/section><\/div>\n<div  style='height:50px' class='hr hr-invisible   avia-builder-el-6  el_after_av_one_full  el_before_av_social_share '><span class='hr-inner ' ><span class='hr-inner-style'><\/span><\/span><\/div>\n<div  class='av-social-sharing-box  avia-builder-el-7  el_after_av_hr  el_before_av_hr  '><div class='av-share-box'><h5 class='av-share-link-description av-no-toc '>Compartir esta noticia<\/h5><ul class='av-share-box-list noLightbox'><li class='av-share-link av-social-link-facebook' ><a target=\"_blank\" aria-label=\"Compartir en Facebook\" href='https:\/\/www.facebook.com\/sharer.php?u=https:\/\/radiorevelacionfm.cl\/?p=32570&#038;t=Eval%C3%BAan%20proyecto%20de%20parque%20educativo%20en%20el%20sector%20El%20Blanco' aria-hidden='false' data-av_icon='\ue8f3' data-av_iconfont='entypo-fontello' title='' data-avia-related-tooltip='Compartir en Facebook' rel=\"noopener\"><span class='avia_hidden_link_text'>Compartir en Facebook<\/span><\/a><\/li><li class='av-share-link av-social-link-twitter' ><a target=\"_blank\" aria-label=\"Compartir en Twitter\" href='https:\/\/twitter.com\/share?text=Eval%C3%BAan%20proyecto%20de%20parque%20educativo%20en%20el%20sector%20El%20Blanco&#038;url=https:\/\/radiorevelacionfm.cl\/?p=32570' aria-hidden='false' data-av_icon='\ue8f1' data-av_iconfont='entypo-fontello' title='' data-avia-related-tooltip='Compartir en Twitter' rel=\"noopener\"><span class='avia_hidden_link_text'>Compartir en Twitter<\/span><\/a><\/li><li class='av-share-link av-social-link-whatsapp' ><a target=\"_blank\" aria-label=\"Compartir en Whatsapp\" href='https:\/\/api.whatsapp.com\/send?text=https:\/\/radiorevelacionfm.cl\/?p=32570' aria-hidden='false' data-av_icon='\uf232' data-av_iconfont='entypo-fontello' title='' data-avia-related-tooltip='Compartir en Whatsapp' rel=\"noopener\"><span class='avia_hidden_link_text'>Compartir en Whatsapp<\/span><\/a><\/li><li class='av-share-link av-social-link-linkedin' ><a target=\"_blank\" aria-label=\"Compartir en LinkedIn\" href='https:\/\/linkedin.com\/shareArticle?mini=true&#038;title=Eval%C3%BAan%20proyecto%20de%20parque%20educativo%20en%20el%20sector%20El%20Blanco&#038;url=https:\/\/radiorevelacionfm.cl\/?p=32570' aria-hidden='false' data-av_icon='\ue8fc' data-av_iconfont='entypo-fontello' title='' data-avia-related-tooltip='Compartir en LinkedIn' rel=\"noopener\"><span class='avia_hidden_link_text'>Compartir en LinkedIn<\/span><\/a><\/li><li class='av-share-link av-social-link-mail' ><a  aria-label=\"Compartir por correo\" href='mailto:?subject=Eval%C3%BAan%20proyecto%20de%20parque%20educativo%20en%20el%20sector%20El%20Blanco&#038;body=https:\/\/radiorevelacionfm.cl\/?p=32570' aria-hidden='false' data-av_icon='\ue805' data-av_iconfont='entypo-fontello' title='' data-avia-related-tooltip='Compartir por correo'><span class='avia_hidden_link_text'>Compartir por correo<\/span><\/a><\/li><\/ul><\/div><\/div>\n<div  style='height:50px' class='hr hr-invisible   avia-builder-el-8  el_after_av_social_share  el_before_av_comments_list '><span class='hr-inner ' ><span class='hr-inner-style'><\/span><\/span><\/div>\n<div  class='av-buildercomment  av-blog-meta-html-info-disabled av-blog-meta-tag-disabled  '><\/div>\n","protected":false},"excerpt":{"rendered":"","protected":false},"author":1,"featured_media":32571,"comment_status":"open","ping_status":"open","sticky":false,"template":"","format":"standard","meta":{"footnotes":""},"categories":[38],"tags":[],"class_list":["post-32570","post","type-post","status-publish","format-standard","has-post-thumbnail","hentry","category-regional"],"jetpack_featured_media_url":"https:\/\/radiorevelacionfm.cl\/wp-content\/uploads\/2023\/07\/20230615165008_img_8025-2_optimized.jpg","_links":{"self":[{"href":"https:\/\/radiorevelacionfm.cl\/index.php?rest_route=\/wp\/v2\/posts\/32570","targetHints":{"allow":["GET"]}}],"collection":[{"href":"https:\/\/radiorevelacionfm.cl\/index.php?rest_route=\/wp\/v2\/posts"}],"about":[{"href":"https:\/\/radiorevelacionfm.cl\/index.php?rest_route=\/wp\/v2\/types\/post"}],"author":[{"embeddable":true,"href":"https:\/\/radiorevelacionfm.cl\/index.php?rest_route=\/wp\/v2\/users\/1"}],"replies":[{"embeddable":true,"href":"https:\/\/radiorevelacionfm.cl\/index.php?rest_route=%2Fwp%2Fv2%2Fcomments&post=32570"}],"version-history":[{"count":2,"href":"https:\/\/radiorevelacionfm.cl\/index.php?rest_route=\/wp\/v2\/posts\/32570\/revisions"}],"predecessor-version":[{"id":32573,"href":"https:\/\/radiorevelacionfm.cl\/index.php?rest_route=\/wp\/v2\/posts\/32570\/revisions\/32573"}],"wp:featuredmedia":[{"embeddable":true,"href":"https:\/\/radiorevelacionfm.cl\/index.php?rest_route=\/wp\/v2\/media\/32571"}],"wp:attachment":[{"href":"https:\/\/radiorevelacionfm.cl\/index.php?rest_route=%2Fwp%2Fv2%2Fmedia&parent=32570"}],"wp:term":[{"taxonomy":"category","embeddable":true,"href":"https:\/\/radiorevelacionfm.cl\/index.php?rest_route=%2Fwp%2Fv2%2Fcategories&post=32570"},{"taxonomy":"post_tag","embeddable":true,"href":"https:\/\/radiorevelacionfm.cl\/index.php?rest_route=%2Fwp%2Fv2%2Ftags&post=32570"}],"curies":[{"name":"wp","href":"https:\/\/api.w.org\/{rel}","templated":true}]}}