{"id":32567,"date":"2023-07-02T18:31:39","date_gmt":"2023-07-02T21:31:39","guid":{"rendered":"https:\/\/radiorevelacionfm.cl\/?p=32567"},"modified":"2023-07-02T18:31:39","modified_gmt":"2023-07-02T21:31:39","slug":"municipalidad-de-guaitecas-firma-convenio-con-naviera-austral-y-huella-local-para-desarrollar-proyectos-destinados-a-la-comunidad","status":"publish","type":"post","link":"https:\/\/radiorevelacionfm.cl\/?p=32567","title":{"rendered":"Municipalidad de Guaitecas firma convenio con Naviera Austral y Huella Local para desarrollar proyectos destinados a la comunidad"},"content":{"rendered":"<div class=\"flex_column av_one_full  flex_column_div av-zero-column-padding first  avia-builder-el-0  el_before_av_one_full  avia-builder-el-first  \" style='border-radius:0px; '><div  class='avia-image-container  av-styling-    avia-builder-el-1  avia-builder-el-no-sibling  avia-align-center '  itemprop=\"image\" itemscope=\"itemscope\" itemtype=\"https:\/\/schema.org\/ImageObject\"  ><div class='avia-image-container-inner'><div class='avia-image-overlay-wrap'><img decoding=\"async\" class='wp-image-32568 avia-img-lazy-loading-not-32568 avia_image' src=\"https:\/\/radiorevelacionfm.cl\/wp-content\/uploads\/2023\/07\/image0-2-2-2.jpeg\" alt='' title='image0-2-2-2' height=\"600\" width=\"901\"  itemprop=\"thumbnailUrl\" srcset=\"https:\/\/radiorevelacionfm.cl\/wp-content\/uploads\/2023\/07\/image0-2-2-2.jpeg 901w, https:\/\/radiorevelacionfm.cl\/wp-content\/uploads\/2023\/07\/image0-2-2-2-300x200.jpeg 300w, https:\/\/radiorevelacionfm.cl\/wp-content\/uploads\/2023\/07\/image0-2-2-2-768x511.jpeg 768w, https:\/\/radiorevelacionfm.cl\/wp-content\/uploads\/2023\/07\/image0-2-2-2-705x469.jpeg 705w, https:\/\/radiorevelacionfm.cl\/wp-content\/uploads\/2023\/07\/image0-2-2-2-450x300.jpeg 450w, https:\/\/radiorevelacionfm.cl\/wp-content\/uploads\/2023\/07\/image0-2-2-2-600x400.jpeg 600w\" sizes=\"(max-width: 901px) 100vw, 901px\" \/><\/div><\/div><\/div><\/div><div class=\"flex_column av_one_full  flex_column_div av-zero-column-padding first  avia-builder-el-2  el_after_av_one_full  el_before_av_one_full  column-top-margin\" style='border-radius:0px; '><section class=\"av_textblock_section \"  itemscope=\"itemscope\" itemtype=\"https:\/\/schema.org\/BlogPosting\" itemprop=\"blogPost\" ><div class='avia_textblock  '   itemprop=\"text\" ><p style=\"text-align: center;\"><span style=\"font-size: 18pt;\"><strong>Municipalidad de Guaitecas firma convenio con Naviera Austral y Huella Local para desarrollar proyectos destinados a la comunidad<\/strong><\/span><\/p>\n<div id=\"gtx-trans\" style=\"position: absolute; left: -50px; top: 4.31534px;\">\n<div class=\"gtx-trans-icon\"><\/div>\n<\/div>\n<\/div><\/section><\/div><div class=\"flex_column av_one_full  flex_column_div av-zero-column-padding first  avia-builder-el-4  el_after_av_one_full  el_before_av_hr  column-top-margin\" style='border-radius:0px; '><section class=\"av_textblock_section \"  itemscope=\"itemscope\" itemtype=\"https:\/\/schema.org\/BlogPosting\" itemprop=\"blogPost\" ><div class='avia_textblock  '   itemprop=\"text\" ><p style=\"text-align: justify;\">Durante la ma\u00f1ana de este jueves la Municipalidad de Guaitecas, la Fundaci\u00f3n Huella Local y la empresa Naviera Austral concretaron la firma de un convenio de colaboraci\u00f3n p\u00fablico-privado, que tiene por objetivo convocar actores privados para financiar el desarrollo de proyectos que satisfagan las necesidades de la comunidad.<\/p>\n<p style=\"text-align: justify;\">Gracias a esta iniciativa, en una primera etapa se convocar\u00e1 una mesa de colaboraci\u00f3n p\u00fablico-privada liderada por el municipio, donde se invitar\u00e1 a diversas empresas de la comuna a participar y aportar recursos para el desarrollo de proyectos prioritarios para la comuna. En una segunda etapa, y en funci\u00f3n de los recursos que aporten las empresas privadas, Huella Local se encargar\u00e1 del dise\u00f1o de estos proyectos. Posteriormente, y en un trabajo colaborativo, los proyectos ser\u00e1n postulados a fondos p\u00fablicos para materializar su ejecuci\u00f3n.<\/p>\n<p style=\"text-align: justify;\">El alcalde de Guaitecas, Marcos Silva, valor\u00f3 la firma iniciativa, se\u00f1alando que \u201cNaviera Austral fue la primera empresa en recoger el guante para poner recursos con tal de iniciar un trabajo de colaboraci\u00f3n con Huella Local. Pero esto tiene un desaf\u00edo mayor, que es sumar empresas que les interese poder generar recursos para que Guaitecas tenga el desarrollo que todos buscamos. Estas son las manos que nos faltan al minuto de poder articular, generar y formular una cartera de proyectos robusta que nos permita satisfacer las necesidades que la comuna tiene\u201d.<\/p>\n<p style=\"text-align: justify;\">Un entusiasmo similar mostr\u00f3 C\u00e9sar Hechenleitner, Gerente General de Naviera Austral, quien agradeci\u00f3 al Concejo Municipal y al alcalde Silva la decisi\u00f3n de generar esta articulaci\u00f3n: \u00abCon la Fundaci\u00f3n Huella Local venimos trabajando desde hace cinco a\u00f1os en otros municipios en un modelo que funciona y permite generar estas alianzas de trabajo que permitan generar un desarrollo en las comunidades donde nosotros estamos prestando nuestro servicio de conectividad. Junto con eso, con nuestro servicio que es la conectividad, ver de qu\u00e9 forma se van forjando estos proyectos que se deben generar en las comunidades\u00bb, expres\u00f3.<\/p>\n<p style=\"text-align: justify;\">Por su parte, C\u00e9sar Barrientos de Huella Local, afirm\u00f3 \u00aben la municipalidad ayer nos mostraron una serie de proyectos ambiciosos para la comunidad donde de alguna manera se espera satisfacer las necesidades. Esperamos poder empezar a desarrollar esos proyectos, empezar a formularlos, dise\u00f1arlos con recursos del sector privado para despu\u00e9s postularlos a fondos p\u00fablicos que existen. Esa es una de las razones por las cuales nace Huella Local, porque si bien existen fondos p\u00fablicos, nacionales y regionales, las municipalidades no necesariamente pueden postular a todos ellos porque no tienen la capacidad t\u00e9cnica para postular a todo lo que ellos quisieran\u201d.<\/p>\n<p style=\"text-align: justify;\">Junto con este compromiso las partes continuar\u00e1n en el esfuerzo de vincularse con m\u00e1s actores del sector privado con el objetivo de levantar una mesa de convergencia que permita aumentar y agilizar el desarrollo de iniciativas en Guaitecas.<\/p>\n<\/div><\/section><\/div><div  style='height:50px' class='hr hr-invisible   avia-builder-el-6  el_after_av_one_full  el_before_av_social_share '><span class='hr-inner ' ><span class='hr-inner-style'><\/span><\/span><\/div><\/p>\n<div  class='av-social-sharing-box  avia-builder-el-7  el_after_av_hr  el_before_av_hr  '><div class='av-share-box'><h5 class='av-share-link-description av-no-toc '>Compartir esta noticia<\/h5><ul class='av-share-box-list noLightbox'><li class='av-share-link av-social-link-facebook' ><a target=\"_blank\" aria-label=\"Compartir en Facebook\" href='https:\/\/www.facebook.com\/sharer.php?u=https:\/\/radiorevelacionfm.cl\/?p=32567&#038;t=Municipalidad%20de%20Guaitecas%20firma%20convenio%20con%20Naviera%20Austral%20y%20Huella%20Local%20para%20desarrollar%20proyectos%20destinados%20a%20la%20comunidad' aria-hidden='false' data-av_icon='\ue8f3' data-av_iconfont='entypo-fontello' title='' data-avia-related-tooltip='Compartir en Facebook' rel=\"noopener\"><span class='avia_hidden_link_text'>Compartir en Facebook<\/span><\/a><\/li><li class='av-share-link av-social-link-twitter' ><a target=\"_blank\" aria-label=\"Compartir en Twitter\" href='https:\/\/twitter.com\/share?text=Municipalidad%20de%20Guaitecas%20firma%20convenio%20con%20Naviera%20Austral%20y%20Huella%20Local%20para%20desarrollar%20proyectos%20destinados%20a%20la%20comunidad&#038;url=https:\/\/radiorevelacionfm.cl\/?p=32567' aria-hidden='false' data-av_icon='\ue8f1' data-av_iconfont='entypo-fontello' title='' data-avia-related-tooltip='Compartir en Twitter' rel=\"noopener\"><span class='avia_hidden_link_text'>Compartir en Twitter<\/span><\/a><\/li><li class='av-share-link av-social-link-whatsapp' ><a target=\"_blank\" aria-label=\"Compartir en Whatsapp\" href='https:\/\/api.whatsapp.com\/send?text=https:\/\/radiorevelacionfm.cl\/?p=32567' aria-hidden='false' data-av_icon='\uf232' data-av_iconfont='entypo-fontello' title='' data-avia-related-tooltip='Compartir en Whatsapp' rel=\"noopener\"><span class='avia_hidden_link_text'>Compartir en Whatsapp<\/span><\/a><\/li><li class='av-share-link av-social-link-linkedin' ><a target=\"_blank\" aria-label=\"Compartir en LinkedIn\" href='https:\/\/linkedin.com\/shareArticle?mini=true&#038;title=Municipalidad%20de%20Guaitecas%20firma%20convenio%20con%20Naviera%20Austral%20y%20Huella%20Local%20para%20desarrollar%20proyectos%20destinados%20a%20la%20comunidad&#038;url=https:\/\/radiorevelacionfm.cl\/?p=32567' aria-hidden='false' data-av_icon='\ue8fc' data-av_iconfont='entypo-fontello' title='' data-avia-related-tooltip='Compartir en LinkedIn' rel=\"noopener\"><span class='avia_hidden_link_text'>Compartir en LinkedIn<\/span><\/a><\/li><li class='av-share-link av-social-link-mail' ><a  aria-label=\"Compartir por correo\" href='mailto:?subject=Municipalidad%20de%20Guaitecas%20firma%20convenio%20con%20Naviera%20Austral%20y%20Huella%20Local%20para%20desarrollar%20proyectos%20destinados%20a%20la%20comunidad&#038;body=https:\/\/radiorevelacionfm.cl\/?p=32567' aria-hidden='false' data-av_icon='\ue805' data-av_iconfont='entypo-fontello' title='' data-avia-related-tooltip='Compartir por correo'><span class='avia_hidden_link_text'>Compartir por correo<\/span><\/a><\/li><\/ul><\/div><\/div>\n<div  style='height:50px' class='hr hr-invisible   avia-builder-el-8  el_after_av_social_share  el_before_av_comments_list '><span class='hr-inner ' ><span class='hr-inner-style'><\/span><\/span><\/div>\n<div  class='av-buildercomment  av-blog-meta-html-info-disabled av-blog-meta-tag-disabled  '><\/div>\n","protected":false},"excerpt":{"rendered":"","protected":false},"author":1,"featured_media":32568,"comment_status":"open","ping_status":"open","sticky":false,"template":"","format":"standard","meta":{"footnotes":""},"categories":[38],"tags":[],"class_list":["post-32567","post","type-post","status-publish","format-standard","has-post-thumbnail","hentry","category-regional"],"jetpack_featured_media_url":"https:\/\/radiorevelacionfm.cl\/wp-content\/uploads\/2023\/07\/image0-2-2-2.jpeg","_links":{"self":[{"href":"https:\/\/radiorevelacionfm.cl\/index.php?rest_route=\/wp\/v2\/posts\/32567","targetHints":{"allow":["GET"]}}],"collection":[{"href":"https:\/\/radiorevelacionfm.cl\/index.php?rest_route=\/wp\/v2\/posts"}],"about":[{"href":"https:\/\/radiorevelacionfm.cl\/index.php?rest_route=\/wp\/v2\/types\/post"}],"author":[{"embeddable":true,"href":"https:\/\/radiorevelacionfm.cl\/index.php?rest_route=\/wp\/v2\/users\/1"}],"replies":[{"embeddable":true,"href":"https:\/\/radiorevelacionfm.cl\/index.php?rest_route=%2Fwp%2Fv2%2Fcomments&post=32567"}],"version-history":[{"count":1,"href":"https:\/\/radiorevelacionfm.cl\/index.php?rest_route=\/wp\/v2\/posts\/32567\/revisions"}],"predecessor-version":[{"id":32569,"href":"https:\/\/radiorevelacionfm.cl\/index.php?rest_route=\/wp\/v2\/posts\/32567\/revisions\/32569"}],"wp:featuredmedia":[{"embeddable":true,"href":"https:\/\/radiorevelacionfm.cl\/index.php?rest_route=\/wp\/v2\/media\/32568"}],"wp:attachment":[{"href":"https:\/\/radiorevelacionfm.cl\/index.php?rest_route=%2Fwp%2Fv2%2Fmedia&parent=32567"}],"wp:term":[{"taxonomy":"category","embeddable":true,"href":"https:\/\/radiorevelacionfm.cl\/index.php?rest_route=%2Fwp%2Fv2%2Fcategories&post=32567"},{"taxonomy":"post_tag","embeddable":true,"href":"https:\/\/radiorevelacionfm.cl\/index.php?rest_route=%2Fwp%2Fv2%2Ftags&post=32567"}],"curies":[{"name":"wp","href":"https:\/\/api.w.org\/{rel}","templated":true}]}}