{"id":32564,"date":"2023-07-01T23:09:48","date_gmt":"2023-07-02T02:09:48","guid":{"rendered":"https:\/\/radiorevelacionfm.cl\/?p=32564"},"modified":"2023-07-01T23:09:48","modified_gmt":"2023-07-02T02:09:48","slug":"jovenes-de-aysen-desarrollan-diagnostico-participativo-juventudes-bajo-cero","status":"publish","type":"post","link":"https:\/\/radiorevelacionfm.cl\/?p=32564","title":{"rendered":"J\u00f3venes de Ays\u00e9n desarrollan Diagn\u00f3stico Participativo `Juventudes Bajo Cero\u00b4"},"content":{"rendered":"<div class=\"flex_column av_one_full  flex_column_div av-zero-column-padding first  avia-builder-el-0  el_before_av_one_full  avia-builder-el-first  \" style='border-radius:0px; '><div  class='avia-image-container  av-styling-    avia-builder-el-1  avia-builder-el-no-sibling  avia-align-center '  itemprop=\"image\" itemscope=\"itemscope\" itemtype=\"https:\/\/schema.org\/ImageObject\"  ><div class='avia-image-container-inner'><div class='avia-image-overlay-wrap'><img decoding=\"async\" class='wp-image-32565 avia-img-lazy-loading-not-32565 avia_image' src=\"https:\/\/radiorevelacionfm.cl\/wp-content\/uploads\/2023\/07\/foto-2-7-2_optimized.jpg\" alt='' title='foto-2-7-2_optimized' height=\"600\" width=\"897\"  itemprop=\"thumbnailUrl\" srcset=\"https:\/\/radiorevelacionfm.cl\/wp-content\/uploads\/2023\/07\/foto-2-7-2_optimized.jpg 897w, https:\/\/radiorevelacionfm.cl\/wp-content\/uploads\/2023\/07\/foto-2-7-2_optimized-300x201.jpg 300w, https:\/\/radiorevelacionfm.cl\/wp-content\/uploads\/2023\/07\/foto-2-7-2_optimized-768x514.jpg 768w, https:\/\/radiorevelacionfm.cl\/wp-content\/uploads\/2023\/07\/foto-2-7-2_optimized-705x472.jpg 705w, https:\/\/radiorevelacionfm.cl\/wp-content\/uploads\/2023\/07\/foto-2-7-2_optimized-450x301.jpg 450w, https:\/\/radiorevelacionfm.cl\/wp-content\/uploads\/2023\/07\/foto-2-7-2_optimized-600x401.jpg 600w\" sizes=\"(max-width: 897px) 100vw, 897px\" \/><\/div><\/div><\/div><\/div><div class=\"flex_column av_one_full  flex_column_div av-zero-column-padding first  avia-builder-el-2  el_after_av_one_full  el_before_av_one_full  column-top-margin\" style='border-radius:0px; '><section class=\"av_textblock_section \"  itemscope=\"itemscope\" itemtype=\"https:\/\/schema.org\/BlogPosting\" itemprop=\"blogPost\" ><div class='avia_textblock  '   itemprop=\"text\" ><p style=\"text-align: center;\"><span style=\"font-size: 18pt;\"><strong>J\u00f3venes de Ays\u00e9n desarrollan Diagn\u00f3stico Participativo `Juventudes Bajo Cero\u00b4<\/strong><\/span><\/p>\n<div id=\"gtx-trans\" style=\"position: absolute; left: -50px; top: 4.31534px;\">\n<div class=\"gtx-trans-icon\"><\/div>\n<\/div>\n<\/div><\/section><\/div><div class=\"flex_column av_one_full  flex_column_div av-zero-column-padding first  avia-builder-el-4  el_after_av_one_full  el_before_av_hr  column-top-margin\" style='border-radius:0px; '><section class=\"av_textblock_section \"  itemscope=\"itemscope\" itemtype=\"https:\/\/schema.org\/BlogPosting\" itemprop=\"blogPost\" ><div class='avia_textblock  '   itemprop=\"text\" ><p style=\"text-align: justify;\"><em>La iniciativa se ejecuta por primera vez este a\u00f1o y busca <\/em><em>aumentar los niveles de involucramiento de las y losj\u00f3venes para identificar, reflexionar y discutir problemas que afectan sus territorios y\/o comunidades proponiendo y liderando soluciones. <\/em><\/p>\n<p style=\"text-align: justify;\">El Instituto Nacional de la Juventud se encuentra desplegado en la comuna de \u00a0Ays\u00e9n desarrollando el programa <em>Compromiso Joven<\/em>, instancia que tiene por objetivo aumentar la participaci\u00f3n de las juventudes en proyectos comunitarios, impulsando la relaci\u00f3n de estos con el territorio a trav\u00e9s de acciones que busquen mejorar las condiciones de su comunidad.<\/p>\n<p style=\"text-align: justify;\">El Director Regional de INJUV Ays\u00e9n, Camilo Trivi\u00f1o, junto a los funcionarios David Cupita y Fernanda Y\u00e9venes, en coordinaci\u00f3n con Encargado de la\u00a0 Oficina de Asuntos Juveniles, de la Ilustre Municipalidad de Ays\u00e9n, Fernando Torrealba, se reunieron en la Biblioteca Municipal con distintas agrupaciones sociales juveniles, en la oportunidad las y los j\u00f3venes presentes trabajaron en la\u00a0 identificaci\u00f3n de diferentes tem\u00e1ticas prioritarias y caracterizaron a la poblaci\u00f3n juvenil de la comuna.<\/p>\n<p style=\"text-align: justify;\">\u201cLo desarrollado en Ays\u00e9n durante estos d\u00edas ha sido sumamente enriquecedor para nosotros como INJUV, porque hemos podido sentir en gran parte la exclusi\u00f3n social que han vivenciado las juventudes a lo largo de estos a\u00f1os y tomamos esto como un desaf\u00edo, en lo que respecta la reconstrucci\u00f3n de las confianzas en un primer lugar y tambi\u00e9n en lo que se refiere a la elaboraci\u00f3n de las pol\u00edticas p\u00fablicas desde la institucionalidad, comprendiendo las diversidades presentes en las juventudes y sus particularidades\u201d, sostuvo el Director Regional de INJUV Ays\u00e9n, Camilo Trivi\u00f1o.<\/p>\n<p style=\"text-align: justify;\">En la misma l\u00ednea, se\u00f1al\u00f3 que \u201cel diagn\u00f3stico participativo realizado posee una perspectiva de derecho, que se traduce principalmente en transformar las pr\u00e1cticas institucionales que hemos venido desarrollando como Estado a lo largo de los a\u00f1os, para lograr garantizar y dar cumplimiento a los Derechos Humanos de juventud, tales como la participaci\u00f3n, integraci\u00f3n al mundo laboral, el crecer en un medioambiente saludable, entre otros. En esta labor, nuestros principales aliados son los municipios. En este caso en particular, la Oficina de Asuntos Juveniles de Ays\u00e9n, con la cual hemos venido desarrollando un trabajo articulado, propiciando y ejecutando acciones que garanticen la participaci\u00f3n de las juventudes en el desarrollo de la comuna. Es por esta raz\u00f3n que se hace sumamente necesario el robustecer nuestras instituciones, comprendiendo que la ejecuci\u00f3n de una pol\u00edtica p\u00fablica sin una institucionalidad consistente detr\u00e1s, corre el peligro de no ser sustentable, algo que no podemos permitirnos\u201d, puntualiz\u00f3 Trivi\u00f1o.<\/p>\n<p style=\"text-align: justify;\">\u201cComo Ilustre Municipalidad de Ays\u00e9n y por medio de su Oficina de Asuntos Juveniles estamos muy contentos por los resultados del Diagn\u00f3stico Participativo, estas instancias son de suma importancia para el desarrollo de nuestra comuna, ya que desde la participaci\u00f3n activa de la poblaci\u00f3n juvenil, se visibilizan propuestas e iniciativas planteadas directamente por las y los j\u00f3venes. Uno de nuestros principales objetivos es promover la participaci\u00f3n activa de las juventudes, con el finalidad de involucrarlos de forma directa en la toma de decisiones\u201d, expres\u00f3 el Encargado de la\u00a0 Oficina de Asuntos Juveniles, de la Ilustre Municipalidad de Ays\u00e9n, Fernando Torrealba.<\/p>\n<p style=\"text-align: justify;\">La Presidenta del Club de Monta\u00f1a Nevados\u00a0\u00a0Ays\u00e9n, Valentina Sep\u00falveda, indic\u00f3 que \u201cme pareci\u00f3 una buena instancia de participaci\u00f3n porque es s\u00faper importante escuchar las voces de los j\u00f3venes,\u00a0\u00a0tenemos mucho para aportar para el <strong>\u00a0<\/strong>\u00a0y sobre todo porque surgen nuevas ideas, hay un trabajo colaborativo y podemos crecer todos juntos\u201d.<\/p>\n<p style=\"text-align: justify;\">En tanto, el \u00a0integrante de la Agrupaci\u00f3n Underizback, Demian Rosas, explic\u00f3 que \u201cfue s\u00faper bueno, m\u00e1s que nada por las relaciones y la comunicaci\u00f3n que hubo y los distintos rangos etarios, yo creo que eso es algo que hay que cuidar, los espacios, aprovechando tambi\u00e9n eran las personas precisas\u00a0\u00a0y se dieron espacios de di\u00e1logos, eso, s\u00faper bueno, agradable y nada, finalmente\u00a0\u00a0finaliz\u00f3 con una actividad y tema s\u00faper emp\u00e1tico, as\u00ed que s\u00faper agradecido tambi\u00e9n de haber participado\u201d.<\/p>\n<p style=\"text-align: justify;\">Cabe destacar que el programa Compromiso Joven comprende diferentes hitos en el plazo de dos a\u00f1os; Diagn\u00f3stico Local Juvenil, Plan de Acci\u00f3n Municipal de Juventud (PAMJUV), Encuentro de Juventudes, Formaci\u00f3n de Agentes de Cambio, entre otras acciones que esperan cambiar la mirada juvenil en las comunas donde se desarrolla la iniciativa.<\/p>\n<\/div><\/section><\/div><div  style='height:50px' class='hr hr-invisible   avia-builder-el-6  el_after_av_one_full  el_before_av_social_share '><span class='hr-inner ' ><span class='hr-inner-style'><\/span><\/span><\/div><\/p>\n<div  class='av-social-sharing-box  avia-builder-el-7  el_after_av_hr  el_before_av_hr  '><div class='av-share-box'><h5 class='av-share-link-description av-no-toc '>Compartir esta noticia<\/h5><ul class='av-share-box-list noLightbox'><li class='av-share-link av-social-link-facebook' ><a target=\"_blank\" aria-label=\"Compartir en Facebook\" href='https:\/\/www.facebook.com\/sharer.php?u=https:\/\/radiorevelacionfm.cl\/?p=32564&#038;t=J%C3%B3venes%20de%20Ays%C3%A9n%20desarrollan%20Diagn%C3%B3stico%20Participativo%20%60Juventudes%20Bajo%20Cero%C2%B4' aria-hidden='false' data-av_icon='\ue8f3' data-av_iconfont='entypo-fontello' title='' data-avia-related-tooltip='Compartir en Facebook' rel=\"noopener\"><span class='avia_hidden_link_text'>Compartir en Facebook<\/span><\/a><\/li><li class='av-share-link av-social-link-twitter' ><a target=\"_blank\" aria-label=\"Compartir en Twitter\" href='https:\/\/twitter.com\/share?text=J%C3%B3venes%20de%20Ays%C3%A9n%20desarrollan%20Diagn%C3%B3stico%20Participativo%20%60Juventudes%20Bajo%20Cero%C2%B4&#038;url=https:\/\/radiorevelacionfm.cl\/?p=32564' aria-hidden='false' data-av_icon='\ue8f1' data-av_iconfont='entypo-fontello' title='' data-avia-related-tooltip='Compartir en Twitter' rel=\"noopener\"><span class='avia_hidden_link_text'>Compartir en Twitter<\/span><\/a><\/li><li class='av-share-link av-social-link-whatsapp' ><a target=\"_blank\" aria-label=\"Compartir en Whatsapp\" href='https:\/\/api.whatsapp.com\/send?text=https:\/\/radiorevelacionfm.cl\/?p=32564' aria-hidden='false' data-av_icon='\uf232' data-av_iconfont='entypo-fontello' title='' data-avia-related-tooltip='Compartir en Whatsapp' rel=\"noopener\"><span class='avia_hidden_link_text'>Compartir en Whatsapp<\/span><\/a><\/li><li class='av-share-link av-social-link-linkedin' ><a target=\"_blank\" aria-label=\"Compartir en LinkedIn\" href='https:\/\/linkedin.com\/shareArticle?mini=true&#038;title=J%C3%B3venes%20de%20Ays%C3%A9n%20desarrollan%20Diagn%C3%B3stico%20Participativo%20%60Juventudes%20Bajo%20Cero%C2%B4&#038;url=https:\/\/radiorevelacionfm.cl\/?p=32564' aria-hidden='false' data-av_icon='\ue8fc' data-av_iconfont='entypo-fontello' title='' data-avia-related-tooltip='Compartir en LinkedIn' rel=\"noopener\"><span class='avia_hidden_link_text'>Compartir en LinkedIn<\/span><\/a><\/li><li class='av-share-link av-social-link-mail' ><a  aria-label=\"Compartir por correo\" href='mailto:?subject=J%C3%B3venes%20de%20Ays%C3%A9n%20desarrollan%20Diagn%C3%B3stico%20Participativo%20%60Juventudes%20Bajo%20Cero%C2%B4&#038;body=https:\/\/radiorevelacionfm.cl\/?p=32564' aria-hidden='false' data-av_icon='\ue805' data-av_iconfont='entypo-fontello' title='' data-avia-related-tooltip='Compartir por correo'><span class='avia_hidden_link_text'>Compartir por correo<\/span><\/a><\/li><\/ul><\/div><\/div>\n<div  style='height:50px' class='hr hr-invisible   avia-builder-el-8  el_after_av_social_share  el_before_av_comments_list '><span class='hr-inner ' ><span class='hr-inner-style'><\/span><\/span><\/div>\n<div  class='av-buildercomment  av-blog-meta-html-info-disabled av-blog-meta-tag-disabled  '><\/div>\n","protected":false},"excerpt":{"rendered":"","protected":false},"author":1,"featured_media":32565,"comment_status":"open","ping_status":"open","sticky":false,"template":"","format":"standard","meta":{"footnotes":""},"categories":[38],"tags":[],"class_list":["post-32564","post","type-post","status-publish","format-standard","has-post-thumbnail","hentry","category-regional"],"jetpack_featured_media_url":"https:\/\/radiorevelacionfm.cl\/wp-content\/uploads\/2023\/07\/foto-2-7-2_optimized.jpg","_links":{"self":[{"href":"https:\/\/radiorevelacionfm.cl\/index.php?rest_route=\/wp\/v2\/posts\/32564","targetHints":{"allow":["GET"]}}],"collection":[{"href":"https:\/\/radiorevelacionfm.cl\/index.php?rest_route=\/wp\/v2\/posts"}],"about":[{"href":"https:\/\/radiorevelacionfm.cl\/index.php?rest_route=\/wp\/v2\/types\/post"}],"author":[{"embeddable":true,"href":"https:\/\/radiorevelacionfm.cl\/index.php?rest_route=\/wp\/v2\/users\/1"}],"replies":[{"embeddable":true,"href":"https:\/\/radiorevelacionfm.cl\/index.php?rest_route=%2Fwp%2Fv2%2Fcomments&post=32564"}],"version-history":[{"count":1,"href":"https:\/\/radiorevelacionfm.cl\/index.php?rest_route=\/wp\/v2\/posts\/32564\/revisions"}],"predecessor-version":[{"id":32566,"href":"https:\/\/radiorevelacionfm.cl\/index.php?rest_route=\/wp\/v2\/posts\/32564\/revisions\/32566"}],"wp:featuredmedia":[{"embeddable":true,"href":"https:\/\/radiorevelacionfm.cl\/index.php?rest_route=\/wp\/v2\/media\/32565"}],"wp:attachment":[{"href":"https:\/\/radiorevelacionfm.cl\/index.php?rest_route=%2Fwp%2Fv2%2Fmedia&parent=32564"}],"wp:term":[{"taxonomy":"category","embeddable":true,"href":"https:\/\/radiorevelacionfm.cl\/index.php?rest_route=%2Fwp%2Fv2%2Fcategories&post=32564"},{"taxonomy":"post_tag","embeddable":true,"href":"https:\/\/radiorevelacionfm.cl\/index.php?rest_route=%2Fwp%2Fv2%2Ftags&post=32564"}],"curies":[{"name":"wp","href":"https:\/\/api.w.org\/{rel}","templated":true}]}}