{"id":32561,"date":"2023-07-03T11:41:51","date_gmt":"2023-07-03T14:41:51","guid":{"rendered":"https:\/\/radiorevelacionfm.cl\/?p=32561"},"modified":"2023-07-03T11:41:51","modified_gmt":"2023-07-03T14:41:51","slug":"jardines-infantiles-de-integra-efectuaron-cuentas-publicas","status":"publish","type":"post","link":"https:\/\/radiorevelacionfm.cl\/?p=32561","title":{"rendered":"Jardines Infantiles de Integra efectuaron Cuentas P\u00fablicas"},"content":{"rendered":"<div class=\"flex_column av_one_full  flex_column_div av-zero-column-padding first  avia-builder-el-0  el_before_av_one_full  avia-builder-el-first  \" style='border-radius:0px; '><div  class='avia-image-container  av-styling-    avia-builder-el-1  avia-builder-el-no-sibling  avia-align-center '  itemprop=\"image\" itemscope=\"itemscope\" itemtype=\"https:\/\/schema.org\/ImageObject\"  ><div class='avia-image-container-inner'><div class='avia-image-overlay-wrap'><img decoding=\"async\" class='wp-image-32562 avia-img-lazy-loading-not-32562 avia_image' src=\"https:\/\/radiorevelacionfm.cl\/wp-content\/uploads\/2023\/07\/2-9-3-2.jpg\" alt='' title='2-9-3-2' height=\"600\" width=\"902\"  itemprop=\"thumbnailUrl\" srcset=\"https:\/\/radiorevelacionfm.cl\/wp-content\/uploads\/2023\/07\/2-9-3-2.jpg 902w, https:\/\/radiorevelacionfm.cl\/wp-content\/uploads\/2023\/07\/2-9-3-2-300x200.jpg 300w, https:\/\/radiorevelacionfm.cl\/wp-content\/uploads\/2023\/07\/2-9-3-2-768x511.jpg 768w, https:\/\/radiorevelacionfm.cl\/wp-content\/uploads\/2023\/07\/2-9-3-2-705x469.jpg 705w, https:\/\/radiorevelacionfm.cl\/wp-content\/uploads\/2023\/07\/2-9-3-2-450x299.jpg 450w, https:\/\/radiorevelacionfm.cl\/wp-content\/uploads\/2023\/07\/2-9-3-2-600x399.jpg 600w\" sizes=\"(max-width: 902px) 100vw, 902px\" \/><\/div><\/div><\/div><\/div><div class=\"flex_column av_one_full  flex_column_div av-zero-column-padding first  avia-builder-el-2  el_after_av_one_full  el_before_av_one_full  column-top-margin\" style='border-radius:0px; '><section class=\"av_textblock_section \"  itemscope=\"itemscope\" itemtype=\"https:\/\/schema.org\/BlogPosting\" itemprop=\"blogPost\" ><div class='avia_textblock  '   itemprop=\"text\" ><p style=\"text-align: center;\"><strong><span style=\"font-size: 18pt;\">Jardines Infantiles de Integra efectuaron Cuentas P\u00fablicas<\/span><\/strong><\/p>\n<div id=\"gtx-trans\" style=\"position: absolute; left: -50px; top: 4.31534px;\">\n<div class=\"gtx-trans-icon\"><\/div>\n<\/div>\n<\/div><\/section><\/div><div class=\"flex_column av_one_full  flex_column_div av-zero-column-padding first  avia-builder-el-4  el_after_av_one_full  el_before_av_hr  column-top-margin\" style='border-radius:0px; '><section class=\"av_textblock_section \"  itemscope=\"itemscope\" itemtype=\"https:\/\/schema.org\/BlogPosting\" itemprop=\"blogPost\" ><div class='avia_textblock  '   itemprop=\"text\" ><p style=\"text-align: justify;\">De manera presencial, por web o por medio de las radios locales, los Jardines Infantiles y Salas Cuna de Fundaci\u00f3n Integra de la regi\u00f3n de Ays\u00e9n llevaron a cabo sus respectivas Cuentas P\u00fablicas con el objetivo poder mostrar a sus comunidades educativas y redes las gestiones realizadas durante el a\u00f1o pasado en la que se puso especial \u00e9nfasis en la importancia que tienen los jardines infantiles en los procesos educativos y su impacto en los aprendizajes de los ni\u00f1os y ni\u00f1as.<\/p>\n<p style=\"text-align: justify;\">Leticia Araya Norambuena, directora regional de Fundaci\u00f3n Integra de Ays\u00e9n e impulsora de estas instancias \u00a0destaca que \u201ces importante que la comunidad vea el trabajo que el jard\u00edn infantil hace d\u00eda a d\u00eda para que los ni\u00f1os y ni\u00f1as jueguen, sean felices, para que aprendan y para relevar el rol de las comunidades educativas\u201d. A la vez reforz\u00f3 que \u201cest\u00e1 es una pr\u00e1ctica que queremos instalar, porque permite que los jardines puedan dar a conocer a sus comunidades el trabajo que ellas hacen con el objetivo de que m\u00e1s familias se puedan sumar a nuestros establecimientos\u201d.<\/p>\n<p style=\"text-align: justify;\">Cabe destacar que estas Cuentas P\u00fablicas contaron con la participaci\u00f3n de padres, apoderados, autoridades locales, representantes de las redes, trabajadores de Oficina Regional y equipos educativos, en la que tambi\u00e9n se destac\u00f3 la \u201cCarta de Navegaci\u00f3n 2022-2026\u201d y que re\u00fane los lineamientos que regir\u00e1n el accionar de la fundaci\u00f3n durante esta administraci\u00f3n.<\/p>\n<p style=\"text-align: justify;\">Cintia Lazcano Lobos, directora del jard\u00edn infantil y sala cuna \u201cT\u00eda Nora\u201d de Puyuhuapi decidi\u00f3, junto a su equipo, que la mejor forma de poder dar a conocer la gesti\u00f3n en su establecimiento ser\u00eda a trav\u00e9s de la radio local.<\/p>\n<p style=\"text-align: justify;\">\u201cLa radio tiene mayor alcance, llegando a toda la localidad y alrededores por lo que el alcance es mucho mayor y m\u00e1s personas tienen conocimiento de lo que hemos estado trabajando en el jard\u00edn\u201d, explica la directora. A la vez, destaca que es importante desarrollar estos espacios \u201cya que permiten que educaci\u00f3n parvularia tenga un mayor realce, se conozca el trabajo y profesionalismo de los equipos de Fundaci\u00f3n Integra, pero al mismo tiempo tambi\u00e9n respecto de la transparencia y que sea de conocimiento p\u00fablico el quehacer de los jardines infantiles\u201d.<\/p>\n<p style=\"text-align: justify;\">Los asistentes a estas presentaciones pudieron ver el trabajo educativo que los establecimientos desarrollan y que favorecer aprendizajes significativos en ni\u00f1os y ni\u00f1as, a trav\u00e9s de la implementaci\u00f3n de procesos educativos de calidad que contemplan la planificaci\u00f3n educativa, realizaci\u00f3n de experiencias innovadoras, evaluaci\u00f3n de aprendizajes y enriquecimiento de pr\u00e1cticas pedag\u00f3gicas, para fortalecer su desarrollo integral, entre otras.<\/p>\n<p style=\"text-align: justify;\">La directora regional de Fundaci\u00f3n Integra refuerza el mensaje de que \u201cqueremos que los ni\u00f1os y ni\u00f1as vayan al jard\u00edn infantil pero tambi\u00e9n tenemos que mostrar que esos establecimientos cumplen con todas las condiciones para que sus hijos est\u00e9n. Un jard\u00edn que tiene educaci\u00f3n de calidad, que entrega una educaci\u00f3n gratuita y que cubre todas las necesidades de alimentaci\u00f3n, de juego, de cari\u00f1o y con adultos sensibles que est\u00e1n atentos a las necesidades de los ni\u00f1os y ni\u00f1as\u201d.<\/p>\n<p style=\"text-align: justify;\">Claudia V\u00e1squez Cea, directora (s) del Jard\u00edn Infantil y Sala Cuna \u00abHielito Azul\u00bb de Villa O\u00b4Higgins destac\u00f3 esta experiencia recalcando que \u201cla experiencia fue enriquecedora y novedosa. Esta instancia nos sirvi\u00f3 para evidenciar el trabajo que desarrollamos durante el 2022 bajo las subdimensiones del PME (Plan de Mejoramiento Educativo) y los avances que hemos tenido en esta materia\u201d.<\/p>\n<p style=\"text-align: justify;\">En ese sentido, cabe destacar que Fundaci\u00f3n Integra viene trabajando un Modelo de Educaci\u00f3n Emocional que busca a trav\u00e9s del sentir emocional, gestionar conscientemente el desarrollo y transformaci\u00f3n del bienestar personal y social, en un proceso de crecimiento continuo y sistem\u00e1tico.<\/p>\n<p style=\"text-align: justify;\">Con 32 a\u00f1os de experiencia y m\u00e1s de 1.200 salas cuna y jardines infantiles gratuitos en todo el pa\u00eds, Fundaci\u00f3n Integra trabaja para lograr el desarrollo integral, bienestar y aprendizajes significativos de ni\u00f1os y ni\u00f1as, poniendo a su disposici\u00f3n espacios educativos diversos, estimulantes y de calidad.<\/p>\n<\/div><\/section><\/div><div  style='height:50px' class='hr hr-invisible   avia-builder-el-6  el_after_av_one_full  el_before_av_social_share '><span class='hr-inner ' ><span class='hr-inner-style'><\/span><\/span><\/div><\/p>\n<div  class='av-social-sharing-box  avia-builder-el-7  el_after_av_hr  el_before_av_hr  '><div class='av-share-box'><h5 class='av-share-link-description av-no-toc '>Compartir esta noticia<\/h5><ul class='av-share-box-list noLightbox'><li class='av-share-link av-social-link-facebook' ><a target=\"_blank\" aria-label=\"Compartir en Facebook\" href='https:\/\/www.facebook.com\/sharer.php?u=https:\/\/radiorevelacionfm.cl\/?p=32561&#038;t=Jardines%20Infantiles%20de%20Integra%20efectuaron%20Cuentas%20P%C3%BAblicas' aria-hidden='false' data-av_icon='\ue8f3' data-av_iconfont='entypo-fontello' title='' data-avia-related-tooltip='Compartir en Facebook' rel=\"noopener\"><span class='avia_hidden_link_text'>Compartir en Facebook<\/span><\/a><\/li><li class='av-share-link av-social-link-twitter' ><a target=\"_blank\" aria-label=\"Compartir en Twitter\" href='https:\/\/twitter.com\/share?text=Jardines%20Infantiles%20de%20Integra%20efectuaron%20Cuentas%20P%C3%BAblicas&#038;url=https:\/\/radiorevelacionfm.cl\/?p=32561' aria-hidden='false' data-av_icon='\ue8f1' data-av_iconfont='entypo-fontello' title='' data-avia-related-tooltip='Compartir en Twitter' rel=\"noopener\"><span class='avia_hidden_link_text'>Compartir en Twitter<\/span><\/a><\/li><li class='av-share-link av-social-link-whatsapp' ><a target=\"_blank\" aria-label=\"Compartir en Whatsapp\" href='https:\/\/api.whatsapp.com\/send?text=https:\/\/radiorevelacionfm.cl\/?p=32561' aria-hidden='false' data-av_icon='\uf232' data-av_iconfont='entypo-fontello' title='' data-avia-related-tooltip='Compartir en Whatsapp' rel=\"noopener\"><span class='avia_hidden_link_text'>Compartir en Whatsapp<\/span><\/a><\/li><li class='av-share-link av-social-link-linkedin' ><a target=\"_blank\" aria-label=\"Compartir en LinkedIn\" href='https:\/\/linkedin.com\/shareArticle?mini=true&#038;title=Jardines%20Infantiles%20de%20Integra%20efectuaron%20Cuentas%20P%C3%BAblicas&#038;url=https:\/\/radiorevelacionfm.cl\/?p=32561' aria-hidden='false' data-av_icon='\ue8fc' data-av_iconfont='entypo-fontello' title='' data-avia-related-tooltip='Compartir en LinkedIn' rel=\"noopener\"><span class='avia_hidden_link_text'>Compartir en LinkedIn<\/span><\/a><\/li><li class='av-share-link av-social-link-mail' ><a  aria-label=\"Compartir por correo\" href='mailto:?subject=Jardines%20Infantiles%20de%20Integra%20efectuaron%20Cuentas%20P%C3%BAblicas&#038;body=https:\/\/radiorevelacionfm.cl\/?p=32561' aria-hidden='false' data-av_icon='\ue805' data-av_iconfont='entypo-fontello' title='' data-avia-related-tooltip='Compartir por correo'><span class='avia_hidden_link_text'>Compartir por correo<\/span><\/a><\/li><\/ul><\/div><\/div>\n<div  style='height:50px' class='hr hr-invisible   avia-builder-el-8  el_after_av_social_share  el_before_av_comments_list '><span class='hr-inner ' ><span class='hr-inner-style'><\/span><\/span><\/div>\n<div  class='av-buildercomment  av-blog-meta-html-info-disabled av-blog-meta-tag-disabled  '><\/div>\n","protected":false},"excerpt":{"rendered":"","protected":false},"author":1,"featured_media":32562,"comment_status":"open","ping_status":"open","sticky":false,"template":"","format":"standard","meta":{"footnotes":""},"categories":[49],"tags":[],"class_list":["post-32561","post","type-post","status-publish","format-standard","has-post-thumbnail","hentry","category-educacion"],"jetpack_featured_media_url":"https:\/\/radiorevelacionfm.cl\/wp-content\/uploads\/2023\/07\/2-9-3-2.jpg","_links":{"self":[{"href":"https:\/\/radiorevelacionfm.cl\/index.php?rest_route=\/wp\/v2\/posts\/32561","targetHints":{"allow":["GET"]}}],"collection":[{"href":"https:\/\/radiorevelacionfm.cl\/index.php?rest_route=\/wp\/v2\/posts"}],"about":[{"href":"https:\/\/radiorevelacionfm.cl\/index.php?rest_route=\/wp\/v2\/types\/post"}],"author":[{"embeddable":true,"href":"https:\/\/radiorevelacionfm.cl\/index.php?rest_route=\/wp\/v2\/users\/1"}],"replies":[{"embeddable":true,"href":"https:\/\/radiorevelacionfm.cl\/index.php?rest_route=%2Fwp%2Fv2%2Fcomments&post=32561"}],"version-history":[{"count":1,"href":"https:\/\/radiorevelacionfm.cl\/index.php?rest_route=\/wp\/v2\/posts\/32561\/revisions"}],"predecessor-version":[{"id":32563,"href":"https:\/\/radiorevelacionfm.cl\/index.php?rest_route=\/wp\/v2\/posts\/32561\/revisions\/32563"}],"wp:featuredmedia":[{"embeddable":true,"href":"https:\/\/radiorevelacionfm.cl\/index.php?rest_route=\/wp\/v2\/media\/32562"}],"wp:attachment":[{"href":"https:\/\/radiorevelacionfm.cl\/index.php?rest_route=%2Fwp%2Fv2%2Fmedia&parent=32561"}],"wp:term":[{"taxonomy":"category","embeddable":true,"href":"https:\/\/radiorevelacionfm.cl\/index.php?rest_route=%2Fwp%2Fv2%2Fcategories&post=32561"},{"taxonomy":"post_tag","embeddable":true,"href":"https:\/\/radiorevelacionfm.cl\/index.php?rest_route=%2Fwp%2Fv2%2Ftags&post=32561"}],"curies":[{"name":"wp","href":"https:\/\/api.w.org\/{rel}","templated":true}]}}