{"id":32555,"date":"2023-07-01T23:38:23","date_gmt":"2023-07-02T02:38:23","guid":{"rendered":"https:\/\/radiorevelacionfm.cl\/?p=32555"},"modified":"2023-07-01T23:38:23","modified_gmt":"2023-07-02T02:38:23","slug":"cuenta-publica-pdi-jefe-regional-resalta-mas-de-un-80-de-efectividad-en-investigaciones-durante-el-ano-2022","status":"publish","type":"post","link":"https:\/\/radiorevelacionfm.cl\/?p=32555","title":{"rendered":"Cuenta p\u00fablica PDI: jefe regional resalta m\u00e1s de un 80% de efectividad en investigaciones durante el a\u00f1o 2022"},"content":{"rendered":"<div class=\"flex_column av_one_full  flex_column_div av-zero-column-padding first  avia-builder-el-0  el_before_av_one_full  avia-builder-el-first  \" style='border-radius:0px; '><div  class='avia-image-container  av-styling-    avia-builder-el-1  avia-builder-el-no-sibling  avia-align-center '  itemprop=\"image\" itemscope=\"itemscope\" itemtype=\"https:\/\/schema.org\/ImageObject\"  ><div class='avia-image-container-inner'><div class='avia-image-overlay-wrap'><img decoding=\"async\" class='wp-image-32557 avia-img-lazy-loading-not-32557 avia_image' src=\"https:\/\/radiorevelacionfm.cl\/wp-content\/uploads\/2023\/06\/Cuenta-Publica-PDI-Aysen-2023-002-2-2.jpg\" alt='' title='Cuenta P\u00fablica PDI Ays\u00e9n 2023 002-2-2' height=\"600\" width=\"900\"  itemprop=\"thumbnailUrl\" srcset=\"https:\/\/radiorevelacionfm.cl\/wp-content\/uploads\/2023\/06\/Cuenta-Publica-PDI-Aysen-2023-002-2-2.jpg 900w, https:\/\/radiorevelacionfm.cl\/wp-content\/uploads\/2023\/06\/Cuenta-Publica-PDI-Aysen-2023-002-2-2-300x200.jpg 300w, https:\/\/radiorevelacionfm.cl\/wp-content\/uploads\/2023\/06\/Cuenta-Publica-PDI-Aysen-2023-002-2-2-768x512.jpg 768w, https:\/\/radiorevelacionfm.cl\/wp-content\/uploads\/2023\/06\/Cuenta-Publica-PDI-Aysen-2023-002-2-2-705x470.jpg 705w, https:\/\/radiorevelacionfm.cl\/wp-content\/uploads\/2023\/06\/Cuenta-Publica-PDI-Aysen-2023-002-2-2-450x300.jpg 450w, https:\/\/radiorevelacionfm.cl\/wp-content\/uploads\/2023\/06\/Cuenta-Publica-PDI-Aysen-2023-002-2-2-600x400.jpg 600w\" sizes=\"(max-width: 900px) 100vw, 900px\" \/><\/div><\/div><\/div><\/div><div class=\"flex_column av_one_full  flex_column_div av-zero-column-padding first  avia-builder-el-2  el_after_av_one_full  el_before_av_one_full  column-top-margin\" style='border-radius:0px; '><section class=\"av_textblock_section \"  itemscope=\"itemscope\" itemtype=\"https:\/\/schema.org\/BlogPosting\" itemprop=\"blogPost\" ><div class='avia_textblock  '   itemprop=\"text\" ><p style=\"text-align: center;\"><span style=\"font-size: 18pt;\"><strong>Cuenta p\u00fablica PDI: jefe regional resalta m\u00e1s de un 80% de efectividad en investigaciones durante el a\u00f1o 2022<\/strong><\/span><\/p>\n<div id=\"gtx-trans\" style=\"position: absolute; left: -50px; top: 4.31534px;\">\n<div class=\"gtx-trans-icon\"><\/div>\n<\/div>\n<\/div><\/section><\/div><div class=\"flex_column av_one_full  flex_column_div av-zero-column-padding first  avia-builder-el-4  el_after_av_one_full  el_before_av_hr  column-top-margin\" style='border-radius:0px; '><section class=\"av_textblock_section \"  itemscope=\"itemscope\" itemtype=\"https:\/\/schema.org\/BlogPosting\" itemprop=\"blogPost\" ><div class='avia_textblock  '   itemprop=\"text\" ><p style=\"text-align: justify;\">Este mi\u00e9rcoles 28 de junio, en el auditorio del Centro Cultural Coyhaique, se llev\u00f3 a cabo la Cuenta P\u00fablica 2023 de la Polic\u00eda de Investigaciones de Chile en la Regi\u00f3n de Ays\u00e9n, acto encabezado por el jefe de la Regi\u00f3n Policial de Ays\u00e9n, prefecto Luis Torralba Ram\u00edrez, donde se destacaron los principales logros de la gesti\u00f3n administrativa y operativa del a\u00f1o 2022, ante diversas autoridades regionales.<\/p>\n<p style=\"text-align: justify;\">En la oportunidad, la m\u00e1xima autoridad de la polic\u00eda civil en la Regi\u00f3n abord\u00f3 el contexto actual de la instituci\u00f3n, una breve rese\u00f1a hist\u00f3rica de los 90 a\u00f1os de vida de la PDI, la dotaci\u00f3n regional, la gesti\u00f3n presupuestaria, cobertura e infraestructura, proyectos de inversi\u00f3n, los principales resultados operativos, labor pericial, control migratorio y los desaf\u00edos para la gesti\u00f3n.<\/p>\n<p style=\"text-align: justify;\">Durante la rendici\u00f3n de cuenta p\u00fablica, el jefe regional resalt\u00f3 el perfil investigativo de la instituci\u00f3n, destacando el profundo proceso de an\u00e1lisis criminal e inteligencia policial, as\u00ed como tambi\u00e9n los modelos de trabajo que han permitido obtener los resultados obtenidos durante el a\u00f1o pasado.<\/p>\n<p style=\"text-align: justify;\">As\u00ed, la PDI durante el a\u00f1o 2022 detuvo a 477 personas por distintos delitos, principalmente, por tr\u00e1fico de drogas, robos, econ\u00f3micos y sexuales. Del mismo modo, se investigaron 3.876 delitos y se recibieron 1.374 denuncias. Tambi\u00e9n se logr\u00f3 un 83,28% de efectividad en \u00f3rdenes de investigar y un 61.07% en \u00f3rdenes de detenci\u00f3n.<\/p>\n<p style=\"text-align: justify;\">En cuanto a la labor en el combate al tr\u00e1fico de drogas, se incautaron cerca de 100 mil dosis de las principales drogas, cannabis y clorhidrato de coca\u00edna, sustancias avaluadas en alrededor de 500 millones de pesos, representando un aumento de un 247% respecto al a\u00f1o 2021.<\/p>\n<p style=\"text-align: justify;\">\u201cEn estos 90 a\u00f1os en la escena del crimen, la Polic\u00eda de Investigaciones de Chile ha venido generando diversas l\u00edneas de trabajo con un an\u00e1lisis criminal profundo para poder desarticular las bandas criminales de la regi\u00f3n de Ays\u00e9n\u201d, sostuvo el prefecto Luis Torralba.<\/p>\n<p style=\"text-align: justify;\">Asimismo, el jefe regional indic\u00f3 que el trabajo silente de la PDI \u201cnos ha permitido llegar a una efectividad de m\u00e1s de un 80% en cumplimiento de las \u00f3rdenes de investigar con resultado, es decir con imputado conocido o especies recuperadas, lo que se suma a las medidas cautelares con las que cada una de estas personas han quedado sometidas por parte de los Tribunales. Aquello da cuenta que el trabajo de la Polic\u00eda de Investigaciones de Chile es efectivo en su desarrollo\u201d.<\/p>\n<p style=\"text-align: justify;\">Por su parte, el Delegado Presidencial Regional de Ays\u00e9n, Rodrigo Morales Araya, manifest\u00f3 posterior a la cuenta p\u00fablica que \u201cel trabajo con la Polic\u00eda de Investigaciones de Chile es relevante, la seguridad p\u00fablica es uno de los ejes estrat\u00e9gicos de nuestro Gobierno, pero tambi\u00e9n de la comunidad. En esta actividad donde se est\u00e1n celebrando los 90 a\u00f1os de vida de la PDI, hemos visto c\u00f3mo han ido perfeccionando y complejizando la labor que tienen que desarrollar en la investigaci\u00f3n de los delitos, donde la incorporaci\u00f3n de tecnolog\u00edas es fundamental en la labor de investigaci\u00f3n para sacar de circulaci\u00f3n las bandas delictuales que cometen estos delitos y que la PDI ha hecho muy bien en este \u00faltimo tiempo\u201d.<\/p>\n<p style=\"text-align: justify;\">Adem\u00e1s, durante la ceremonia se llev\u00f3 a cabo la entrega del Premio a la Excelencia en la Investigaci\u00f3n Criminal a la agrupaci\u00f3n Microtr\u00e1fico Cero de la Brigada de Investigaci\u00f3n Criminal Ays\u00e9n y se realiz\u00f3 la condecoraci\u00f3n del personal por 20 a\u00f1os de servicio.<\/p>\n<\/div><\/section><\/div><div  style='height:50px' class='hr hr-invisible   avia-builder-el-6  el_after_av_one_full  el_before_av_social_share '><span class='hr-inner ' ><span class='hr-inner-style'><\/span><\/span><\/div><\/p>\n<div  class='av-social-sharing-box  avia-builder-el-7  el_after_av_hr  el_before_av_hr  '><div class='av-share-box'><h5 class='av-share-link-description av-no-toc '>Compartir esta noticia<\/h5><ul class='av-share-box-list noLightbox'><li class='av-share-link av-social-link-facebook' ><a target=\"_blank\" aria-label=\"Compartir en Facebook\" href='https:\/\/www.facebook.com\/sharer.php?u=https:\/\/radiorevelacionfm.cl\/?p=32555&#038;t=Cuenta%20p%C3%BAblica%20PDI%3A%20jefe%20regional%20resalta%20m%C3%A1s%20de%20un%2080%25%20de%20efectividad%20en%20investigaciones%20durante%20el%20a%C3%B1o%202022' aria-hidden='false' data-av_icon='\ue8f3' data-av_iconfont='entypo-fontello' title='' data-avia-related-tooltip='Compartir en Facebook' rel=\"noopener\"><span class='avia_hidden_link_text'>Compartir en Facebook<\/span><\/a><\/li><li class='av-share-link av-social-link-twitter' ><a target=\"_blank\" aria-label=\"Compartir en Twitter\" href='https:\/\/twitter.com\/share?text=Cuenta%20p%C3%BAblica%20PDI%3A%20jefe%20regional%20resalta%20m%C3%A1s%20de%20un%2080%25%20de%20efectividad%20en%20investigaciones%20durante%20el%20a%C3%B1o%202022&#038;url=https:\/\/radiorevelacionfm.cl\/?p=32555' aria-hidden='false' data-av_icon='\ue8f1' data-av_iconfont='entypo-fontello' title='' data-avia-related-tooltip='Compartir en Twitter' rel=\"noopener\"><span class='avia_hidden_link_text'>Compartir en Twitter<\/span><\/a><\/li><li class='av-share-link av-social-link-whatsapp' ><a target=\"_blank\" aria-label=\"Compartir en Whatsapp\" href='https:\/\/api.whatsapp.com\/send?text=https:\/\/radiorevelacionfm.cl\/?p=32555' aria-hidden='false' data-av_icon='\uf232' data-av_iconfont='entypo-fontello' title='' data-avia-related-tooltip='Compartir en Whatsapp' rel=\"noopener\"><span class='avia_hidden_link_text'>Compartir en Whatsapp<\/span><\/a><\/li><li class='av-share-link av-social-link-linkedin' ><a target=\"_blank\" aria-label=\"Compartir en LinkedIn\" href='https:\/\/linkedin.com\/shareArticle?mini=true&#038;title=Cuenta%20p%C3%BAblica%20PDI%3A%20jefe%20regional%20resalta%20m%C3%A1s%20de%20un%2080%25%20de%20efectividad%20en%20investigaciones%20durante%20el%20a%C3%B1o%202022&#038;url=https:\/\/radiorevelacionfm.cl\/?p=32555' aria-hidden='false' data-av_icon='\ue8fc' data-av_iconfont='entypo-fontello' title='' data-avia-related-tooltip='Compartir en LinkedIn' rel=\"noopener\"><span class='avia_hidden_link_text'>Compartir en LinkedIn<\/span><\/a><\/li><li class='av-share-link av-social-link-mail' ><a  aria-label=\"Compartir por correo\" href='mailto:?subject=Cuenta%20p%C3%BAblica%20PDI%3A%20jefe%20regional%20resalta%20m%C3%A1s%20de%20un%2080%25%20de%20efectividad%20en%20investigaciones%20durante%20el%20a%C3%B1o%202022&#038;body=https:\/\/radiorevelacionfm.cl\/?p=32555' aria-hidden='false' data-av_icon='\ue805' data-av_iconfont='entypo-fontello' title='' data-avia-related-tooltip='Compartir por correo'><span class='avia_hidden_link_text'>Compartir por correo<\/span><\/a><\/li><\/ul><\/div><\/div>\n<div  style='height:50px' class='hr hr-invisible   avia-builder-el-8  el_after_av_social_share  el_before_av_comments_list '><span class='hr-inner ' ><span class='hr-inner-style'><\/span><\/span><\/div>\n<div  class='av-buildercomment  av-blog-meta-html-info-disabled av-blog-meta-tag-disabled  '><\/div>\n","protected":false},"excerpt":{"rendered":"","protected":false},"author":1,"featured_media":32557,"comment_status":"open","ping_status":"open","sticky":false,"template":"","format":"standard","meta":{"footnotes":""},"categories":[36],"tags":[],"class_list":["post-32555","post","type-post","status-publish","format-standard","has-post-thumbnail","hentry","category-policial"],"jetpack_featured_media_url":"https:\/\/radiorevelacionfm.cl\/wp-content\/uploads\/2023\/06\/Cuenta-Publica-PDI-Aysen-2023-002-2-2.jpg","_links":{"self":[{"href":"https:\/\/radiorevelacionfm.cl\/index.php?rest_route=\/wp\/v2\/posts\/32555","targetHints":{"allow":["GET"]}}],"collection":[{"href":"https:\/\/radiorevelacionfm.cl\/index.php?rest_route=\/wp\/v2\/posts"}],"about":[{"href":"https:\/\/radiorevelacionfm.cl\/index.php?rest_route=\/wp\/v2\/types\/post"}],"author":[{"embeddable":true,"href":"https:\/\/radiorevelacionfm.cl\/index.php?rest_route=\/wp\/v2\/users\/1"}],"replies":[{"embeddable":true,"href":"https:\/\/radiorevelacionfm.cl\/index.php?rest_route=%2Fwp%2Fv2%2Fcomments&post=32555"}],"version-history":[{"count":1,"href":"https:\/\/radiorevelacionfm.cl\/index.php?rest_route=\/wp\/v2\/posts\/32555\/revisions"}],"predecessor-version":[{"id":32558,"href":"https:\/\/radiorevelacionfm.cl\/index.php?rest_route=\/wp\/v2\/posts\/32555\/revisions\/32558"}],"wp:featuredmedia":[{"embeddable":true,"href":"https:\/\/radiorevelacionfm.cl\/index.php?rest_route=\/wp\/v2\/media\/32557"}],"wp:attachment":[{"href":"https:\/\/radiorevelacionfm.cl\/index.php?rest_route=%2Fwp%2Fv2%2Fmedia&parent=32555"}],"wp:term":[{"taxonomy":"category","embeddable":true,"href":"https:\/\/radiorevelacionfm.cl\/index.php?rest_route=%2Fwp%2Fv2%2Fcategories&post=32555"},{"taxonomy":"post_tag","embeddable":true,"href":"https:\/\/radiorevelacionfm.cl\/index.php?rest_route=%2Fwp%2Fv2%2Ftags&post=32555"}],"curies":[{"name":"wp","href":"https:\/\/api.w.org\/{rel}","templated":true}]}}