{"id":32552,"date":"2023-07-01T11:07:57","date_gmt":"2023-07-01T14:07:57","guid":{"rendered":"https:\/\/radiorevelacionfm.cl\/?p=32552"},"modified":"2023-07-01T11:07:57","modified_gmt":"2023-07-01T14:07:57","slug":"rio-ibanez-cuenta-con-fibra-optica-en-todos-sus-edificios-publicos","status":"publish","type":"post","link":"https:\/\/radiorevelacionfm.cl\/?p=32552","title":{"rendered":"R\u00edo Ib\u00e1\u00f1ez cuenta con fibra \u00f3ptica en todos sus edificios p\u00fablicos"},"content":{"rendered":"<div class=\"flex_column av_one_full  flex_column_div av-zero-column-padding first  avia-builder-el-0  el_before_av_one_full  avia-builder-el-first  \" style='border-radius:0px; '><div  class='avia-image-container  av-styling-    avia-builder-el-1  avia-builder-el-no-sibling  avia-align-center '  itemprop=\"image\" itemscope=\"itemscope\" itemtype=\"https:\/\/schema.org\/ImageObject\"  ><div class='avia-image-container-inner'><div class='avia-image-overlay-wrap'><img decoding=\"async\" class='wp-image-32553 avia-img-lazy-loading-not-32553 avia_image' src=\"https:\/\/radiorevelacionfm.cl\/wp-content\/uploads\/2023\/06\/fibra-optica-2.jpg\" alt='' title='fibra \u00f3ptica-2' height=\"507\" width=\"900\"  itemprop=\"thumbnailUrl\" srcset=\"https:\/\/radiorevelacionfm.cl\/wp-content\/uploads\/2023\/06\/fibra-optica-2.jpg 900w, https:\/\/radiorevelacionfm.cl\/wp-content\/uploads\/2023\/06\/fibra-optica-2-300x169.jpg 300w, https:\/\/radiorevelacionfm.cl\/wp-content\/uploads\/2023\/06\/fibra-optica-2-768x433.jpg 768w, https:\/\/radiorevelacionfm.cl\/wp-content\/uploads\/2023\/06\/fibra-optica-2-705x397.jpg 705w, https:\/\/radiorevelacionfm.cl\/wp-content\/uploads\/2023\/06\/fibra-optica-2-450x254.jpg 450w, https:\/\/radiorevelacionfm.cl\/wp-content\/uploads\/2023\/06\/fibra-optica-2-600x338.jpg 600w\" sizes=\"(max-width: 900px) 100vw, 900px\" \/><\/div><\/div><\/div><\/div><div class=\"flex_column av_one_full  flex_column_div av-zero-column-padding first  avia-builder-el-2  el_after_av_one_full  el_before_av_one_full  column-top-margin\" style='border-radius:0px; '><section class=\"av_textblock_section \"  itemscope=\"itemscope\" itemtype=\"https:\/\/schema.org\/BlogPosting\" itemprop=\"blogPost\" ><div class='avia_textblock  '   itemprop=\"text\" ><p style=\"text-align: center;\"><strong><span style=\"font-size: 18pt;\">R\u00edo Ib\u00e1\u00f1ez cuenta con fibra \u00f3ptica en todos sus edificios p\u00fablicos<\/span><\/strong><\/p>\n<div id=\"gtx-trans\" style=\"position: absolute; left: -50px; top: 4.31534px;\">\n<div class=\"gtx-trans-icon\"><\/div>\n<\/div>\n<\/div><\/section><\/div><div class=\"flex_column av_one_full  flex_column_div av-zero-column-padding first  avia-builder-el-4  el_after_av_one_full  el_before_av_hr  column-top-margin\" style='border-radius:0px; '><section class=\"av_textblock_section \"  itemscope=\"itemscope\" itemtype=\"https:\/\/schema.org\/BlogPosting\" itemprop=\"blogPost\" ><div class='avia_textblock  '   itemprop=\"text\" ><p style=\"text-align: justify;\">A comienzos del mes de junio se logr\u00f3 un importante avance en materias de conectividad digital en las distintas \u00e1reas de servicio p\u00fablico de la comuna de R\u00edo Ib\u00e1\u00f1ez, como lo son las escuelas, postas, bibliotecas, cuarteles de Bomberos, y edificios p\u00fablicos en general. Despu\u00e9s de casi 2 a\u00f1os de gesti\u00f3n por parte del municipio, y en un trabajo en conjunto con la empresa ganadora de la licitaci\u00f3n para instalar fibra \u00f3ptica en la comuna, en este caso Silica Networks, se logr\u00f3 en su totalidad establecer este tipo de conexi\u00f3n a internet, que mejorar\u00e1 el aprendizaje y las comunicaciones dentro y fuera de R\u00edo Ib\u00e1\u00f1ez.<\/p>\n<p style=\"text-align: justify;\">M\u00faltiples son los beneficios de la instalaci\u00f3n de la fibra \u00f3ptica, siendo una tecnolog\u00eda de datos r\u00e1pida y confiable, permitir\u00e1 una alta velocidad de conexi\u00f3n a internet, y dar\u00e1 estabilidad a esta, en todas las oficinas p\u00fablicas del municipio.<\/p>\n<p style=\"text-align: justify;\">En el caso del \u00e1rea de la salud permitir\u00e1 una comunicaci\u00f3n m\u00e1s fluida entre los distintos establecimientos m\u00e9dicos, dentro y fuera de la comuna, facilitar\u00e1 adem\u00e1s la telemedicina y el intercambio de informaci\u00f3n hospitalaria en tiempo real. Por otro lado las bibliotecas podr\u00e1n dar acceso a todo p\u00fablico a bibliotecas digitales, bases de datos, reforzando las instalaciones como centros de conocimiento, y as\u00ed promover el aprendizaje y la cultura.<\/p>\n<p style=\"text-align: justify;\">En el \u00e1mbito educativo, se podr\u00e1 acceder a herramientas y materiales de estudio en l\u00ednea, participar en programas de educaci\u00f3n a distancia, sumado a que estas instancias crean un espacio m\u00e1s did\u00e1ctico para que los alumnos aprendan de manera diferente las materias que imparten en los colegios, y en ese sentido el docente y encargado de la sala de computaci\u00f3n de la Escuela Rural Carretera Austral, Vladimir Gutierr\u00e9z, destac\u00f3 los m\u00faltiples beneficio que ha tra\u00eddo la fibra \u00f3ptica: <em>\u201cPasamos de tener una red de 3 megabytes a una de 100, esto ha permitido que se utilicen con mayor frecuencia los equipos, adem\u00e1s de poder acceder a software y plataformas educativas, en distintas \u00e1reas, pr\u00e1cticamente en todas las disciplinas, esto conlleva al avance de los ni\u00f1os, al aplicar otros m\u00e9todos de aprendizaje en el aula, tambi\u00e9n nosotros los profesores hemos podido acceder a material nuevo para poder trabajar con los alumnos\u201d.<\/em><\/p>\n<p style=\"text-align: justify;\">Desde el municipio reafirman su compromiso con la mejora de las telecomunicaciones a nivel general, y esperan que, en un futuro cercano se pueda mejorar a\u00fan m\u00e1s, la conexi\u00f3n web, y poder pasar de los 100 <em>megabytes<\/em> a 1 <em>gigabyte<\/em> de velocidad de internet.<\/p>\n<p style=\"text-align: justify;\"><em>\u00a0<\/em><\/p>\n<\/div><\/section><\/div><div  style='height:50px' class='hr hr-invisible   avia-builder-el-6  el_after_av_one_full  el_before_av_social_share '><span class='hr-inner ' ><span class='hr-inner-style'><\/span><\/span><\/div><\/p>\n<div  class='av-social-sharing-box  avia-builder-el-7  el_after_av_hr  el_before_av_hr  '><div class='av-share-box'><h5 class='av-share-link-description av-no-toc '>Compartir esta noticia<\/h5><ul class='av-share-box-list noLightbox'><li class='av-share-link av-social-link-facebook' ><a target=\"_blank\" aria-label=\"Compartir en Facebook\" href='https:\/\/www.facebook.com\/sharer.php?u=https:\/\/radiorevelacionfm.cl\/?p=32552&#038;t=R%C3%ADo%20Ib%C3%A1%C3%B1ez%20cuenta%20con%20fibra%20%C3%B3ptica%20en%20todos%20sus%20edificios%20p%C3%BAblicos' aria-hidden='false' data-av_icon='\ue8f3' data-av_iconfont='entypo-fontello' title='' data-avia-related-tooltip='Compartir en Facebook' rel=\"noopener\"><span class='avia_hidden_link_text'>Compartir en Facebook<\/span><\/a><\/li><li class='av-share-link av-social-link-twitter' ><a target=\"_blank\" aria-label=\"Compartir en Twitter\" href='https:\/\/twitter.com\/share?text=R%C3%ADo%20Ib%C3%A1%C3%B1ez%20cuenta%20con%20fibra%20%C3%B3ptica%20en%20todos%20sus%20edificios%20p%C3%BAblicos&#038;url=https:\/\/radiorevelacionfm.cl\/?p=32552' aria-hidden='false' data-av_icon='\ue8f1' data-av_iconfont='entypo-fontello' title='' data-avia-related-tooltip='Compartir en Twitter' rel=\"noopener\"><span class='avia_hidden_link_text'>Compartir en Twitter<\/span><\/a><\/li><li class='av-share-link av-social-link-whatsapp' ><a target=\"_blank\" aria-label=\"Compartir en Whatsapp\" href='https:\/\/api.whatsapp.com\/send?text=https:\/\/radiorevelacionfm.cl\/?p=32552' aria-hidden='false' data-av_icon='\uf232' data-av_iconfont='entypo-fontello' title='' data-avia-related-tooltip='Compartir en Whatsapp' rel=\"noopener\"><span class='avia_hidden_link_text'>Compartir en Whatsapp<\/span><\/a><\/li><li class='av-share-link av-social-link-linkedin' ><a target=\"_blank\" aria-label=\"Compartir en LinkedIn\" href='https:\/\/linkedin.com\/shareArticle?mini=true&#038;title=R%C3%ADo%20Ib%C3%A1%C3%B1ez%20cuenta%20con%20fibra%20%C3%B3ptica%20en%20todos%20sus%20edificios%20p%C3%BAblicos&#038;url=https:\/\/radiorevelacionfm.cl\/?p=32552' aria-hidden='false' data-av_icon='\ue8fc' data-av_iconfont='entypo-fontello' title='' data-avia-related-tooltip='Compartir en LinkedIn' rel=\"noopener\"><span class='avia_hidden_link_text'>Compartir en LinkedIn<\/span><\/a><\/li><li class='av-share-link av-social-link-mail' ><a  aria-label=\"Compartir por correo\" href='mailto:?subject=R%C3%ADo%20Ib%C3%A1%C3%B1ez%20cuenta%20con%20fibra%20%C3%B3ptica%20en%20todos%20sus%20edificios%20p%C3%BAblicos&#038;body=https:\/\/radiorevelacionfm.cl\/?p=32552' aria-hidden='false' data-av_icon='\ue805' data-av_iconfont='entypo-fontello' title='' data-avia-related-tooltip='Compartir por correo'><span class='avia_hidden_link_text'>Compartir por correo<\/span><\/a><\/li><\/ul><\/div><\/div>\n<div  style='height:50px' class='hr hr-invisible   avia-builder-el-8  el_after_av_social_share  el_before_av_comments_list '><span class='hr-inner ' ><span class='hr-inner-style'><\/span><\/span><\/div>\n<div  class='av-buildercomment  av-blog-meta-html-info-disabled av-blog-meta-tag-disabled  '><\/div>\n","protected":false},"excerpt":{"rendered":"","protected":false},"author":1,"featured_media":32553,"comment_status":"open","ping_status":"open","sticky":false,"template":"","format":"standard","meta":{"footnotes":""},"categories":[38],"tags":[],"class_list":["post-32552","post","type-post","status-publish","format-standard","has-post-thumbnail","hentry","category-regional"],"jetpack_featured_media_url":"https:\/\/radiorevelacionfm.cl\/wp-content\/uploads\/2023\/06\/fibra-optica-2.jpg","_links":{"self":[{"href":"https:\/\/radiorevelacionfm.cl\/index.php?rest_route=\/wp\/v2\/posts\/32552","targetHints":{"allow":["GET"]}}],"collection":[{"href":"https:\/\/radiorevelacionfm.cl\/index.php?rest_route=\/wp\/v2\/posts"}],"about":[{"href":"https:\/\/radiorevelacionfm.cl\/index.php?rest_route=\/wp\/v2\/types\/post"}],"author":[{"embeddable":true,"href":"https:\/\/radiorevelacionfm.cl\/index.php?rest_route=\/wp\/v2\/users\/1"}],"replies":[{"embeddable":true,"href":"https:\/\/radiorevelacionfm.cl\/index.php?rest_route=%2Fwp%2Fv2%2Fcomments&post=32552"}],"version-history":[{"count":1,"href":"https:\/\/radiorevelacionfm.cl\/index.php?rest_route=\/wp\/v2\/posts\/32552\/revisions"}],"predecessor-version":[{"id":32554,"href":"https:\/\/radiorevelacionfm.cl\/index.php?rest_route=\/wp\/v2\/posts\/32552\/revisions\/32554"}],"wp:featuredmedia":[{"embeddable":true,"href":"https:\/\/radiorevelacionfm.cl\/index.php?rest_route=\/wp\/v2\/media\/32553"}],"wp:attachment":[{"href":"https:\/\/radiorevelacionfm.cl\/index.php?rest_route=%2Fwp%2Fv2%2Fmedia&parent=32552"}],"wp:term":[{"taxonomy":"category","embeddable":true,"href":"https:\/\/radiorevelacionfm.cl\/index.php?rest_route=%2Fwp%2Fv2%2Fcategories&post=32552"},{"taxonomy":"post_tag","embeddable":true,"href":"https:\/\/radiorevelacionfm.cl\/index.php?rest_route=%2Fwp%2Fv2%2Ftags&post=32552"}],"curies":[{"name":"wp","href":"https:\/\/api.w.org\/{rel}","templated":true}]}}