{"id":32549,"date":"2023-07-01T12:28:02","date_gmt":"2023-07-01T15:28:02","guid":{"rendered":"https:\/\/radiorevelacionfm.cl\/?p=32549"},"modified":"2023-07-01T12:28:02","modified_gmt":"2023-07-01T15:28:02","slug":"libro-historias-de-canito-ii-del-autor-regional-manuel-hernandez-se-presento-en-biblioteca-publica-de-aysen","status":"publish","type":"post","link":"https:\/\/radiorevelacionfm.cl\/?p=32549","title":{"rendered":"Libro \u201cHistorias de Canito II\u201d del autor regional Manuel Hern\u00e1ndez se present\u00f3 en Biblioteca P\u00fablica de Ays\u00e9n"},"content":{"rendered":"<div class=\"flex_column av_one_full  flex_column_div av-zero-column-padding first  avia-builder-el-0  el_before_av_one_full  avia-builder-el-first  \" style='border-radius:0px; '><div  class='avia-image-container  av-styling-    avia-builder-el-1  avia-builder-el-no-sibling  avia-align-center '  itemprop=\"image\" itemscope=\"itemscope\" itemtype=\"https:\/\/schema.org\/ImageObject\"  ><div class='avia-image-container-inner'><div class='avia-image-overlay-wrap'><img decoding=\"async\" class='wp-image-32550 avia-img-lazy-loading-not-32550 avia_image' src=\"https:\/\/radiorevelacionfm.cl\/wp-content\/uploads\/2023\/06\/Fotografia-2-2.jpeg\" alt='' title='Fotograf\u00eda-2-2' height=\"600\" width=\"900\"  itemprop=\"thumbnailUrl\" srcset=\"https:\/\/radiorevelacionfm.cl\/wp-content\/uploads\/2023\/06\/Fotografia-2-2.jpeg 900w, https:\/\/radiorevelacionfm.cl\/wp-content\/uploads\/2023\/06\/Fotografia-2-2-300x200.jpeg 300w, https:\/\/radiorevelacionfm.cl\/wp-content\/uploads\/2023\/06\/Fotografia-2-2-768x512.jpeg 768w, https:\/\/radiorevelacionfm.cl\/wp-content\/uploads\/2023\/06\/Fotografia-2-2-705x470.jpeg 705w, https:\/\/radiorevelacionfm.cl\/wp-content\/uploads\/2023\/06\/Fotografia-2-2-450x300.jpeg 450w, https:\/\/radiorevelacionfm.cl\/wp-content\/uploads\/2023\/06\/Fotografia-2-2-600x400.jpeg 600w\" sizes=\"(max-width: 900px) 100vw, 900px\" \/><\/div><\/div><\/div><\/div><div class=\"flex_column av_one_full  flex_column_div av-zero-column-padding first  avia-builder-el-2  el_after_av_one_full  el_before_av_one_full  column-top-margin\" style='border-radius:0px; '><section class=\"av_textblock_section \"  itemscope=\"itemscope\" itemtype=\"https:\/\/schema.org\/BlogPosting\" itemprop=\"blogPost\" ><div class='avia_textblock  '   itemprop=\"text\" ><div style=\"text-align: center;\"><span style=\"font-size: 18pt;\"><b>Libro \u201cHistorias de Canito II\u201d del autor regional Manuel Hern\u00e1ndez se present\u00f3 en Biblioteca P\u00fablica de Ays\u00e9n<\/b><\/span><\/div>\n<div id=\"gtx-trans\" style=\"position: absolute; left: -50px; top: 4.31534px;\">\n<div class=\"gtx-trans-icon\"><\/div>\n<\/div>\n<\/div><\/section><\/div><div class=\"flex_column av_one_full  flex_column_div av-zero-column-padding first  avia-builder-el-4  el_after_av_one_full  el_before_av_hr  column-top-margin\" style='border-radius:0px; '><section class=\"av_textblock_section \"  itemscope=\"itemscope\" itemtype=\"https:\/\/schema.org\/BlogPosting\" itemprop=\"blogPost\" ><div class='avia_textblock  '   itemprop=\"text\" ><p style=\"text-align: justify;\">En las dependencias de la Biblioteca P\u00fablica de Ays\u00e9n y con la presencia del alcalde, Julio Uribe Alvarado, se present\u00f3 el libro \u201cHistorias de Canito II (Reminiscencias)\u201d del escritor Manuel Hern\u00e1ndez Barr\u00eda, nacido en Chilo\u00e9 y radicado desde 1981 en Puerto Ays\u00e9n.<\/p>\n<p style=\"text-align: justify;\">\u201cHistorias de Canito II\u201d rememora la infancia de Hern\u00e1ndez Barr\u00eda y los recuerdos marcados por el terremoto de Valdivia ocurrido el 22 de mayo de 1960, una de las cat\u00e1strofes m\u00e1s importantes en la historia s\u00edsmica de Chile y el mundo. El autor al referirse a \u201cHistorias de Canito II (Reminiscencias)\u201d comenta, \u201csol\u00eda contarles a mis hijos las historias de Canito. Cuando ellos crecieron, me pidieron que se las contara a sus hijos, mis nietos. Han pasado casi 60 a\u00f1os. La memoria y mis recuerdos pueden haber tergiversado algunas situaciones, pero, en esencia, la vida de este ni\u00f1o chilote est\u00e1 ah\u00ed con su inocencia, ternura y esperanza de una vida mejor\u201d.<\/p>\n<p style=\"text-align: justify;\">La ocasi\u00f3n estuvo acompa\u00f1ada por el Taller de Folklor de estudiantes de la Escuela Almirante Simpson de Puerto Chacabuco, instancia que est\u00e1 bajo la direcci\u00f3n de la asistente profesional Yasna Z\u00fa\u00f1iga. Las j\u00f3venes participantes del taller presentaron los bailes tradicionales de la zona de Chilo\u00e9, \u201cChocolate\u201d y \u201cCaballito avante\u201d.<\/p>\n<p style=\"text-align: justify;\">\u00abEstamos muy emocionados de lanzar hoy &#8216;Historias de Canito&#8217; en nuestra Biblioteca P\u00fablica. Este es un hito sumamente importante, ya que durante mi gesti\u00f3n hemos lanzado una notable cantidad de libros, y este es el n\u00famero 13. Se trata de la segunda edici\u00f3n de esta obra, que fue lanzada por primera vez en 2021. Creo que el \u00e9xito y la relevancia de ese primer lanzamiento motivaron al autor a continuar su labor y publicar otro libro. Es gratificante poder realizar este tipo de eventos, que otorgan importancia a su trabajo y tambi\u00e9n valoran la cultura transmitida por las ni\u00f1as y ni\u00f1os a trav\u00e9s de la m\u00fasica. Siempre promovemos el intercambio entre la literatura y la m\u00fasica, y en este caso, el folclore. Esto nos llena de motivaci\u00f3n y nos impulsa a seguir trabajando en apoyo a nuestros talentosos escritores locales\u201d, coment\u00f3 el alcalde de la comuna, Julio Uribe Alvarado.<\/p>\n<\/div><\/section><\/div><div  style='height:50px' class='hr hr-invisible   avia-builder-el-6  el_after_av_one_full  el_before_av_social_share '><span class='hr-inner ' ><span class='hr-inner-style'><\/span><\/span><\/div><\/p>\n<div  class='av-social-sharing-box  avia-builder-el-7  el_after_av_hr  el_before_av_hr  '><div class='av-share-box'><h5 class='av-share-link-description av-no-toc '>Compartir esta noticia<\/h5><ul class='av-share-box-list noLightbox'><li class='av-share-link av-social-link-facebook' ><a target=\"_blank\" aria-label=\"Compartir en Facebook\" href='https:\/\/www.facebook.com\/sharer.php?u=https:\/\/radiorevelacionfm.cl\/?p=32549&#038;t=Libro%20%E2%80%9CHistorias%20de%20Canito%20II%E2%80%9D%20del%20autor%20regional%20Manuel%20Hern%C3%A1ndez%20se%20present%C3%B3%20en%20Biblioteca%20P%C3%BAblica%20de%20Ays%C3%A9n' aria-hidden='false' data-av_icon='\ue8f3' data-av_iconfont='entypo-fontello' title='' data-avia-related-tooltip='Compartir en Facebook' rel=\"noopener\"><span class='avia_hidden_link_text'>Compartir en Facebook<\/span><\/a><\/li><li class='av-share-link av-social-link-twitter' ><a target=\"_blank\" aria-label=\"Compartir en Twitter\" href='https:\/\/twitter.com\/share?text=Libro%20%E2%80%9CHistorias%20de%20Canito%20II%E2%80%9D%20del%20autor%20regional%20Manuel%20Hern%C3%A1ndez%20se%20present%C3%B3%20en%20Biblioteca%20P%C3%BAblica%20de%20Ays%C3%A9n&#038;url=https:\/\/radiorevelacionfm.cl\/?p=32549' aria-hidden='false' data-av_icon='\ue8f1' data-av_iconfont='entypo-fontello' title='' data-avia-related-tooltip='Compartir en Twitter' rel=\"noopener\"><span class='avia_hidden_link_text'>Compartir en Twitter<\/span><\/a><\/li><li class='av-share-link av-social-link-whatsapp' ><a target=\"_blank\" aria-label=\"Compartir en Whatsapp\" href='https:\/\/api.whatsapp.com\/send?text=https:\/\/radiorevelacionfm.cl\/?p=32549' aria-hidden='false' data-av_icon='\uf232' data-av_iconfont='entypo-fontello' title='' data-avia-related-tooltip='Compartir en Whatsapp' rel=\"noopener\"><span class='avia_hidden_link_text'>Compartir en Whatsapp<\/span><\/a><\/li><li class='av-share-link av-social-link-linkedin' ><a target=\"_blank\" aria-label=\"Compartir en LinkedIn\" href='https:\/\/linkedin.com\/shareArticle?mini=true&#038;title=Libro%20%E2%80%9CHistorias%20de%20Canito%20II%E2%80%9D%20del%20autor%20regional%20Manuel%20Hern%C3%A1ndez%20se%20present%C3%B3%20en%20Biblioteca%20P%C3%BAblica%20de%20Ays%C3%A9n&#038;url=https:\/\/radiorevelacionfm.cl\/?p=32549' aria-hidden='false' data-av_icon='\ue8fc' data-av_iconfont='entypo-fontello' title='' data-avia-related-tooltip='Compartir en LinkedIn' rel=\"noopener\"><span class='avia_hidden_link_text'>Compartir en LinkedIn<\/span><\/a><\/li><li class='av-share-link av-social-link-mail' ><a  aria-label=\"Compartir por correo\" href='mailto:?subject=Libro%20%E2%80%9CHistorias%20de%20Canito%20II%E2%80%9D%20del%20autor%20regional%20Manuel%20Hern%C3%A1ndez%20se%20present%C3%B3%20en%20Biblioteca%20P%C3%BAblica%20de%20Ays%C3%A9n&#038;body=https:\/\/radiorevelacionfm.cl\/?p=32549' aria-hidden='false' data-av_icon='\ue805' data-av_iconfont='entypo-fontello' title='' data-avia-related-tooltip='Compartir por correo'><span class='avia_hidden_link_text'>Compartir por correo<\/span><\/a><\/li><\/ul><\/div><\/div>\n<div  style='height:50px' class='hr hr-invisible   avia-builder-el-8  el_after_av_social_share  el_before_av_comments_list '><span class='hr-inner ' ><span class='hr-inner-style'><\/span><\/span><\/div>\n<div  class='av-buildercomment  av-blog-meta-html-info-disabled av-blog-meta-tag-disabled  '><\/div>\n","protected":false},"excerpt":{"rendered":"","protected":false},"author":1,"featured_media":32550,"comment_status":"open","ping_status":"open","sticky":false,"template":"","format":"standard","meta":{"footnotes":""},"categories":[52],"tags":[],"class_list":["post-32549","post","type-post","status-publish","format-standard","has-post-thumbnail","hentry","category-cultura"],"jetpack_featured_media_url":"https:\/\/radiorevelacionfm.cl\/wp-content\/uploads\/2023\/06\/Fotografia-2-2.jpeg","_links":{"self":[{"href":"https:\/\/radiorevelacionfm.cl\/index.php?rest_route=\/wp\/v2\/posts\/32549","targetHints":{"allow":["GET"]}}],"collection":[{"href":"https:\/\/radiorevelacionfm.cl\/index.php?rest_route=\/wp\/v2\/posts"}],"about":[{"href":"https:\/\/radiorevelacionfm.cl\/index.php?rest_route=\/wp\/v2\/types\/post"}],"author":[{"embeddable":true,"href":"https:\/\/radiorevelacionfm.cl\/index.php?rest_route=\/wp\/v2\/users\/1"}],"replies":[{"embeddable":true,"href":"https:\/\/radiorevelacionfm.cl\/index.php?rest_route=%2Fwp%2Fv2%2Fcomments&post=32549"}],"version-history":[{"count":1,"href":"https:\/\/radiorevelacionfm.cl\/index.php?rest_route=\/wp\/v2\/posts\/32549\/revisions"}],"predecessor-version":[{"id":32551,"href":"https:\/\/radiorevelacionfm.cl\/index.php?rest_route=\/wp\/v2\/posts\/32549\/revisions\/32551"}],"wp:featuredmedia":[{"embeddable":true,"href":"https:\/\/radiorevelacionfm.cl\/index.php?rest_route=\/wp\/v2\/media\/32550"}],"wp:attachment":[{"href":"https:\/\/radiorevelacionfm.cl\/index.php?rest_route=%2Fwp%2Fv2%2Fmedia&parent=32549"}],"wp:term":[{"taxonomy":"category","embeddable":true,"href":"https:\/\/radiorevelacionfm.cl\/index.php?rest_route=%2Fwp%2Fv2%2Fcategories&post=32549"},{"taxonomy":"post_tag","embeddable":true,"href":"https:\/\/radiorevelacionfm.cl\/index.php?rest_route=%2Fwp%2Fv2%2Ftags&post=32549"}],"curies":[{"name":"wp","href":"https:\/\/api.w.org\/{rel}","templated":true}]}}