{"id":32546,"date":"2023-06-30T22:47:02","date_gmt":"2023-07-01T01:47:02","guid":{"rendered":"https:\/\/radiorevelacionfm.cl\/?p=32546"},"modified":"2023-06-30T22:47:02","modified_gmt":"2023-07-01T01:47:02","slug":"directora-de-escuela-de-desarrollo-de-talentos-de-la-u-de-chile-visita-a-estudiantes-del-liceo-raul-broussain-campino","status":"publish","type":"post","link":"https:\/\/radiorevelacionfm.cl\/?p=32546","title":{"rendered":"Directora de Escuela de Desarrollo de Talentos de la U. de Chile visita a estudiantes del liceo Ra\u00fal Broussain Campino"},"content":{"rendered":"<div class=\"flex_column av_one_full  flex_column_div av-zero-column-padding first  avia-builder-el-0  el_before_av_one_full  avia-builder-el-first  \" style='border-radius:0px; '><div  class='avia-image-container  av-styling-    avia-builder-el-1  avia-builder-el-no-sibling  avia-align-center '  itemprop=\"image\" itemscope=\"itemscope\" itemtype=\"https:\/\/schema.org\/ImageObject\"  ><div class='avia-image-container-inner'><div class='avia-image-overlay-wrap'><img decoding=\"async\" class='wp-image-32547 avia-img-lazy-loading-not-32547 avia_image' src=\"https:\/\/radiorevelacionfm.cl\/wp-content\/uploads\/2023\/06\/356255124_120539777744002_2767468129811505277_n-2-2.jpg\" alt='' title='356255124_120539777744002_2767468129811505277_n-2-2' height=\"600\" width=\"1333\"  itemprop=\"thumbnailUrl\" srcset=\"https:\/\/radiorevelacionfm.cl\/wp-content\/uploads\/2023\/06\/356255124_120539777744002_2767468129811505277_n-2-2.jpg 1333w, https:\/\/radiorevelacionfm.cl\/wp-content\/uploads\/2023\/06\/356255124_120539777744002_2767468129811505277_n-2-2-300x135.jpg 300w, https:\/\/radiorevelacionfm.cl\/wp-content\/uploads\/2023\/06\/356255124_120539777744002_2767468129811505277_n-2-2-1030x464.jpg 1030w, https:\/\/radiorevelacionfm.cl\/wp-content\/uploads\/2023\/06\/356255124_120539777744002_2767468129811505277_n-2-2-768x346.jpg 768w, https:\/\/radiorevelacionfm.cl\/wp-content\/uploads\/2023\/06\/356255124_120539777744002_2767468129811505277_n-2-2-705x317.jpg 705w, https:\/\/radiorevelacionfm.cl\/wp-content\/uploads\/2023\/06\/356255124_120539777744002_2767468129811505277_n-2-2-450x203.jpg 450w, https:\/\/radiorevelacionfm.cl\/wp-content\/uploads\/2023\/06\/356255124_120539777744002_2767468129811505277_n-2-2-600x270.jpg 600w\" sizes=\"(max-width: 1333px) 100vw, 1333px\" \/><\/div><\/div><\/div><\/div><div class=\"flex_column av_one_full  flex_column_div av-zero-column-padding first  avia-builder-el-2  el_after_av_one_full  el_before_av_one_full  column-top-margin\" style='border-radius:0px; '><section class=\"av_textblock_section \"  itemscope=\"itemscope\" itemtype=\"https:\/\/schema.org\/BlogPosting\" itemprop=\"blogPost\" ><div class='avia_textblock  '   itemprop=\"text\" ><p style=\"text-align: center;\"><span style=\"font-size: 18pt;\"><strong>Directora de Escuela de Desarrollo de Talentos de la U. de Chile visita a estudiantes del liceo Ra\u00fal Broussain Campino<\/strong><\/span><\/p>\n<div id=\"gtx-trans\" style=\"position: absolute; left: -50px; top: 4.31534px;\">\n<div class=\"gtx-trans-icon\"><\/div>\n<\/div>\n<\/div><\/section><\/div><div class=\"flex_column av_one_full  flex_column_div av-zero-column-padding first  avia-builder-el-4  el_after_av_one_full  el_before_av_hr  column-top-margin\" style='border-radius:0px; '><section class=\"av_textblock_section \"  itemscope=\"itemscope\" itemtype=\"https:\/\/schema.org\/BlogPosting\" itemprop=\"blogPost\" ><div class='avia_textblock  '   itemprop=\"text\" ><p style=\"text-align: justify;\"><em>Hasta las dependencias del liceo Ra\u00fal Broussain Campino, en Puerto Ays\u00e9n, arrib\u00f3 este jueves la directora ejecutiva de la Escuela de Desarrollo de Talentos, EDT, de la Universidad de Chile, Gladys Ahumada.<\/em><\/p>\n<p style=\"text-align: justify;\">Ello, en el marco de la alianza de trabajo entre ambas instituciones, que se ha extendido durante cuatro a\u00f1os, y que hoy incorpora un total de nueve estudiantes, quienes se han visto beneficiadas por este programa de la Facultad de Econom\u00eda y Negocios de la casa de estudios superiores, cuyo objetivo apunta a apoyar a estudiantes sobresalientes de los liceos del pa\u00eds para as\u00ed entregar una formaci\u00f3n integral que les permita ingresar, mantenerse y graduarse de la educaci\u00f3n superior.<\/p>\n<p style=\"text-align: justify;\">De esta manera, el encuentro estuvo protagonizado por las alumnas junto al equipo docente del establecimiento -conformado por los profesores Mar\u00eda Jos\u00e9 Molina, Cristina Galarce, Evelyn Betancourt y Francisco \u00c1lvarez-; el director del liceo, Eduardo Obando; y el alcalde de la comuna, Julio Uribe. Todos actores relevantes dentro de este trabajo, cuyos r\u00e9ditos han sido totalmente positivos y que han significado mejoras, especialmente, en los puntajes de las \u00faltimas rendiciones de PTU, as\u00ed como el ingreso de estudiantes a prestigiosas universidades del pa\u00eds.<\/p>\n<p style=\"text-align: justify;\">\u201cVengo a conocer a las alumnas que se integraron este a\u00f1o y a mostrarles el inter\u00e9s que tenemos como escuela de continuar con esta alianza porque el desempe\u00f1o de los estudiantes de la zona ha sido notable. Hemos tenido muy buenos resultados, tenemos estudiantes de esta regi\u00f3n y de este liceo que hoy se encuentran cursando excelentes carreras en universidades super selectivas\u201d, manifest\u00f3 la directora de la EDT, Gladys Ahumada.<\/p>\n<p style=\"text-align: justify;\">La profesional agreg\u00f3 que \u201ces fundamental fortalecer este v\u00ednculo que ha sido, sin duda, el m\u00e1s exitoso de la escuela. Adem\u00e1s, nosotros cumplimos 10 a\u00f1os este 2023 y parte importante de nuestro proceso de crecimiento fue incorporar a Ays\u00e9n, que fue la primera regi\u00f3n en formar parte de este programa, y con eso nosotros descubrimos que pod\u00edamos hacer educaci\u00f3n a distancia, pod\u00edamos lograr los mismos resultados que con los alumnos presenciales desde lejos y desde ah\u00ed transformar el futuro de los j\u00f3venes\u201d.<\/p>\n<p style=\"text-align: justify;\">Por su parte, el edil aysenino relev\u00f3 esta visita que permitir\u00e1 seguir afianzando el trabajo construido a lo largo de los a\u00f1os, potenciando as\u00ed al objetivo principal de esta alianza, como son las y los j\u00f3venes ayseninos. \u201cEl apoyo que han tenido de la Universidad de Chile es tremendo. Este a\u00f1o se est\u00e1 preparando una nueva pasant\u00eda, as\u00ed como la continuidad de un camino que ya ha dado frutos. Por lo tanto, para nosotros un tremendo orgullo poder contar con estos programas y ser parte de ellos. Asimismo, destacar el profesionalismo y el compromiso de los docentes del liceo, que les permite avanzar en materia de educaci\u00f3n superior y la formaci\u00f3n de personas integrales\u201d.<\/p>\n<p style=\"text-align: justify;\">REACCIONES<\/p>\n<p style=\"text-align: justify;\">Sobre la importancia de la Escuela de Desarrollo de Talentos en la vida acad\u00e9mica y personal de las estudiantes que son parte de este proyecto, Mar\u00eda C\u00e1rdenas, de cuarto a\u00f1o medio expres\u00f3 que \u201cyo ingres\u00e9 hace dos a\u00f1os a la EDT. Al principio fue un poco dif\u00edcil porque requiere de mucho compromiso. Las clases son luego del horario del liceo, tambi\u00e9n los s\u00e1bados. Es agotador, sin embargo, cuando pasa el tiempo y miras hacia atr\u00e1s te das cuenta que ha valido la pena. Cuando ves los avances, las mejoras\u201d.<\/p>\n<p style=\"text-align: justify;\">La alumna a\u00f1adi\u00f3 que \u201cla EDT ha sido s\u00faper importante, cambi\u00f3 mi manera de ver las matem\u00e1ticas, por ejemplo, que es lo que m\u00e1s me costaba. Creo que es una experiencia de aprendizaje muy enriquecedora, y ser\u00eda muy importante ver m\u00e1s alumnos ser parte de esto. Y felices con la visita de la directora ejecutiva. Da muestra de su compromiso con la regi\u00f3n y con nosotras, as\u00ed que muy contenta de ser parte de este programa, que estoy segura me permitir\u00e1 lograr mis metas\u201d.<\/p>\n<p style=\"text-align: justify;\">Finalmente, Maira Parada, de tercer a\u00f1o medio ingres\u00f3 este 2023 a la EDT, sin embargo, a escasos meses de comenzar \u201cya he visto resultados, en matem\u00e1ticas, por ejemplo, tambi\u00e9n en lenguaje. Todo ha sido genial, se nota el compromiso que tienen con uno, y me imagino que con esto tengo una gran oportunidad de ingresar a la educaci\u00f3n superior. Los profesores son s\u00faper dedicados y se dan el tiempo para ense\u00f1arnos, y eso se agradece\u201d.<\/p>\n<p style=\"text-align: justify;\">Se\u00f1alar que en julio de 2022 las estudiantes fueron invitadas a conocer las dependencias de la Universidad de Chile, as\u00ed como espacios acad\u00e9micos y culturales de la regi\u00f3n Metropolitana, en esta gira de estudios que se extendi\u00f3 durante una semana, y que fue posible gracias a las coordinaciones del liceo con la EDT, en colaboraci\u00f3n con el municipio aysenino.<\/p>\n<\/div><\/section><\/div><div  style='height:50px' class='hr hr-invisible   avia-builder-el-6  el_after_av_one_full  el_before_av_social_share '><span class='hr-inner ' ><span class='hr-inner-style'><\/span><\/span><\/div><\/p>\n<div  class='av-social-sharing-box  avia-builder-el-7  el_after_av_hr  el_before_av_hr  '><div class='av-share-box'><h5 class='av-share-link-description av-no-toc '>Compartir esta noticia<\/h5><ul class='av-share-box-list noLightbox'><li class='av-share-link av-social-link-facebook' ><a target=\"_blank\" aria-label=\"Compartir en Facebook\" href='https:\/\/www.facebook.com\/sharer.php?u=https:\/\/radiorevelacionfm.cl\/?p=32546&#038;t=Directora%20de%20Escuela%20de%20Desarrollo%20de%20Talentos%20de%20la%20U.%20de%20Chile%20visita%20a%20estudiantes%20del%20liceo%20Ra%C3%BAl%20Broussain%20Campino' aria-hidden='false' data-av_icon='\ue8f3' data-av_iconfont='entypo-fontello' title='' data-avia-related-tooltip='Compartir en Facebook' rel=\"noopener\"><span class='avia_hidden_link_text'>Compartir en Facebook<\/span><\/a><\/li><li class='av-share-link av-social-link-twitter' ><a target=\"_blank\" aria-label=\"Compartir en Twitter\" href='https:\/\/twitter.com\/share?text=Directora%20de%20Escuela%20de%20Desarrollo%20de%20Talentos%20de%20la%20U.%20de%20Chile%20visita%20a%20estudiantes%20del%20liceo%20Ra%C3%BAl%20Broussain%20Campino&#038;url=https:\/\/radiorevelacionfm.cl\/?p=32546' aria-hidden='false' data-av_icon='\ue8f1' data-av_iconfont='entypo-fontello' title='' data-avia-related-tooltip='Compartir en Twitter' rel=\"noopener\"><span class='avia_hidden_link_text'>Compartir en Twitter<\/span><\/a><\/li><li class='av-share-link av-social-link-whatsapp' ><a target=\"_blank\" aria-label=\"Compartir en Whatsapp\" href='https:\/\/api.whatsapp.com\/send?text=https:\/\/radiorevelacionfm.cl\/?p=32546' aria-hidden='false' data-av_icon='\uf232' data-av_iconfont='entypo-fontello' title='' data-avia-related-tooltip='Compartir en Whatsapp' rel=\"noopener\"><span class='avia_hidden_link_text'>Compartir en Whatsapp<\/span><\/a><\/li><li class='av-share-link av-social-link-linkedin' ><a target=\"_blank\" aria-label=\"Compartir en LinkedIn\" href='https:\/\/linkedin.com\/shareArticle?mini=true&#038;title=Directora%20de%20Escuela%20de%20Desarrollo%20de%20Talentos%20de%20la%20U.%20de%20Chile%20visita%20a%20estudiantes%20del%20liceo%20Ra%C3%BAl%20Broussain%20Campino&#038;url=https:\/\/radiorevelacionfm.cl\/?p=32546' aria-hidden='false' data-av_icon='\ue8fc' data-av_iconfont='entypo-fontello' title='' data-avia-related-tooltip='Compartir en LinkedIn' rel=\"noopener\"><span class='avia_hidden_link_text'>Compartir en LinkedIn<\/span><\/a><\/li><li class='av-share-link av-social-link-mail' ><a  aria-label=\"Compartir por correo\" href='mailto:?subject=Directora%20de%20Escuela%20de%20Desarrollo%20de%20Talentos%20de%20la%20U.%20de%20Chile%20visita%20a%20estudiantes%20del%20liceo%20Ra%C3%BAl%20Broussain%20Campino&#038;body=https:\/\/radiorevelacionfm.cl\/?p=32546' aria-hidden='false' data-av_icon='\ue805' data-av_iconfont='entypo-fontello' title='' data-avia-related-tooltip='Compartir por correo'><span class='avia_hidden_link_text'>Compartir por correo<\/span><\/a><\/li><\/ul><\/div><\/div>\n<div  style='height:50px' class='hr hr-invisible   avia-builder-el-8  el_after_av_social_share  el_before_av_comments_list '><span class='hr-inner ' ><span class='hr-inner-style'><\/span><\/span><\/div>\n<div  class='av-buildercomment  av-blog-meta-html-info-disabled av-blog-meta-tag-disabled  '><\/div>\n<div class=\"flex_column av_one_full  flex_column_div av-zero-column-padding first  avia-builder-el-10  el_after_av_comments_list  el_before_av_one_full  \" style='border-radius:0px; '><div  class='avia-image-container  av-styling-    avia-builder-el-11  avia-builder-el-no-sibling  avia-align-center '  itemprop=\"image\" itemscope=\"itemscope\" itemtype=\"https:\/\/schema.org\/ImageObject\"  ><div class='avia-image-container-inner'><div class='avia-image-overlay-wrap'><img decoding=\"async\" class='wp-image-0 avia-img-lazy-loading-not-0 avia_image' src=\"http:\/\/radiorevelacionfm.cl\/wp-content\/uploads\/2020\/12\/7ee21_th2.jpg\" alt='' title=''   itemprop=\"thumbnailUrl\"  \/><\/div><\/div><\/div><\/div>\n<div class=\"flex_column av_one_full  flex_column_div av-zero-column-padding first  avia-builder-el-12  el_after_av_one_full  el_before_av_one_full  column-top-margin\" style='border-radius:0px; '><section class=\"av_textblock_section \"  itemscope=\"itemscope\" itemtype=\"https:\/\/schema.org\/BlogPosting\" itemprop=\"blogPost\" ><div class='avia_textblock  '   itemprop=\"text\" ><h2 class=\"title\" style=\"text-align: center;\">SENDA entrega equipos de Narcotest a Carabineros para aumentar controles de Tolerancia Cero<\/h2>\n<div id=\"gtx-trans\" style=\"position: absolute; left: -50px; top: 4.31534px;\">\n<div class=\"gtx-trans-icon\"><\/div>\n<\/div>\n<\/div><\/section><\/div>\n<div class=\"flex_column av_one_full  flex_column_div av-zero-column-padding first  avia-builder-el-14  el_after_av_one_full  el_before_av_hr  column-top-margin\" style='border-radius:0px; '><section class=\"av_textblock_section \"  itemscope=\"itemscope\" itemtype=\"https:\/\/schema.org\/BlogPosting\" itemprop=\"blogPost\" ><div class='avia_textblock  '   itemprop=\"text\" ><p style=\"text-align: justify;\"><span style=\"font-size: 14pt;\">El objetivo es aumentar la cobertura del Programa Tolerancia Cero y realizar controles en otras comunas de la Regi\u00f3n de Ays\u00e9n, junto con seguir generando conciencias en los conductores, con respecto a las consecuencias negativas asociadas a la conducci\u00f3n bajo los efectos de la droga.<\/span><\/p>\n<p style=\"text-align: justify;\"><span style=\"font-size: 14pt;\">Con la participaci\u00f3n de la Intendente Regional de Ays\u00e9n Sra. Geoconda Navarrete, este martes, en dependencias de su direcci\u00f3n regional, SENDA hizo entrega al nuevo Jefe de la XI Zona Ays\u00e9n de Carabineros de Chile, General Hugo Zenteno V\u00e1squez de dos equipos para detectar la presencia de Drogas il\u00edcitas en los conductores que circulen por la Regi\u00f3n de Ays\u00e9n, en el contexto del trabajo permanente del Programa Tolerancia Cero de SENDA que se ejecuta en colaboraci\u00f3n estrat\u00e9gica con Carabineros de Chile y con el prop\u00f3sito claro de fortalecer el trabajo territorial.<\/span><\/p>\n<p><span style=\"font-size: 14pt;\">En la ocasi\u00f3n la Directora Regional de SENDA Annie Katherine Hunter Guti\u00e9rrez manifest\u00f3 \u201cEsta entrega que SENDA hace a Carabineros de Chile, marca un segundo hito, de suma relevancia en el Programa Tolerancia Cero, bajo la direcci\u00f3n de nuestro Director Carlos Charme, quien plante\u00f3 como objetivo, al asumir su cargo, sumar a los hist\u00f3ricos test de alcohol, el control de otras drogas en los conductores. Es as\u00ed como al aparato Narcotest que el a\u00f1o 2019 lleg\u00f3 a la regi\u00f3n bajo administraci\u00f3n de SENDA Ays\u00e9n, hoy se suma dos aparatos que con mucha satisfacci\u00f3n entregamos hoy a Carabineros, con una inversi\u00f3n sectorial de m\u00e1s de $9.000.000\u201d.<\/span><\/p>\n<p><span style=\"font-size: 14pt;\">Por su parte, el Jefe de la XI zona de Carabineros de Ays\u00e9n, General Hugo Zenteno V\u00e1squez se\u00f1al\u00f3: \u201cEsto es una estrategia de una pol\u00edtica de seguridad, donde con estos equipos vamos a hacer nuestro trabajo de mejor forma para poder llevar los medios de prueba al Ministerio P\u00fablico. Todo equipo detector de alguna sustancia il\u00edcita, es esencial para nuestra funci\u00f3n policial. Nuestras estrategias operativas est\u00e1n enfocadas en los puntos m\u00e1s cr\u00edticos y en especial, llega esto, pr\u00f3ximo a las fiestas navide\u00f1as y de fin de a\u00f1o, donde vamos a tener un control m\u00e1s exhaustivo en la ruta para prevenir accidentes y tambi\u00e9n para que las personas est\u00e9n en paz y tranquilidad y no tengamos hechos que lamentar, estamos para brindar un servicio \u00f3ptimo y ese es el enfoque que queremos dar para el a\u00f1o 2021.\u201d<\/span><\/p>\n<p><span style=\"font-size: 14pt;\">A partir de la inversi\u00f3n sectorial de SENDA, Carabineros de Chile de la XI Zona Ays\u00e9n podr\u00e1 someter a cualquier conductor a un examen de saliva, a trav\u00e9s de un kit de prueba desechable, en forma independiente al dispositivo Tolerancia Cero de SENDA, abarcando un territorio mayor, contribuyendo con ello no solo a l control de conductores y fiscalizaci\u00f3n del cumplimiento de la Ley de Tr\u00e1nsito, sino tambi\u00e9n a la labor preventiva que desarrolla SENDA a trav\u00e9s de su programa.<\/span><\/p>\n<p><span style=\"font-size: 14pt;\">Cabe recordar que los Narcotest permiten detectar en terreno la presencia de 5 drogas en el cuerpo de los conductores; coca\u00edna, marihuana, opi\u00e1cidos, metanfetaminas y anfetaminas, hecho que constituye un delito al igual que la conducci\u00f3n en estado de ebriedad.<\/span><\/p>\n<\/div><\/section><\/div>\n<div  style='height:50px' class='hr hr-invisible   avia-builder-el-16  el_after_av_one_full  el_before_av_social_share '><span class='hr-inner ' ><span class='hr-inner-style'><\/span><\/span><\/div>\n<div  class='av-social-sharing-box  avia-builder-el-17  el_after_av_hr  el_before_av_hr  '><div class='av-share-box'><h5 class='av-share-link-description av-no-toc '>Compartir esta noticia<\/h5><ul class='av-share-box-list noLightbox'><li class='av-share-link av-social-link-facebook' ><a target=\"_blank\" aria-label=\"Compartir en Facebook\" href='https:\/\/www.facebook.com\/sharer.php?u=https:\/\/radiorevelacionfm.cl\/?p=32546&#038;t=Directora%20de%20Escuela%20de%20Desarrollo%20de%20Talentos%20de%20la%20U.%20de%20Chile%20visita%20a%20estudiantes%20del%20liceo%20Ra%C3%BAl%20Broussain%20Campino' aria-hidden='false' data-av_icon='\ue8f3' data-av_iconfont='entypo-fontello' title='' data-avia-related-tooltip='Compartir en Facebook' rel=\"noopener\"><span class='avia_hidden_link_text'>Compartir en Facebook<\/span><\/a><\/li><li class='av-share-link av-social-link-twitter' ><a target=\"_blank\" aria-label=\"Compartir en Twitter\" href='https:\/\/twitter.com\/share?text=Directora%20de%20Escuela%20de%20Desarrollo%20de%20Talentos%20de%20la%20U.%20de%20Chile%20visita%20a%20estudiantes%20del%20liceo%20Ra%C3%BAl%20Broussain%20Campino&#038;url=https:\/\/radiorevelacionfm.cl\/?p=32546' aria-hidden='false' data-av_icon='\ue8f1' data-av_iconfont='entypo-fontello' title='' data-avia-related-tooltip='Compartir en Twitter' rel=\"noopener\"><span class='avia_hidden_link_text'>Compartir en Twitter<\/span><\/a><\/li><li class='av-share-link av-social-link-whatsapp' ><a target=\"_blank\" aria-label=\"Compartir en Whatsapp\" href='https:\/\/api.whatsapp.com\/send?text=https:\/\/radiorevelacionfm.cl\/?p=32546' aria-hidden='false' data-av_icon='\uf232' data-av_iconfont='entypo-fontello' title='' data-avia-related-tooltip='Compartir en Whatsapp' rel=\"noopener\"><span class='avia_hidden_link_text'>Compartir en Whatsapp<\/span><\/a><\/li><li class='av-share-link av-social-link-linkedin' ><a target=\"_blank\" aria-label=\"Compartir en LinkedIn\" href='https:\/\/linkedin.com\/shareArticle?mini=true&#038;title=Directora%20de%20Escuela%20de%20Desarrollo%20de%20Talentos%20de%20la%20U.%20de%20Chile%20visita%20a%20estudiantes%20del%20liceo%20Ra%C3%BAl%20Broussain%20Campino&#038;url=https:\/\/radiorevelacionfm.cl\/?p=32546' aria-hidden='false' data-av_icon='\ue8fc' data-av_iconfont='entypo-fontello' title='' data-avia-related-tooltip='Compartir en LinkedIn' rel=\"noopener\"><span class='avia_hidden_link_text'>Compartir en LinkedIn<\/span><\/a><\/li><li class='av-share-link av-social-link-mail' ><a  aria-label=\"Compartir por correo\" href='mailto:?subject=Directora%20de%20Escuela%20de%20Desarrollo%20de%20Talentos%20de%20la%20U.%20de%20Chile%20visita%20a%20estudiantes%20del%20liceo%20Ra%C3%BAl%20Broussain%20Campino&#038;body=https:\/\/radiorevelacionfm.cl\/?p=32546' aria-hidden='false' data-av_icon='\ue805' data-av_iconfont='entypo-fontello' title='' data-avia-related-tooltip='Compartir por correo'><span class='avia_hidden_link_text'>Compartir por correo<\/span><\/a><\/li><\/ul><\/div><\/div>\n<div  style='height:50px' class='hr hr-invisible   avia-builder-el-18  el_after_av_social_share  el_before_av_comments_list '><span class='hr-inner ' ><span class='hr-inner-style'><\/span><\/span><\/div>\n<div  class='av-buildercomment  av-blog-meta-html-info-disabled av-blog-meta-tag-disabled  '><\/div>\n","protected":false},"excerpt":{"rendered":"","protected":false},"author":1,"featured_media":32547,"comment_status":"open","ping_status":"open","sticky":false,"template":"","format":"standard","meta":{"footnotes":""},"categories":[40],"tags":[],"class_list":["post-32546","post","type-post","status-publish","format-standard","has-post-thumbnail","hentry","category-deportes"],"jetpack_featured_media_url":"https:\/\/radiorevelacionfm.cl\/wp-content\/uploads\/2023\/06\/356255124_120539777744002_2767468129811505277_n-2-2.jpg","_links":{"self":[{"href":"https:\/\/radiorevelacionfm.cl\/index.php?rest_route=\/wp\/v2\/posts\/32546","targetHints":{"allow":["GET"]}}],"collection":[{"href":"https:\/\/radiorevelacionfm.cl\/index.php?rest_route=\/wp\/v2\/posts"}],"about":[{"href":"https:\/\/radiorevelacionfm.cl\/index.php?rest_route=\/wp\/v2\/types\/post"}],"author":[{"embeddable":true,"href":"https:\/\/radiorevelacionfm.cl\/index.php?rest_route=\/wp\/v2\/users\/1"}],"replies":[{"embeddable":true,"href":"https:\/\/radiorevelacionfm.cl\/index.php?rest_route=%2Fwp%2Fv2%2Fcomments&post=32546"}],"version-history":[{"count":1,"href":"https:\/\/radiorevelacionfm.cl\/index.php?rest_route=\/wp\/v2\/posts\/32546\/revisions"}],"predecessor-version":[{"id":32548,"href":"https:\/\/radiorevelacionfm.cl\/index.php?rest_route=\/wp\/v2\/posts\/32546\/revisions\/32548"}],"wp:featuredmedia":[{"embeddable":true,"href":"https:\/\/radiorevelacionfm.cl\/index.php?rest_route=\/wp\/v2\/media\/32547"}],"wp:attachment":[{"href":"https:\/\/radiorevelacionfm.cl\/index.php?rest_route=%2Fwp%2Fv2%2Fmedia&parent=32546"}],"wp:term":[{"taxonomy":"category","embeddable":true,"href":"https:\/\/radiorevelacionfm.cl\/index.php?rest_route=%2Fwp%2Fv2%2Fcategories&post=32546"},{"taxonomy":"post_tag","embeddable":true,"href":"https:\/\/radiorevelacionfm.cl\/index.php?rest_route=%2Fwp%2Fv2%2Ftags&post=32546"}],"curies":[{"name":"wp","href":"https:\/\/api.w.org\/{rel}","templated":true}]}}