{"id":32543,"date":"2023-06-30T22:11:24","date_gmt":"2023-07-01T01:11:24","guid":{"rendered":"https:\/\/radiorevelacionfm.cl\/?p=32543"},"modified":"2023-06-30T22:11:24","modified_gmt":"2023-07-01T01:11:24","slug":"recta-final-de-los-premios-regionales-de-aysen-2023","status":"publish","type":"post","link":"https:\/\/radiorevelacionfm.cl\/?p=32543","title":{"rendered":"Recta final de los Premios Regionales de Ays\u00e9n 2023"},"content":{"rendered":"<div class=\"flex_column av_one_full  flex_column_div av-zero-column-padding first  avia-builder-el-0  el_before_av_one_full  avia-builder-el-first  \" style='border-radius:0px; '><div  class='avia-image-container  av-styling-    avia-builder-el-1  avia-builder-el-no-sibling  avia-align-center '  itemprop=\"image\" itemscope=\"itemscope\" itemtype=\"https:\/\/schema.org\/ImageObject\"  ><div class='avia-image-container-inner'><div class='avia-image-overlay-wrap'><img decoding=\"async\" class='wp-image-32544 avia-img-lazy-loading-not-32544 avia_image' src=\"https:\/\/radiorevelacionfm.cl\/wp-content\/uploads\/2023\/06\/premio-regional-2-2.jpg\" alt='' title='premio regional-2-2' height=\"600\" width=\"899\"  itemprop=\"thumbnailUrl\" srcset=\"https:\/\/radiorevelacionfm.cl\/wp-content\/uploads\/2023\/06\/premio-regional-2-2.jpg 899w, https:\/\/radiorevelacionfm.cl\/wp-content\/uploads\/2023\/06\/premio-regional-2-2-300x200.jpg 300w, https:\/\/radiorevelacionfm.cl\/wp-content\/uploads\/2023\/06\/premio-regional-2-2-768x513.jpg 768w, https:\/\/radiorevelacionfm.cl\/wp-content\/uploads\/2023\/06\/premio-regional-2-2-705x471.jpg 705w, https:\/\/radiorevelacionfm.cl\/wp-content\/uploads\/2023\/06\/premio-regional-2-2-450x300.jpg 450w, https:\/\/radiorevelacionfm.cl\/wp-content\/uploads\/2023\/06\/premio-regional-2-2-600x400.jpg 600w\" sizes=\"(max-width: 899px) 100vw, 899px\" \/><\/div><\/div><\/div><\/div><div class=\"flex_column av_one_full  flex_column_div av-zero-column-padding first  avia-builder-el-2  el_after_av_one_full  el_before_av_one_full  column-top-margin\" style='border-radius:0px; '><section class=\"av_textblock_section \"  itemscope=\"itemscope\" itemtype=\"https:\/\/schema.org\/BlogPosting\" itemprop=\"blogPost\" ><div class='avia_textblock  '   itemprop=\"text\" ><p style=\"text-align: center;\"><span style=\"font-size: 18pt;\"><b>Recta final de los Premios Regionales de Ays\u00e9n 2023<\/b><\/span><\/p>\n<div id=\"gtx-trans\" style=\"position: absolute; left: -50px; top: 4.31534px;\">\n<div class=\"gtx-trans-icon\"><\/div>\n<\/div>\n<\/div><\/section><\/div><div class=\"flex_column av_one_full  flex_column_div av-zero-column-padding first  avia-builder-el-4  el_after_av_one_full  el_before_av_hr  column-top-margin\" style='border-radius:0px; '><section class=\"av_textblock_section \"  itemscope=\"itemscope\" itemtype=\"https:\/\/schema.org\/BlogPosting\" itemprop=\"blogPost\" ><div class='avia_textblock  '   itemprop=\"text\" ><p style=\"text-align: justify;\">Este 31 de julio se agota el plazo para que instituciones, tales como universidades, establecimientos educacionales, municipalidades, agrupaciones culturales o sociales, corporaciones o fundaciones de la Regi\u00f3n de Ays\u00e9n o de otras regiones del pa\u00eds puedan postular nombres a los Premios Regionales de Arte, Cultura y Patrimonio 2023.<\/p>\n<p style=\"text-align: justify;\">Este a\u00f1o, el certamen organizado por las Seremi de Culturas Ays\u00e9n est\u00e1 dedicado a la literatura y premiar\u00e1 las categor\u00edas Narrativa, Poes\u00eda y Ensayo.<\/p>\n<p style=\"text-align: justify;\">El objetivo de estos premios es poner en valor la obra literaria de chilenas y chilenos nacidos o no en la Regi\u00f3n de Ays\u00e9n, que a trav\u00e9s de sus obras han fortalecido la identidad cultural y han aportado a la descentralizaci\u00f3n del desarrollo art\u00edstico y cultural.<\/p>\n<p style=\"text-align: justify;\">El seremi de Culturas Ays\u00e9n, Felipe Quiroz, cree que se trata \u201cde una oportunidad que fortalece la creaci\u00f3n literaria regional y que profundiza la imagen de Ays\u00e9n como un territorio creativo. Este premio viene a reforzar el compromiso del Gobierno en materia del libro y fomento lector. Como ministerio queremos premiar obras que nos identifiquen como territorio y para eso invitamos a organismos p\u00fablicos y privados a presentar sus nombres para postular a los Premios Regionales 2023\u201d.<\/p>\n<p style=\"text-align: justify;\">Las y los ganadores de cada categor\u00eda recibir\u00e1n como premio un est\u00edmulo monetario equivalente a $1.700.000, adem\u00e1s de la estatuilla \u201cT\u00e9mpano\u201d, creada por la artista visual Paz Schwencke, tras un concurso era que result\u00f3 elegida.<\/p>\n<p style=\"text-align: justify;\">El jurado est\u00e1 compuesto por el Seremi de Culturas Ays\u00e9n o quien \u00e9l designe; la o el Encargado Nacional del \u00c1rea de Libro y lectura del Ministerio de las Culturas, las Artes y el Patrimonio; la Coordinadora Regional de la Unidad de Fomento de la Cultura y las Artes de la Seremi de las Culturas, las Artes y el Patrimonio o quien ella designe en su representaci\u00f3n; la encargada de la Biblioteca Regional de Ays\u00e9n o a quien ella designe en su representaci\u00f3n; y el escritor regional Eleodoro Sanhueza, ganador del Premio Regional de Arte y Cultura a\u00f1o 2014.<\/p>\n<p style=\"text-align: justify;\">Toda la informaci\u00f3n y las bases en <a href=\"http:\/\/www.cultura.gob.cl\/aysen\" target=\"_blank\" rel=\"noopener\" data-saferedirecturl=\"https:\/\/www.google.com\/url?q=http:\/\/www.cultura.gob.cl\/aysen&amp;source=gmail&amp;ust=1688225712613000&amp;usg=AOvVaw1wfFXtWm3pF13EpqWYp4gp\">www.cultura.gob.cl\/aysen<\/a><\/p>\n<\/div><\/section><\/div><div  style='height:50px' class='hr hr-invisible   avia-builder-el-6  el_after_av_one_full  el_before_av_social_share '><span class='hr-inner ' ><span class='hr-inner-style'><\/span><\/span><\/div><\/p>\n<div  class='av-social-sharing-box  avia-builder-el-7  el_after_av_hr  el_before_av_hr  '><div class='av-share-box'><h5 class='av-share-link-description av-no-toc '>Compartir esta noticia<\/h5><ul class='av-share-box-list noLightbox'><li class='av-share-link av-social-link-facebook' ><a target=\"_blank\" aria-label=\"Compartir en Facebook\" href='https:\/\/www.facebook.com\/sharer.php?u=https:\/\/radiorevelacionfm.cl\/?p=32543&#038;t=Recta%20final%20de%20los%20Premios%20Regionales%20de%20Ays%C3%A9n%202023' aria-hidden='false' data-av_icon='\ue8f3' data-av_iconfont='entypo-fontello' title='' data-avia-related-tooltip='Compartir en Facebook' rel=\"noopener\"><span class='avia_hidden_link_text'>Compartir en Facebook<\/span><\/a><\/li><li class='av-share-link av-social-link-twitter' ><a target=\"_blank\" aria-label=\"Compartir en Twitter\" href='https:\/\/twitter.com\/share?text=Recta%20final%20de%20los%20Premios%20Regionales%20de%20Ays%C3%A9n%202023&#038;url=https:\/\/radiorevelacionfm.cl\/?p=32543' aria-hidden='false' data-av_icon='\ue8f1' data-av_iconfont='entypo-fontello' title='' data-avia-related-tooltip='Compartir en Twitter' rel=\"noopener\"><span class='avia_hidden_link_text'>Compartir en Twitter<\/span><\/a><\/li><li class='av-share-link av-social-link-whatsapp' ><a target=\"_blank\" aria-label=\"Compartir en Whatsapp\" href='https:\/\/api.whatsapp.com\/send?text=https:\/\/radiorevelacionfm.cl\/?p=32543' aria-hidden='false' data-av_icon='\uf232' data-av_iconfont='entypo-fontello' title='' data-avia-related-tooltip='Compartir en Whatsapp' rel=\"noopener\"><span class='avia_hidden_link_text'>Compartir en Whatsapp<\/span><\/a><\/li><li class='av-share-link av-social-link-linkedin' ><a target=\"_blank\" aria-label=\"Compartir en LinkedIn\" href='https:\/\/linkedin.com\/shareArticle?mini=true&#038;title=Recta%20final%20de%20los%20Premios%20Regionales%20de%20Ays%C3%A9n%202023&#038;url=https:\/\/radiorevelacionfm.cl\/?p=32543' aria-hidden='false' data-av_icon='\ue8fc' data-av_iconfont='entypo-fontello' title='' data-avia-related-tooltip='Compartir en LinkedIn' rel=\"noopener\"><span class='avia_hidden_link_text'>Compartir en LinkedIn<\/span><\/a><\/li><li class='av-share-link av-social-link-mail' ><a  aria-label=\"Compartir por correo\" href='mailto:?subject=Recta%20final%20de%20los%20Premios%20Regionales%20de%20Ays%C3%A9n%202023&#038;body=https:\/\/radiorevelacionfm.cl\/?p=32543' aria-hidden='false' data-av_icon='\ue805' data-av_iconfont='entypo-fontello' title='' data-avia-related-tooltip='Compartir por correo'><span class='avia_hidden_link_text'>Compartir por correo<\/span><\/a><\/li><\/ul><\/div><\/div>\n<div  style='height:50px' class='hr hr-invisible   avia-builder-el-8  el_after_av_social_share  el_before_av_comments_list '><span class='hr-inner ' ><span class='hr-inner-style'><\/span><\/span><\/div>\n<div  class='av-buildercomment  av-blog-meta-html-info-disabled av-blog-meta-tag-disabled  '><\/div>\n","protected":false},"excerpt":{"rendered":"","protected":false},"author":1,"featured_media":32544,"comment_status":"open","ping_status":"open","sticky":false,"template":"","format":"standard","meta":{"footnotes":""},"categories":[52],"tags":[],"class_list":["post-32543","post","type-post","status-publish","format-standard","has-post-thumbnail","hentry","category-cultura"],"jetpack_featured_media_url":"https:\/\/radiorevelacionfm.cl\/wp-content\/uploads\/2023\/06\/premio-regional-2-2.jpg","_links":{"self":[{"href":"https:\/\/radiorevelacionfm.cl\/index.php?rest_route=\/wp\/v2\/posts\/32543","targetHints":{"allow":["GET"]}}],"collection":[{"href":"https:\/\/radiorevelacionfm.cl\/index.php?rest_route=\/wp\/v2\/posts"}],"about":[{"href":"https:\/\/radiorevelacionfm.cl\/index.php?rest_route=\/wp\/v2\/types\/post"}],"author":[{"embeddable":true,"href":"https:\/\/radiorevelacionfm.cl\/index.php?rest_route=\/wp\/v2\/users\/1"}],"replies":[{"embeddable":true,"href":"https:\/\/radiorevelacionfm.cl\/index.php?rest_route=%2Fwp%2Fv2%2Fcomments&post=32543"}],"version-history":[{"count":1,"href":"https:\/\/radiorevelacionfm.cl\/index.php?rest_route=\/wp\/v2\/posts\/32543\/revisions"}],"predecessor-version":[{"id":32545,"href":"https:\/\/radiorevelacionfm.cl\/index.php?rest_route=\/wp\/v2\/posts\/32543\/revisions\/32545"}],"wp:featuredmedia":[{"embeddable":true,"href":"https:\/\/radiorevelacionfm.cl\/index.php?rest_route=\/wp\/v2\/media\/32544"}],"wp:attachment":[{"href":"https:\/\/radiorevelacionfm.cl\/index.php?rest_route=%2Fwp%2Fv2%2Fmedia&parent=32543"}],"wp:term":[{"taxonomy":"category","embeddable":true,"href":"https:\/\/radiorevelacionfm.cl\/index.php?rest_route=%2Fwp%2Fv2%2Fcategories&post=32543"},{"taxonomy":"post_tag","embeddable":true,"href":"https:\/\/radiorevelacionfm.cl\/index.php?rest_route=%2Fwp%2Fv2%2Ftags&post=32543"}],"curies":[{"name":"wp","href":"https:\/\/api.w.org\/{rel}","templated":true}]}}