{"id":32536,"date":"2023-06-30T21:40:18","date_gmt":"2023-07-01T00:40:18","guid":{"rendered":"https:\/\/radiorevelacionfm.cl\/?p=32536"},"modified":"2023-06-30T21:40:18","modified_gmt":"2023-07-01T00:40:18","slug":"conmemoran-dia-del-orgullo-lgtbiqa-con-enfasis-en-el-respeto-a-derechos-humanos","status":"publish","type":"post","link":"https:\/\/radiorevelacionfm.cl\/?p=32536","title":{"rendered":"Conmemoran D\u00eda del Orgullo LGTBIQA+ con \u00e9nfasis en el respeto a derechos humanos"},"content":{"rendered":"<div class=\"flex_column av_one_full  flex_column_div av-zero-column-padding first  avia-builder-el-0  el_before_av_one_full  avia-builder-el-first  \" style='border-radius:0px; '><div  class='avia-image-container  av-styling-    avia-builder-el-1  avia-builder-el-no-sibling  avia-align-center '  itemprop=\"image\" itemscope=\"itemscope\" itemtype=\"https:\/\/schema.org\/ImageObject\"  ><div class='avia-image-container-inner'><div class='avia-image-overlay-wrap'><img decoding=\"async\" class='wp-image-32537 avia-img-lazy-loading-not-32537 avia_image' src=\"https:\/\/radiorevelacionfm.cl\/wp-content\/uploads\/2023\/06\/1-6_optimized.jpeg\" alt='' title='1-6_optimized' height=\"675\" width=\"1200\"  itemprop=\"thumbnailUrl\" srcset=\"https:\/\/radiorevelacionfm.cl\/wp-content\/uploads\/2023\/06\/1-6_optimized.jpeg 1200w, https:\/\/radiorevelacionfm.cl\/wp-content\/uploads\/2023\/06\/1-6_optimized-300x169.jpeg 300w, https:\/\/radiorevelacionfm.cl\/wp-content\/uploads\/2023\/06\/1-6_optimized-1030x579.jpeg 1030w, https:\/\/radiorevelacionfm.cl\/wp-content\/uploads\/2023\/06\/1-6_optimized-768x432.jpeg 768w, https:\/\/radiorevelacionfm.cl\/wp-content\/uploads\/2023\/06\/1-6_optimized-705x397.jpeg 705w, https:\/\/radiorevelacionfm.cl\/wp-content\/uploads\/2023\/06\/1-6_optimized-450x253.jpeg 450w, https:\/\/radiorevelacionfm.cl\/wp-content\/uploads\/2023\/06\/1-6_optimized-600x338.jpeg 600w\" sizes=\"(max-width: 1200px) 100vw, 1200px\" \/><\/div><\/div><\/div><\/div><div class=\"flex_column av_one_full  flex_column_div av-zero-column-padding first  avia-builder-el-2  el_after_av_one_full  el_before_av_one_full  column-top-margin\" style='border-radius:0px; '><section class=\"av_textblock_section \"  itemscope=\"itemscope\" itemtype=\"https:\/\/schema.org\/BlogPosting\" itemprop=\"blogPost\" ><div class='avia_textblock  '   itemprop=\"text\" ><p style=\"text-align: center;\"><span style=\"font-size: 18pt;\"><strong>Conmemoran D\u00eda del Orgullo LGTBIQA+ con \u00e9nfasis en el respeto a derechos humanos<\/strong><\/span><\/p>\n<div id=\"gtx-trans\" style=\"position: absolute; left: -50px; top: 4.31534px;\">\n<div class=\"gtx-trans-icon\"><\/div>\n<\/div>\n<\/div><\/section><\/div><div class=\"flex_column av_one_full  flex_column_div av-zero-column-padding first  avia-builder-el-4  el_after_av_one_full  el_before_av_hr  column-top-margin\" style='border-radius:0px; '><section class=\"av_textblock_section \"  itemscope=\"itemscope\" itemtype=\"https:\/\/schema.org\/BlogPosting\" itemprop=\"blogPost\" ><div class='avia_textblock  '   itemprop=\"text\" ><p style=\"text-align: justify;\">La jornada, orientada a destacar el D\u00eda del Orgullo LGTBIQA+, cont\u00f3 con la participaci\u00f3n del Jefe Regional del Instituto Nacional de Derechos Humanos, Joaqu\u00edn Bizama; el Presidente de la ONG Diversa Patagonia, Israel Cort\u00e9s y la Directora Regional del Fondo de Solidaridad e Inversi\u00f3n Social, Fernanda Leiva.<\/p>\n<p style=\"text-align: justify;\">Durante la actividad conmemorativa, donde se instal\u00f3 la nueva bandera de las diversidades sexo-gen\u00e9ricas, tambi\u00e9n se hizo \u00e9nfasis en la importancia de favorecer la participaci\u00f3n e inclusi\u00f3n efectiva para el desarrollo integral de estas personas, la promoci\u00f3n de derechos humanos, el emprendimiento y la no discriminaci\u00f3n.<\/p>\n<p style=\"text-align: justify;\">Joaqu\u00edn Bizama, Jefe Regional del Instituto de Derechos Humanos, destac\u00f3 que \u201ces una fecha importante porque tiene relaci\u00f3n con la defensa y promoci\u00f3n de derechos humanos de grupos de personas que han sido marginado y discriminados por su identidad u orientaci\u00f3n. Esto constituye una preocupaci\u00f3n en t\u00e9rminos de poder generar condiciones desde el estado y la sociedad, donde reinen dos principios fundamentales como la igualdad y no discriminaci\u00f3n\u201d.<\/p>\n<p style=\"text-align: justify;\">El Presidente de Diversa Patagonia, Israel Cort\u00e9s, manifest\u00f3 que \u201cla discriminaci\u00f3n se vive d\u00eda a d\u00eda, tanto en la salud como en la educaci\u00f3n, violencia, ataques homof\u00f3bicos, discriminaci\u00f3n y bullying por redes sociales. Hoy tenemos ni\u00f1as, ni\u00f1os, ni\u00f1es y adolescentes que se quitan la vida. Creemos que es importante y hay que tomarle el peso, es un tema nacional, un tema de estado, son derechos humanos. Estamos apelando al respeto, al buen trato, a la educaci\u00f3n que son derechos garantizados por el estado y que no podemos dejar de lado\u201d.<\/p>\n<p style=\"text-align: justify;\">Fernanda Leiva, Directora Regional del FOSIS, asegur\u00f3 que \u201ces muy importante estar relevando el d\u00eda de hoy el respeto a los derechos humanos de todas las personas, pero tambi\u00e9n desde el trabajo que colaborativamente estamos haciendo entre FOSIS, INDH y organizaciones de la sociedad civil respecto de la participaci\u00f3n y apropiaci\u00f3n de las pol\u00edticas p\u00fablicas de las personas con que el FOSIS hist\u00f3ricamente ha trabajado, son los grupos m\u00e1s excluidos y discriminados a quienes tenemos que relevar\u201d.<\/p>\n<p style=\"text-align: justify;\">Cabe destacar que en este contexto conmemorativo, del D\u00eda del Orgullo, tambi\u00e9n se realiz\u00f3 una capacitaci\u00f3n para funcionarios de servicios p\u00fablicos sobre diversidades sexo-gen\u00e9ricas y una feria informativa y productiva en Puerto Ays\u00e9n, liderada por Sernameg, la Ilustre Municipalidad de Ays\u00e9n, INDH y FOSIS.<\/p>\n<\/div><\/section><\/div><div  style='height:50px' class='hr hr-invisible   avia-builder-el-6  el_after_av_one_full  el_before_av_social_share '><span class='hr-inner ' ><span class='hr-inner-style'><\/span><\/span><\/div><\/p>\n<div  class='av-social-sharing-box  avia-builder-el-7  el_after_av_hr  el_before_av_hr  '><div class='av-share-box'><h5 class='av-share-link-description av-no-toc '>Compartir esta noticia<\/h5><ul class='av-share-box-list noLightbox'><li class='av-share-link av-social-link-facebook' ><a target=\"_blank\" aria-label=\"Compartir en Facebook\" href='https:\/\/www.facebook.com\/sharer.php?u=https:\/\/radiorevelacionfm.cl\/?p=32536&#038;t=Conmemoran%20D%C3%ADa%20del%20Orgullo%20LGTBIQA%2B%20con%20%C3%A9nfasis%20en%20el%20respeto%20a%20derechos%20humanos' aria-hidden='false' data-av_icon='\ue8f3' data-av_iconfont='entypo-fontello' title='' data-avia-related-tooltip='Compartir en Facebook' rel=\"noopener\"><span class='avia_hidden_link_text'>Compartir en Facebook<\/span><\/a><\/li><li class='av-share-link av-social-link-twitter' ><a target=\"_blank\" aria-label=\"Compartir en Twitter\" href='https:\/\/twitter.com\/share?text=Conmemoran%20D%C3%ADa%20del%20Orgullo%20LGTBIQA%2B%20con%20%C3%A9nfasis%20en%20el%20respeto%20a%20derechos%20humanos&#038;url=https:\/\/radiorevelacionfm.cl\/?p=32536' aria-hidden='false' data-av_icon='\ue8f1' data-av_iconfont='entypo-fontello' title='' data-avia-related-tooltip='Compartir en Twitter' rel=\"noopener\"><span class='avia_hidden_link_text'>Compartir en Twitter<\/span><\/a><\/li><li class='av-share-link av-social-link-whatsapp' ><a target=\"_blank\" aria-label=\"Compartir en Whatsapp\" href='https:\/\/api.whatsapp.com\/send?text=https:\/\/radiorevelacionfm.cl\/?p=32536' aria-hidden='false' data-av_icon='\uf232' data-av_iconfont='entypo-fontello' title='' data-avia-related-tooltip='Compartir en Whatsapp' rel=\"noopener\"><span class='avia_hidden_link_text'>Compartir en Whatsapp<\/span><\/a><\/li><li class='av-share-link av-social-link-linkedin' ><a target=\"_blank\" aria-label=\"Compartir en LinkedIn\" href='https:\/\/linkedin.com\/shareArticle?mini=true&#038;title=Conmemoran%20D%C3%ADa%20del%20Orgullo%20LGTBIQA%2B%20con%20%C3%A9nfasis%20en%20el%20respeto%20a%20derechos%20humanos&#038;url=https:\/\/radiorevelacionfm.cl\/?p=32536' aria-hidden='false' data-av_icon='\ue8fc' data-av_iconfont='entypo-fontello' title='' data-avia-related-tooltip='Compartir en LinkedIn' rel=\"noopener\"><span class='avia_hidden_link_text'>Compartir en LinkedIn<\/span><\/a><\/li><li class='av-share-link av-social-link-mail' ><a  aria-label=\"Compartir por correo\" href='mailto:?subject=Conmemoran%20D%C3%ADa%20del%20Orgullo%20LGTBIQA%2B%20con%20%C3%A9nfasis%20en%20el%20respeto%20a%20derechos%20humanos&#038;body=https:\/\/radiorevelacionfm.cl\/?p=32536' aria-hidden='false' data-av_icon='\ue805' data-av_iconfont='entypo-fontello' title='' data-avia-related-tooltip='Compartir por correo'><span class='avia_hidden_link_text'>Compartir por correo<\/span><\/a><\/li><\/ul><\/div><\/div>\n<div  style='height:50px' class='hr hr-invisible   avia-builder-el-8  el_after_av_social_share  el_before_av_comments_list '><span class='hr-inner ' ><span class='hr-inner-style'><\/span><\/span><\/div>\n<div  class='av-buildercomment  av-blog-meta-html-info-disabled av-blog-meta-tag-disabled  '><\/div>\n","protected":false},"excerpt":{"rendered":"","protected":false},"author":1,"featured_media":32537,"comment_status":"open","ping_status":"open","sticky":false,"template":"","format":"standard","meta":{"footnotes":""},"categories":[38],"tags":[],"class_list":["post-32536","post","type-post","status-publish","format-standard","has-post-thumbnail","hentry","category-regional"],"jetpack_featured_media_url":"https:\/\/radiorevelacionfm.cl\/wp-content\/uploads\/2023\/06\/1-6_optimized.jpeg","_links":{"self":[{"href":"https:\/\/radiorevelacionfm.cl\/index.php?rest_route=\/wp\/v2\/posts\/32536","targetHints":{"allow":["GET"]}}],"collection":[{"href":"https:\/\/radiorevelacionfm.cl\/index.php?rest_route=\/wp\/v2\/posts"}],"about":[{"href":"https:\/\/radiorevelacionfm.cl\/index.php?rest_route=\/wp\/v2\/types\/post"}],"author":[{"embeddable":true,"href":"https:\/\/radiorevelacionfm.cl\/index.php?rest_route=\/wp\/v2\/users\/1"}],"replies":[{"embeddable":true,"href":"https:\/\/radiorevelacionfm.cl\/index.php?rest_route=%2Fwp%2Fv2%2Fcomments&post=32536"}],"version-history":[{"count":1,"href":"https:\/\/radiorevelacionfm.cl\/index.php?rest_route=\/wp\/v2\/posts\/32536\/revisions"}],"predecessor-version":[{"id":32538,"href":"https:\/\/radiorevelacionfm.cl\/index.php?rest_route=\/wp\/v2\/posts\/32536\/revisions\/32538"}],"wp:featuredmedia":[{"embeddable":true,"href":"https:\/\/radiorevelacionfm.cl\/index.php?rest_route=\/wp\/v2\/media\/32537"}],"wp:attachment":[{"href":"https:\/\/radiorevelacionfm.cl\/index.php?rest_route=%2Fwp%2Fv2%2Fmedia&parent=32536"}],"wp:term":[{"taxonomy":"category","embeddable":true,"href":"https:\/\/radiorevelacionfm.cl\/index.php?rest_route=%2Fwp%2Fv2%2Fcategories&post=32536"},{"taxonomy":"post_tag","embeddable":true,"href":"https:\/\/radiorevelacionfm.cl\/index.php?rest_route=%2Fwp%2Fv2%2Ftags&post=32536"}],"curies":[{"name":"wp","href":"https:\/\/api.w.org\/{rel}","templated":true}]}}