{"id":32530,"date":"2023-06-30T21:01:05","date_gmt":"2023-07-01T00:01:05","guid":{"rendered":"https:\/\/radiorevelacionfm.cl\/?p=32530"},"modified":"2023-06-30T21:02:06","modified_gmt":"2023-07-01T00:02:06","slug":"puerto-aysen-en-prision-preventiva-medica-y-su-hijo-por-venta-de-recetas-cheque-para-psicotropicos-que-operaba-desde-puerto-aysen","status":"publish","type":"post","link":"https:\/\/radiorevelacionfm.cl\/?p=32530","title":{"rendered":"En prisi\u00f3n preventiva m\u00e9dica y su hijo por venta de recetas cheque para psicotr\u00f3picos que operaba desde Puerto Ays\u00e9n"},"content":{"rendered":"<div class=\"flex_column av_one_full  flex_column_div av-zero-column-padding first  avia-builder-el-0  el_before_av_one_full  avia-builder-el-first  \" style='border-radius:0px; '><section class=\"av_textblock_section \"  itemscope=\"itemscope\" itemtype=\"https:\/\/schema.org\/BlogPosting\" itemprop=\"blogPost\" ><div class='avia_textblock  '   itemprop=\"text\" ><p style=\"text-align: center;\"><strong><span style=\"font-size: 18pt;\">En prisi\u00f3n preventiva m\u00e9dica y su hijo por venta de recetas cheque para psicotr\u00f3picos que operaba desde Puerto Ays\u00e9n<\/span><\/strong><\/p>\n<div id=\"gtx-trans\" style=\"position: absolute; left: -50px; top: 4.31534px;\">\n<div class=\"gtx-trans-icon\"><\/div>\n<\/div>\n<\/div><\/section><\/div><div class=\"flex_column av_one_full  flex_column_div av-zero-column-padding first  \" style='border-radius:0px; '><section class=\"av_textblock_section \"  itemscope=\"itemscope\" itemtype=\"https:\/\/schema.org\/BlogPosting\" itemprop=\"blogPost\" ><div class='avia_textblock  '   itemprop=\"text\" ><p style=\"text-align: justify;\">En un trabajo coordinado entre la Polic\u00eda de Investigaciones de Chile y el Ministerio P\u00fablico en la Regi\u00f3n de Ays\u00e9n, y luego de diversas diligencias de detectives del equipo Microtr\u00e1fico Cero de la Brigada de Investigaci\u00f3n Criminal Ays\u00e9n, una profesional de la salud investigada junto a su hijo, fue puesta en prisi\u00f3n preventiva por los delitos de tr\u00e1fico v\u00eda extensi\u00f3n de recetas cheque del art\u00edculo 6 de la Ley 20.000 de drogas y falsificaci\u00f3n de certificaci\u00f3n m\u00e9dica, regulada en el art\u00edculo 202 y 204 del C\u00f3digo Penal.<\/p>\n<p style=\"text-align: justify;\">Seg\u00fan explic\u00f3 este viernes el Fiscal Regional, Carlos Palma Guerra, \u00abel tr\u00e1fico lo realiza mediante la venta de recetas cheque, que est\u00e1 penado por la Ley 20.000. Ella desde el a\u00f1o 2016 que se encuentra ac\u00e1. Hemos logrado detectar m\u00e1s de 200 millones de pesos en beneficio producto de estas ventas, son m\u00e1s de 120 talonarios que ha solicitado a la autoridad administrativa de salud para efectos de venderlos. Por lo tanto, evidentemente ella estaba traficando en grandes cantidades en nuestra regi\u00f3n\u00bb.<\/p>\n<p style=\"text-align: justify;\">El persecutor penal a\u00f1adi\u00f3 que los medicamentos recetados o vendidos directamente a los pacientes poseen como \u00abprincipio activo fentermina, pero son distintos medicamentos especialmente utilizados por pacientes para bajar de peso que exigen conforme a la ley, una evaluaci\u00f3n, ex\u00e1menes m\u00e9dicos y la prescripci\u00f3n m\u00e9dica profesional seria, no la venta como la hemos detectado, trat\u00e1ndose de tr\u00e1fico de drogas, mediante llamados telef\u00f3nicos y venta de la receta a cambio de dinero\u00bb.<\/p>\n<p style=\"text-align: justify;\">DILIGENCIAS<\/p>\n<p style=\"text-align: justify;\">Por su parte el Jefe de la Regi\u00f3n Policial Ays\u00e9n de la PDI, Prefecto Luis Torralba Ram\u00edrez, explic\u00f3 que \u201cestamos dando cuenta de una investigaci\u00f3n que se prolong\u00f3 por aproximadamente tres meses, donde como PDI logramos detectar a una profesional de la salud quien, en compa\u00f1\u00eda de su hijo, extender\u00edan licencias m\u00e9dicas y certificados para obtener medicamentos sin atenci\u00f3n m\u00e9dica previa\u201d, precisando adem\u00e1s que \u201ccalculamos un beneficio econ\u00f3mico por sobre los 200 millones de pesos con esta actividad il\u00edcita de la profesional\u201d.<\/p>\n<p style=\"text-align: justify;\">En base al trabajo de an\u00e1lisis criminal, la PDI detect\u00f3 que la profesional de la salud se dedicar\u00eda a la venta y comercializaci\u00f3n de manera abusiva de recetas cheque, licencias m\u00e9dicas, certificados m\u00e9dicos y medicamentos sujetos a control especial del tipo estupefacientes &#8211; psicotr\u00f3picas, sin ning\u00fan tipo de evaluaci\u00f3n de necesidad m\u00e9dica o terap\u00e9utica, configur\u00e1ndose el delito de infracci\u00f3n a la Ley 20.000.<\/p>\n<p style=\"text-align: justify;\">Los oficiales policiales establecieron que la doctora mantiene una consulta particular que utilizar\u00eda como fachada en el centro de la comuna de Puerto Ays\u00e9n, mientras que la venta, habr\u00eda sido realizada por su hijo a trav\u00e9s del cerco de su vivienda, previa coordinaci\u00f3n telef\u00f3nica con los interesados.<\/p>\n<p style=\"text-align: justify;\">Durante el procedimiento desarrollado el jueves en el domicilio y la consulta m\u00e9dica de la doctora, se logr\u00f3 la incautaci\u00f3n de diversos comprimidos con los principios activos de fentermina y otros como clonazepam, clordiazep\u00f3xido, diazepam, midazolam, lorazepam y code\u00edna, cuyo valor comercial asciende a cerca de los 150 mil pesos.<\/p>\n<p style=\"text-align: justify;\">Del mismo modo, los detectives incautaron alrededor de dos millones de pesos en efectivo, dispositivos electr\u00f3nicos y diversa evidencia documental relacionada al il\u00edcito, como recetas cheques, licencias m\u00e9dicas, fichas m\u00e9dicas, cuadernos de anotaciones, libros de contabilidad, entre otros elementos.<\/p>\n<p style=\"text-align: justify;\">FORMALIZACI\u00d3N<\/p>\n<p style=\"text-align: justify;\">La fiscal a cargo de la investigaci\u00f3n, Mar\u00eda In\u00e9s N\u00fa\u00f1ez Briso, explic\u00f3 que la profesional es de nacionalidad chilena y que hab\u00eda obtenido su t\u00edtulo profesional en Argentina, el que posteriormente hab\u00eda sido revalidado en Chile.<\/p>\n<p style=\"text-align: justify;\">La denuncia fue presentada en diciembre en la Bidema de Puerto Ays\u00e9n y en el transcurso de la investigaci\u00f3n se ha logrado detectar que \u00abno concordaba la receta m\u00e9dica con una necesidad m\u00e9dica o indicaci\u00f3n terap\u00e9utica. Es decir, no se atend\u00eda a los pacientes como era debido y se entregaban recetas cheques para adquirir psicotr\u00f3picos regulados en la ley 20.000. Se trata espec\u00edficamente de Sentis y otros similares, cuyo principio activo es la fentermina. En este sentido, se entregaban afuera de la misma casa, no se hac\u00eda entrar a los pacientes\u00bb, entre otros, explic\u00f3 la fiscal del Ministerio P\u00fablico.<\/p>\n<p style=\"text-align: justify;\">El plazo para el t\u00e9rmino de las diligencias fue fijado en 90 d\u00edas por el Juzgado de Garant\u00eda de Puerto Ays\u00e9n.<\/p>\n<\/div><\/section><\/div><div  style='height:50px' class='hr hr-invisible  '><span class='hr-inner ' ><span class='hr-inner-style'><\/span><\/span><\/div><\/p>\n<div  class='av-social-sharing-box  '><div class='av-share-box'><h5 class='av-share-link-description av-no-toc '>Compartir esta noticia<\/h5><ul class='av-share-box-list noLightbox'><li class='av-share-link av-social-link-facebook' ><a target=\"_blank\" aria-label=\"Compartir en Facebook\" href='https:\/\/www.facebook.com\/sharer.php?u=https:\/\/radiorevelacionfm.cl\/?p=32530&#038;t=En%20prisi%C3%B3n%20preventiva%20m%C3%A9dica%20y%20su%20hijo%20por%20venta%20de%20recetas%20cheque%20para%20psicotr%C3%B3picos%20que%20operaba%20desde%20Puerto%20Ays%C3%A9n' aria-hidden='false' data-av_icon='\ue8f3' data-av_iconfont='entypo-fontello' title='' data-avia-related-tooltip='Compartir en Facebook' rel=\"noopener\"><span class='avia_hidden_link_text'>Compartir en Facebook<\/span><\/a><\/li><li class='av-share-link av-social-link-twitter' ><a target=\"_blank\" aria-label=\"Compartir en Twitter\" href='https:\/\/twitter.com\/share?text=En%20prisi%C3%B3n%20preventiva%20m%C3%A9dica%20y%20su%20hijo%20por%20venta%20de%20recetas%20cheque%20para%20psicotr%C3%B3picos%20que%20operaba%20desde%20Puerto%20Ays%C3%A9n&#038;url=https:\/\/radiorevelacionfm.cl\/?p=32530' aria-hidden='false' data-av_icon='\ue8f1' data-av_iconfont='entypo-fontello' title='' data-avia-related-tooltip='Compartir en Twitter' rel=\"noopener\"><span class='avia_hidden_link_text'>Compartir en Twitter<\/span><\/a><\/li><li class='av-share-link av-social-link-whatsapp' ><a target=\"_blank\" aria-label=\"Compartir en Whatsapp\" href='https:\/\/api.whatsapp.com\/send?text=https:\/\/radiorevelacionfm.cl\/?p=32530' aria-hidden='false' data-av_icon='\uf232' data-av_iconfont='entypo-fontello' title='' data-avia-related-tooltip='Compartir en Whatsapp' rel=\"noopener\"><span class='avia_hidden_link_text'>Compartir en Whatsapp<\/span><\/a><\/li><li class='av-share-link av-social-link-linkedin' ><a target=\"_blank\" aria-label=\"Compartir en LinkedIn\" href='https:\/\/linkedin.com\/shareArticle?mini=true&#038;title=En%20prisi%C3%B3n%20preventiva%20m%C3%A9dica%20y%20su%20hijo%20por%20venta%20de%20recetas%20cheque%20para%20psicotr%C3%B3picos%20que%20operaba%20desde%20Puerto%20Ays%C3%A9n&#038;url=https:\/\/radiorevelacionfm.cl\/?p=32530' aria-hidden='false' data-av_icon='\ue8fc' data-av_iconfont='entypo-fontello' title='' data-avia-related-tooltip='Compartir en LinkedIn' rel=\"noopener\"><span class='avia_hidden_link_text'>Compartir en LinkedIn<\/span><\/a><\/li><li class='av-share-link av-social-link-mail' ><a  aria-label=\"Compartir por correo\" href='mailto:?subject=En%20prisi%C3%B3n%20preventiva%20m%C3%A9dica%20y%20su%20hijo%20por%20venta%20de%20recetas%20cheque%20para%20psicotr%C3%B3picos%20que%20operaba%20desde%20Puerto%20Ays%C3%A9n&#038;body=https:\/\/radiorevelacionfm.cl\/?p=32530' aria-hidden='false' data-av_icon='\ue805' data-av_iconfont='entypo-fontello' title='' data-avia-related-tooltip='Compartir por correo'><span class='avia_hidden_link_text'>Compartir por correo<\/span><\/a><\/li><\/ul><\/div><\/div>\n<div  style='height:50px' class='hr hr-invisible  '><span class='hr-inner ' ><span class='hr-inner-style'><\/span><\/span><\/div>\n<div  class='av-buildercomment  av-blog-meta-html-info-disabled av-blog-meta-tag-disabled  '><\/div>\n","protected":false},"excerpt":{"rendered":"","protected":false},"author":1,"featured_media":32531,"comment_status":"open","ping_status":"open","sticky":false,"template":"","format":"standard","meta":{"footnotes":""},"categories":[36],"tags":[],"class_list":["post-32530","post","type-post","status-publish","format-standard","has-post-thumbnail","hentry","category-policial"],"jetpack_featured_media_url":"https:\/\/radiorevelacionfm.cl\/wp-content\/uploads\/2023\/06\/30-06-2023-Evidencia-Operacion-Copa-de-Higia-002-2-2.jpeg","_links":{"self":[{"href":"https:\/\/radiorevelacionfm.cl\/index.php?rest_route=\/wp\/v2\/posts\/32530","targetHints":{"allow":["GET"]}}],"collection":[{"href":"https:\/\/radiorevelacionfm.cl\/index.php?rest_route=\/wp\/v2\/posts"}],"about":[{"href":"https:\/\/radiorevelacionfm.cl\/index.php?rest_route=\/wp\/v2\/types\/post"}],"author":[{"embeddable":true,"href":"https:\/\/radiorevelacionfm.cl\/index.php?rest_route=\/wp\/v2\/users\/1"}],"replies":[{"embeddable":true,"href":"https:\/\/radiorevelacionfm.cl\/index.php?rest_route=%2Fwp%2Fv2%2Fcomments&post=32530"}],"version-history":[{"count":3,"href":"https:\/\/radiorevelacionfm.cl\/index.php?rest_route=\/wp\/v2\/posts\/32530\/revisions"}],"predecessor-version":[{"id":32534,"href":"https:\/\/radiorevelacionfm.cl\/index.php?rest_route=\/wp\/v2\/posts\/32530\/revisions\/32534"}],"wp:featuredmedia":[{"embeddable":true,"href":"https:\/\/radiorevelacionfm.cl\/index.php?rest_route=\/wp\/v2\/media\/32531"}],"wp:attachment":[{"href":"https:\/\/radiorevelacionfm.cl\/index.php?rest_route=%2Fwp%2Fv2%2Fmedia&parent=32530"}],"wp:term":[{"taxonomy":"category","embeddable":true,"href":"https:\/\/radiorevelacionfm.cl\/index.php?rest_route=%2Fwp%2Fv2%2Fcategories&post=32530"},{"taxonomy":"post_tag","embeddable":true,"href":"https:\/\/radiorevelacionfm.cl\/index.php?rest_route=%2Fwp%2Fv2%2Ftags&post=32530"}],"curies":[{"name":"wp","href":"https:\/\/api.w.org\/{rel}","templated":true}]}}