{"id":32522,"date":"2023-06-30T20:32:19","date_gmt":"2023-06-30T23:32:19","guid":{"rendered":"https:\/\/radiorevelacionfm.cl\/?p=32522"},"modified":"2023-06-30T20:32:19","modified_gmt":"2023-06-30T23:32:19","slug":"corfo-aysen-promueve-la-innovacion-en-pymes-productoras-y-manufactureras-de-la-industria-del-aserrio-de-la-region","status":"publish","type":"post","link":"https:\/\/radiorevelacionfm.cl\/?p=32522","title":{"rendered":"Corfo Ays\u00e9n promueve la innovaci\u00f3n en pymes productoras y manufactureras de la industria del aserr\u00edo de la regi\u00f3n"},"content":{"rendered":"<div class=\"flex_column av_one_full  flex_column_div av-zero-column-padding first  avia-builder-el-0  el_before_av_one_full  avia-builder-el-first  \" style='border-radius:0px; '><div  class='avia-image-container  av-styling-    avia-builder-el-1  avia-builder-el-no-sibling  avia-align-center '  itemprop=\"image\" itemscope=\"itemscope\" itemtype=\"https:\/\/schema.org\/ImageObject\"  ><div class='avia-image-container-inner'><div class='avia-image-overlay-wrap'><img decoding=\"async\" class='wp-image-32523 avia-img-lazy-loading-not-32523 avia_image' src=\"https:\/\/radiorevelacionfm.cl\/wp-content\/uploads\/2023\/06\/02-PDT-Aserrio-2-2.jpg\" alt='' title='02 PDT Aserr\u00edo-2-2' height=\"600\" width=\"941\"  itemprop=\"thumbnailUrl\" srcset=\"https:\/\/radiorevelacionfm.cl\/wp-content\/uploads\/2023\/06\/02-PDT-Aserrio-2-2.jpg 941w, https:\/\/radiorevelacionfm.cl\/wp-content\/uploads\/2023\/06\/02-PDT-Aserrio-2-2-300x191.jpg 300w, https:\/\/radiorevelacionfm.cl\/wp-content\/uploads\/2023\/06\/02-PDT-Aserrio-2-2-768x490.jpg 768w, https:\/\/radiorevelacionfm.cl\/wp-content\/uploads\/2023\/06\/02-PDT-Aserrio-2-2-705x450.jpg 705w, https:\/\/radiorevelacionfm.cl\/wp-content\/uploads\/2023\/06\/02-PDT-Aserrio-2-2-450x287.jpg 450w, https:\/\/radiorevelacionfm.cl\/wp-content\/uploads\/2023\/06\/02-PDT-Aserrio-2-2-600x383.jpg 600w\" sizes=\"(max-width: 941px) 100vw, 941px\" \/><\/div><\/div><\/div><\/div><div class=\"flex_column av_one_full  flex_column_div av-zero-column-padding first  avia-builder-el-2  el_after_av_one_full  el_before_av_one_full  column-top-margin\" style='border-radius:0px; '><section class=\"av_textblock_section \"  itemscope=\"itemscope\" itemtype=\"https:\/\/schema.org\/BlogPosting\" itemprop=\"blogPost\" ><div class='avia_textblock  '   itemprop=\"text\" ><p style=\"text-align: center;\"><span style=\"font-size: 18pt;\"><b><span lang=\"es-419\">Corfo Ays\u00e9n promueve la innovaci\u00f3n en pymes productoras y manufactureras de la industria del aserr\u00edo de la regi\u00f3n<\/span><\/b><\/span><\/p>\n<div id=\"gtx-trans\" style=\"position: absolute; left: -50px; top: 4.31534px;\">\n<div class=\"gtx-trans-icon\"><\/div>\n<\/div>\n<\/div><\/section><\/div><div class=\"flex_column av_one_full  flex_column_div av-zero-column-padding first  avia-builder-el-4  el_after_av_one_full  el_before_av_hr  column-top-margin\" style='border-radius:0px; '><section class=\"av_textblock_section \"  itemscope=\"itemscope\" itemtype=\"https:\/\/schema.org\/BlogPosting\" itemprop=\"blogPost\" ><div class='avia_textblock  '   itemprop=\"text\" ><p style=\"text-align: justify;\">Con la presencia de 20 empresas, se inici\u00f3 la ejecuci\u00f3n del Programa de Difusi\u00f3n Tecnol\u00f3gica \u201cAserr\u00edo Ays\u00e9n\u201d que busca fomentar la adopci\u00f3n de nuevas tecnolog\u00edas y pr\u00e1cticas innovadoras, para potenciar la competitividad del sector.<\/p>\n<p style=\"text-align: justify;\">Esta iniciativa, que es ejecutada por Codesser y financiada por Corfo Ays\u00e9n, abordar\u00e1 tem\u00e1ticas relevantes para acortar las brechas que presenta dicho sector productivo, a trav\u00e9s de mesas de trabajo con expertos y empresas tecnol\u00f3gicas y talleres de formaci\u00f3n.<\/p>\n<p style=\"text-align: justify;\">Humberto Mar\u00edn Leiva, director de Corfo Ays\u00e9n, explic\u00f3 el objetivo del programa y los alcances que tiene para los proveedores. \u00a0\u201cA trav\u00e9s de esta iniciativa buscamos optimizar la productividad y sostenibilidad de la industria del aserr\u00edo en la Regi\u00f3n de Ays\u00e9n, transfiriendo pr\u00e1cticas, conocimientos, t\u00e9cnicas, procesos y tecnolog\u00edas nuevas, que aborden efectivamente las brechas de productividad, asociadas a capacidades, competencias y herramientas tecnol\u00f3gicas. En este programa participan empresas productoras y manufactureras de la industria del aserr\u00edo de nuestra regi\u00f3n, con quienes ya hemos trabajado en el programa PTI <em>Desarrollo de la Industria del Aserr\u00edos<\/em>, vinculadas a cosecha de bosque, secado de madera y manufactura avanzada aplicada a productos madereros, que poseen un est\u00e1ndar tecnol\u00f3gico que presenta brechas respecto a lo que la industria demanda\u201d, detall\u00f3.<\/p>\n<p style=\"text-align: justify;\">Nicole Vernal D\u00edaz, fundadora de <a href=\"https:\/\/www.facebook.com\/trazosur\/\" data-saferedirecturl=\"https:\/\/www.google.com\/url?q=https:\/\/www.facebook.com\/trazosur\/&amp;source=gmail&amp;ust=1688224317101000&amp;usg=AOvVaw2X7SMqdj9KJPDbJXG2cA1S\">TrazoSur<\/a> &#8211; <a href=\"https:\/\/www.youtube.com\/watch?v=cVQb4bQPcDA\" data-saferedirecturl=\"https:\/\/www.google.com\/url?q=https:\/\/www.youtube.com\/watch?v%3DcVQb4bQPcDA&amp;source=gmail&amp;ust=1688224317101000&amp;usg=AOvVaw0El2MbB79xwfQ1zcr24lro\">factor\u00eda de productos de madera y dise\u00f1o de Ays\u00e9n<\/a>, destac\u00f3 las oportunidades que se abren para el sector. \u201cPara nosotros participar en el Programa de Difusi\u00f3n Tecnol\u00f3gica de Corfo ha sido muy importante, en el sentido de poder hacer redes con personas asociadas al rubro del aserr\u00edo y poder conocer tambi\u00e9n sus necesidades. Nos motiva mucho acercar la tecnolog\u00eda a los procesos productivos en el tema del aserr\u00edo en la regi\u00f3n, ya que es muy inspirador y permite sembrar nuevas visiones y oportunidades de lo que se puede implementar ac\u00e1 en la regi\u00f3n de Ays\u00e9n. Tenemos una alta expectativa de los resultados que podemos hacer con los distintos cursos que se van a dictar. Estamos muy agradecidos de poder participar de esta instancia\u201d.<\/p>\n<p style=\"text-align: justify;\"><strong>PROGRAMA<\/strong><\/p>\n<p style=\"text-align: justify;\">En t\u00e9rminos generales, las empresas proveedoras, poseen bajas capacidades para innovar, detectar oportunidades o conocer tendencias tecnol\u00f3gicas que podr\u00edan aumentar sus capacidades de competitividad.<\/p>\n<p style=\"text-align: justify;\">A partir de este diagn\u00f3stico, se busca desarrollar una experiencia de formaci\u00f3n que permita conocer nuevas tecnolog\u00edas asociadas con el manejo productivo y sostenible de los bosques en la Regi\u00f3n de Ays\u00e9n, con foco en tecnolog\u00edas vinculadas a cosecha de bosque, secado de madera y manufactura avanzada aplicada a productos madereros. Se implementar\u00e1n mesas de trabajo, charlas, talleres y exhibiciones para la generaci\u00f3n de capacidades tecnol\u00f3gicas y de innovaci\u00f3n en las empresas productoras atendidas para que \u00e9stas fortalezcan sus capacidades productivas y comerciales, y el desarrollo de capital humano especializado. Se gestionar\u00e1 la inversi\u00f3n tecnol\u00f3gica a las empresas beneficiarias, a trav\u00e9s de charlas y asesor\u00edas para la postulaci\u00f3n a fuentes de financiamiento p\u00fablico y privado, adem\u00e1s de potenciar el fortalecimiento de redes comerciales y tecnol\u00f3gicas que aporten a su productividad y competitividad, con foco en la asociatividad.<\/p>\n<p style=\"text-align: justify;\">Para ello, el paquete de apoyo planteado en el programa se basar\u00e1 en transferir conocimientos, tecnolog\u00edas y mecanismos de financiamiento en tem\u00e1ticas tales como tendencias tecnol\u00f3gicas de la industria y referentes; metodolog\u00edas de dise\u00f1o y procesos de innovaci\u00f3n para detecci\u00f3n de oportunidades y soluciones; tecnolog\u00edas de manejo de bosque, secado de madera y manufactura avanzada aplicada a productos madereros; oportunidades y formulaci\u00f3n de propuestas para b\u00fasqueda de financiamiento p\u00fablico y privado para inversi\u00f3n de tecnolog\u00eda y experiencias de vinculaci\u00f3n comercial a trav\u00e9s de rondas de negocios y participaci\u00f3n en ferias regionales.<\/p>\n<\/div><\/section><\/div><div  style='height:50px' class='hr hr-invisible   avia-builder-el-6  el_after_av_one_full  el_before_av_social_share '><span class='hr-inner ' ><span class='hr-inner-style'><\/span><\/span><\/div><\/p>\n<div  class='av-social-sharing-box  avia-builder-el-7  el_after_av_hr  el_before_av_hr  '><div class='av-share-box'><h5 class='av-share-link-description av-no-toc '>Compartir esta noticia<\/h5><ul class='av-share-box-list noLightbox'><li class='av-share-link av-social-link-facebook' ><a target=\"_blank\" aria-label=\"Compartir en Facebook\" href='https:\/\/www.facebook.com\/sharer.php?u=https:\/\/radiorevelacionfm.cl\/?p=32522&#038;t=Corfo%20Ays%C3%A9n%20promueve%20la%20innovaci%C3%B3n%20en%20pymes%20productoras%20y%20manufactureras%20de%20la%20industria%20del%20aserr%C3%ADo%20de%20la%20regi%C3%B3n' aria-hidden='false' data-av_icon='\ue8f3' data-av_iconfont='entypo-fontello' title='' data-avia-related-tooltip='Compartir en Facebook' rel=\"noopener\"><span class='avia_hidden_link_text'>Compartir en Facebook<\/span><\/a><\/li><li class='av-share-link av-social-link-twitter' ><a target=\"_blank\" aria-label=\"Compartir en Twitter\" href='https:\/\/twitter.com\/share?text=Corfo%20Ays%C3%A9n%20promueve%20la%20innovaci%C3%B3n%20en%20pymes%20productoras%20y%20manufactureras%20de%20la%20industria%20del%20aserr%C3%ADo%20de%20la%20regi%C3%B3n&#038;url=https:\/\/radiorevelacionfm.cl\/?p=32522' aria-hidden='false' data-av_icon='\ue8f1' data-av_iconfont='entypo-fontello' title='' data-avia-related-tooltip='Compartir en Twitter' rel=\"noopener\"><span class='avia_hidden_link_text'>Compartir en Twitter<\/span><\/a><\/li><li class='av-share-link av-social-link-whatsapp' ><a target=\"_blank\" aria-label=\"Compartir en Whatsapp\" href='https:\/\/api.whatsapp.com\/send?text=https:\/\/radiorevelacionfm.cl\/?p=32522' aria-hidden='false' data-av_icon='\uf232' data-av_iconfont='entypo-fontello' title='' data-avia-related-tooltip='Compartir en Whatsapp' rel=\"noopener\"><span class='avia_hidden_link_text'>Compartir en Whatsapp<\/span><\/a><\/li><li class='av-share-link av-social-link-linkedin' ><a target=\"_blank\" aria-label=\"Compartir en LinkedIn\" href='https:\/\/linkedin.com\/shareArticle?mini=true&#038;title=Corfo%20Ays%C3%A9n%20promueve%20la%20innovaci%C3%B3n%20en%20pymes%20productoras%20y%20manufactureras%20de%20la%20industria%20del%20aserr%C3%ADo%20de%20la%20regi%C3%B3n&#038;url=https:\/\/radiorevelacionfm.cl\/?p=32522' aria-hidden='false' data-av_icon='\ue8fc' data-av_iconfont='entypo-fontello' title='' data-avia-related-tooltip='Compartir en LinkedIn' rel=\"noopener\"><span class='avia_hidden_link_text'>Compartir en LinkedIn<\/span><\/a><\/li><li class='av-share-link av-social-link-mail' ><a  aria-label=\"Compartir por correo\" href='mailto:?subject=Corfo%20Ays%C3%A9n%20promueve%20la%20innovaci%C3%B3n%20en%20pymes%20productoras%20y%20manufactureras%20de%20la%20industria%20del%20aserr%C3%ADo%20de%20la%20regi%C3%B3n&#038;body=https:\/\/radiorevelacionfm.cl\/?p=32522' aria-hidden='false' data-av_icon='\ue805' data-av_iconfont='entypo-fontello' title='' data-avia-related-tooltip='Compartir por correo'><span class='avia_hidden_link_text'>Compartir por correo<\/span><\/a><\/li><\/ul><\/div><\/div>\n<div  style='height:50px' class='hr hr-invisible   avia-builder-el-8  el_after_av_social_share  el_before_av_comments_list '><span class='hr-inner ' ><span class='hr-inner-style'><\/span><\/span><\/div>\n<div  class='av-buildercomment  av-blog-meta-html-info-disabled av-blog-meta-tag-disabled  '><\/div>\n","protected":false},"excerpt":{"rendered":"","protected":false},"author":1,"featured_media":32523,"comment_status":"open","ping_status":"open","sticky":false,"template":"","format":"standard","meta":{"footnotes":""},"categories":[38],"tags":[],"class_list":["post-32522","post","type-post","status-publish","format-standard","has-post-thumbnail","hentry","category-regional"],"jetpack_featured_media_url":"https:\/\/radiorevelacionfm.cl\/wp-content\/uploads\/2023\/06\/02-PDT-Aserrio-2-2.jpg","_links":{"self":[{"href":"https:\/\/radiorevelacionfm.cl\/index.php?rest_route=\/wp\/v2\/posts\/32522","targetHints":{"allow":["GET"]}}],"collection":[{"href":"https:\/\/radiorevelacionfm.cl\/index.php?rest_route=\/wp\/v2\/posts"}],"about":[{"href":"https:\/\/radiorevelacionfm.cl\/index.php?rest_route=\/wp\/v2\/types\/post"}],"author":[{"embeddable":true,"href":"https:\/\/radiorevelacionfm.cl\/index.php?rest_route=\/wp\/v2\/users\/1"}],"replies":[{"embeddable":true,"href":"https:\/\/radiorevelacionfm.cl\/index.php?rest_route=%2Fwp%2Fv2%2Fcomments&post=32522"}],"version-history":[{"count":1,"href":"https:\/\/radiorevelacionfm.cl\/index.php?rest_route=\/wp\/v2\/posts\/32522\/revisions"}],"predecessor-version":[{"id":32524,"href":"https:\/\/radiorevelacionfm.cl\/index.php?rest_route=\/wp\/v2\/posts\/32522\/revisions\/32524"}],"wp:featuredmedia":[{"embeddable":true,"href":"https:\/\/radiorevelacionfm.cl\/index.php?rest_route=\/wp\/v2\/media\/32523"}],"wp:attachment":[{"href":"https:\/\/radiorevelacionfm.cl\/index.php?rest_route=%2Fwp%2Fv2%2Fmedia&parent=32522"}],"wp:term":[{"taxonomy":"category","embeddable":true,"href":"https:\/\/radiorevelacionfm.cl\/index.php?rest_route=%2Fwp%2Fv2%2Fcategories&post=32522"},{"taxonomy":"post_tag","embeddable":true,"href":"https:\/\/radiorevelacionfm.cl\/index.php?rest_route=%2Fwp%2Fv2%2Ftags&post=32522"}],"curies":[{"name":"wp","href":"https:\/\/api.w.org\/{rel}","templated":true}]}}