{"id":32515,"date":"2023-06-30T12:37:39","date_gmt":"2023-06-30T15:37:39","guid":{"rendered":"https:\/\/radiorevelacionfm.cl\/?p=32515"},"modified":"2023-06-30T12:37:39","modified_gmt":"2023-06-30T15:37:39","slug":"asume-nueva-directora-regional-del-instituto-de-seguridad-laboral-isl","status":"publish","type":"post","link":"https:\/\/radiorevelacionfm.cl\/?p=32515","title":{"rendered":"Asume nueva directora regional del Instituto de Seguridad Laboral, ISL"},"content":{"rendered":"<div class=\"flex_column av_one_full  flex_column_div av-zero-column-padding first  avia-builder-el-0  el_before_av_one_full  avia-builder-el-first  \" style='border-radius:0px; '><div  class='avia-image-container  av-styling-    avia-builder-el-1  avia-builder-el-no-sibling  avia-align-center '  itemprop=\"image\" itemscope=\"itemscope\" itemtype=\"https:\/\/schema.org\/ImageObject\"  ><div class='avia-image-container-inner'><div class='avia-image-overlay-wrap'><img decoding=\"async\" class='wp-image-32517 avia-img-lazy-loading-not-32517 avia_image' src=\"https:\/\/radiorevelacionfm.cl\/wp-content\/uploads\/2023\/06\/nueva-directora-regional-isl-aysen-2-2-2_optimized.jpg\" alt='' title='nueva-directora-regional-isl-aysen-2-2-2_optimized' height=\"600\" width=\"979\"  itemprop=\"thumbnailUrl\" srcset=\"https:\/\/radiorevelacionfm.cl\/wp-content\/uploads\/2023\/06\/nueva-directora-regional-isl-aysen-2-2-2_optimized.jpg 979w, https:\/\/radiorevelacionfm.cl\/wp-content\/uploads\/2023\/06\/nueva-directora-regional-isl-aysen-2-2-2_optimized-300x184.jpg 300w, https:\/\/radiorevelacionfm.cl\/wp-content\/uploads\/2023\/06\/nueva-directora-regional-isl-aysen-2-2-2_optimized-768x471.jpg 768w, https:\/\/radiorevelacionfm.cl\/wp-content\/uploads\/2023\/06\/nueva-directora-regional-isl-aysen-2-2-2_optimized-705x432.jpg 705w, https:\/\/radiorevelacionfm.cl\/wp-content\/uploads\/2023\/06\/nueva-directora-regional-isl-aysen-2-2-2_optimized-450x276.jpg 450w, https:\/\/radiorevelacionfm.cl\/wp-content\/uploads\/2023\/06\/nueva-directora-regional-isl-aysen-2-2-2_optimized-600x368.jpg 600w\" sizes=\"(max-width: 979px) 100vw, 979px\" \/><\/div><\/div><\/div><\/div><div class=\"flex_column av_one_full  flex_column_div av-zero-column-padding first  avia-builder-el-2  el_after_av_one_full  el_before_av_one_full  column-top-margin\" style='border-radius:0px; '><section class=\"av_textblock_section \"  itemscope=\"itemscope\" itemtype=\"https:\/\/schema.org\/BlogPosting\" itemprop=\"blogPost\" ><div class='avia_textblock  '   itemprop=\"text\" ><p style=\"text-align: center;\"><span style=\"font-size: 18pt;\"><b><span lang=\"ES-TRAD\">Asume nueva directora regional del Instituto de Seguridad Laboral, ISL<\/span><\/b><\/span><\/p>\n<div id=\"gtx-trans\" style=\"position: absolute; left: -50px; top: 4.31534px;\">\n<div class=\"gtx-trans-icon\"><\/div>\n<\/div>\n<\/div><\/section><\/div><div class=\"flex_column av_one_full  flex_column_div av-zero-column-padding first  avia-builder-el-4  el_after_av_one_full  el_before_av_hr  column-top-margin\" style='border-radius:0px; '><section class=\"av_textblock_section \"  itemscope=\"itemscope\" itemtype=\"https:\/\/schema.org\/BlogPosting\" itemprop=\"blogPost\" ><div class='avia_textblock  '   itemprop=\"text\" ><p class=\"v1MsoNormal\" style=\"text-align: justify;\"><span lang=\"ES-MX\">En un saludo protocolar al Delegado Regional de Ays\u00e9n, Rodrigo Araya junto al Seremi de Trabajo y Previsi\u00f3n Social, Rodrigo D\u00edaz y al jefa de gabinete nacional institucional, fue presentada la nueva directora regional del Instituto de Seguridad Laboral, ISL, Claudia Vald\u00e9s V\u00e1squez.<\/span><\/p>\n<p class=\"v1MsoNormal\" style=\"text-align: justify;\"><span lang=\"ES-MX\">Sobre el nombramiento, el Seremi Rodrigo D\u00edaz manifest\u00f3, \u00abAsumi\u00f3 la nueva Directora del Instituto de Seguridad Laboral, ISL, Claudia Vald\u00e9s. Ella es una gran profesional, con vasta experiencia en el \u00e1mbito municipal, p\u00fablico y privado, en gesti\u00f3n y administraci\u00f3n. El ISL, que es la mutualidad del Estado, y que administra de la Ley 16.744 de accidentes laborales y enfermedades profesionales, tiene grandes desaf\u00edos en t\u00e9rminos de seguridad laboral y prevenci\u00f3n, donde tambi\u00e9n est\u00e1n realizando una importante labor con los trabajadores a honorarios, para que conozcan sus derechos y acceso a la seguridad laboral, al cotizar a trav\u00e9s de la operaci\u00f3n renta\u00bb. <\/span><\/p>\n<p class=\"v1MsoNormal\" style=\"text-align: justify;\"><span lang=\"ES-MX\">Agregando \u00abLa llegada de la nueva directora junto a la reciente contrataci\u00f3n de la coordinadora de salud laboral, viene a reforzar el trabajo que realizan los funcionarios en toda la regi\u00f3n, por el bien de las y los trabajadores, y empresas adherentes\u00bb, afirm\u00f3 D\u00edaz Cordaro.\u00a0 <\/span><\/p>\n<p class=\"v1MsoNormal\" style=\"text-align: justify;\"><span lang=\"ES-MX\">Claudia Vald\u00e9s V\u00e1squez es la primera mujer profesional que es oriunda de una comuna del extremo norte de la regi\u00f3n, como es Lago Verde, en ocupar un cargo de alcance regional. Se ha desempe\u00f1ado en diversos cargos, siendo el \u00faltimo, el de directora de desarrollo comunitario, DIDECO, de la I. Municipalidad de O\u00b4Higgins, donde uno de sus atributos es el vasto conocimiento del territorio regional y sus particularidades. <\/span><\/p>\n<p class=\"v1MsoNormal\" style=\"text-align: justify;\"><span lang=\"ES-MX\">Con respecto a los desaf\u00edos que tiene en este periodo, la nueva directora regional, Claudia Vald\u00e9s, mencion\u00f3, \u00abEntre los principales desaf\u00edos se encuentra dar mayor visibilidad a nivel regional\u00a0al Instituto de Seguridad Laboral, ISL, como organismo administrador del Estado del seguro social de accidentes del trabajo y enfermedades profesionales.\u00a0Por otra parte, es necesario dar continuidad al trabajo realizado por el equipo t\u00e9cnico como referente en materia de salud y seguridad del trabajo. Ser una entidad reconocida en materia de prevenci\u00f3n, manteniendo est\u00e1ndares de calidad de gesti\u00f3n del Instituto de Seguridad Laboral a nivel regional y junto a ello es necesario descentralizar la oferta program\u00e1tica y el acceso a la informaci\u00f3n en las diferentes comunas de la Regi\u00f3n de Ays\u00e9n. Adem\u00e1s, poder vincularse con instituciones como municipios, quienes concentran un alto porcentaje de trabajadores honorarios y realzar la calidad de satisfacci\u00f3n de nuestros cotizantes y empresas adheridas al Instituto de Seguridad Laboral\u00bb, coment\u00f3.<\/span><\/p>\n<p class=\"v1MsoNormal\" style=\"text-align: justify;\"><span lang=\"ES-MX\">\u00abEs importante destacar que complementario al trabajo del equipo t\u00e9cnico y de los funcionarios del ISL, desde hace unas semanas, en esta direcci\u00f3n regional, tenemos un equipo multidisciplinario compuesto por una coordinadora de salud regional, una trabajadora social a cargo del programa de acompa\u00f1amiento y asistencia social para nuestros usuarios y sus familias. Por otra parte, contamos con un equipo compuesto por un tens y un psic\u00f3logo, quienes realizan funciones en materia de abordaje en factores de riesgos psicosociales, presentes en ambientes laborales y adem\u00e1s realizan evaluaciones de salud ocupacional. Por tanto, nuestro principal inter\u00e9s es entender la salud laboral desde una mirada integral, desarrollando una cultura preventiva y esperamos que esto se vea reflejado en el trabajo en los territorios\u00bb, afirm\u00f3 la nueva directora regional del ISL.<\/span><\/p>\n<\/div><\/section><\/div><div  style='height:50px' class='hr hr-invisible   avia-builder-el-6  el_after_av_one_full  el_before_av_social_share '><span class='hr-inner ' ><span class='hr-inner-style'><\/span><\/span><\/div><\/p>\n<div  class='av-social-sharing-box  avia-builder-el-7  el_after_av_hr  el_before_av_hr  '><div class='av-share-box'><h5 class='av-share-link-description av-no-toc '>Compartir esta noticia<\/h5><ul class='av-share-box-list noLightbox'><li class='av-share-link av-social-link-facebook' ><a target=\"_blank\" aria-label=\"Compartir en Facebook\" href='https:\/\/www.facebook.com\/sharer.php?u=https:\/\/radiorevelacionfm.cl\/?p=32515&#038;t=Asume%20nueva%20directora%20regional%20del%20Instituto%20de%20Seguridad%20Laboral%2C%20ISL' aria-hidden='false' data-av_icon='\ue8f3' data-av_iconfont='entypo-fontello' title='' data-avia-related-tooltip='Compartir en Facebook' rel=\"noopener\"><span class='avia_hidden_link_text'>Compartir en Facebook<\/span><\/a><\/li><li class='av-share-link av-social-link-twitter' ><a target=\"_blank\" aria-label=\"Compartir en Twitter\" href='https:\/\/twitter.com\/share?text=Asume%20nueva%20directora%20regional%20del%20Instituto%20de%20Seguridad%20Laboral%2C%20ISL&#038;url=https:\/\/radiorevelacionfm.cl\/?p=32515' aria-hidden='false' data-av_icon='\ue8f1' data-av_iconfont='entypo-fontello' title='' data-avia-related-tooltip='Compartir en Twitter' rel=\"noopener\"><span class='avia_hidden_link_text'>Compartir en Twitter<\/span><\/a><\/li><li class='av-share-link av-social-link-whatsapp' ><a target=\"_blank\" aria-label=\"Compartir en Whatsapp\" href='https:\/\/api.whatsapp.com\/send?text=https:\/\/radiorevelacionfm.cl\/?p=32515' aria-hidden='false' data-av_icon='\uf232' data-av_iconfont='entypo-fontello' title='' data-avia-related-tooltip='Compartir en Whatsapp' rel=\"noopener\"><span class='avia_hidden_link_text'>Compartir en Whatsapp<\/span><\/a><\/li><li class='av-share-link av-social-link-linkedin' ><a target=\"_blank\" aria-label=\"Compartir en LinkedIn\" href='https:\/\/linkedin.com\/shareArticle?mini=true&#038;title=Asume%20nueva%20directora%20regional%20del%20Instituto%20de%20Seguridad%20Laboral%2C%20ISL&#038;url=https:\/\/radiorevelacionfm.cl\/?p=32515' aria-hidden='false' data-av_icon='\ue8fc' data-av_iconfont='entypo-fontello' title='' data-avia-related-tooltip='Compartir en LinkedIn' rel=\"noopener\"><span class='avia_hidden_link_text'>Compartir en LinkedIn<\/span><\/a><\/li><li class='av-share-link av-social-link-mail' ><a  aria-label=\"Compartir por correo\" href='mailto:?subject=Asume%20nueva%20directora%20regional%20del%20Instituto%20de%20Seguridad%20Laboral%2C%20ISL&#038;body=https:\/\/radiorevelacionfm.cl\/?p=32515' aria-hidden='false' data-av_icon='\ue805' data-av_iconfont='entypo-fontello' title='' data-avia-related-tooltip='Compartir por correo'><span class='avia_hidden_link_text'>Compartir por correo<\/span><\/a><\/li><\/ul><\/div><\/div>\n<div  style='height:50px' class='hr hr-invisible   avia-builder-el-8  el_after_av_social_share  el_before_av_comments_list '><span class='hr-inner ' ><span class='hr-inner-style'><\/span><\/span><\/div>\n<div  class='av-buildercomment  av-blog-meta-html-info-disabled av-blog-meta-tag-disabled  '><\/div>\n","protected":false},"excerpt":{"rendered":"","protected":false},"author":1,"featured_media":32517,"comment_status":"open","ping_status":"open","sticky":false,"template":"","format":"standard","meta":{"footnotes":""},"categories":[56],"tags":[],"class_list":["post-32515","post","type-post","status-publish","format-standard","has-post-thumbnail","hentry","category-trabajo"],"jetpack_featured_media_url":"https:\/\/radiorevelacionfm.cl\/wp-content\/uploads\/2023\/06\/nueva-directora-regional-isl-aysen-2-2-2_optimized.jpg","_links":{"self":[{"href":"https:\/\/radiorevelacionfm.cl\/index.php?rest_route=\/wp\/v2\/posts\/32515","targetHints":{"allow":["GET"]}}],"collection":[{"href":"https:\/\/radiorevelacionfm.cl\/index.php?rest_route=\/wp\/v2\/posts"}],"about":[{"href":"https:\/\/radiorevelacionfm.cl\/index.php?rest_route=\/wp\/v2\/types\/post"}],"author":[{"embeddable":true,"href":"https:\/\/radiorevelacionfm.cl\/index.php?rest_route=\/wp\/v2\/users\/1"}],"replies":[{"embeddable":true,"href":"https:\/\/radiorevelacionfm.cl\/index.php?rest_route=%2Fwp%2Fv2%2Fcomments&post=32515"}],"version-history":[{"count":1,"href":"https:\/\/radiorevelacionfm.cl\/index.php?rest_route=\/wp\/v2\/posts\/32515\/revisions"}],"predecessor-version":[{"id":32518,"href":"https:\/\/radiorevelacionfm.cl\/index.php?rest_route=\/wp\/v2\/posts\/32515\/revisions\/32518"}],"wp:featuredmedia":[{"embeddable":true,"href":"https:\/\/radiorevelacionfm.cl\/index.php?rest_route=\/wp\/v2\/media\/32517"}],"wp:attachment":[{"href":"https:\/\/radiorevelacionfm.cl\/index.php?rest_route=%2Fwp%2Fv2%2Fmedia&parent=32515"}],"wp:term":[{"taxonomy":"category","embeddable":true,"href":"https:\/\/radiorevelacionfm.cl\/index.php?rest_route=%2Fwp%2Fv2%2Fcategories&post=32515"},{"taxonomy":"post_tag","embeddable":true,"href":"https:\/\/radiorevelacionfm.cl\/index.php?rest_route=%2Fwp%2Fv2%2Ftags&post=32515"}],"curies":[{"name":"wp","href":"https:\/\/api.w.org\/{rel}","templated":true}]}}