{"id":32508,"date":"2023-06-30T10:26:39","date_gmt":"2023-06-30T13:26:39","guid":{"rendered":"https:\/\/radiorevelacionfm.cl\/?p=32508"},"modified":"2023-06-30T10:26:39","modified_gmt":"2023-06-30T13:26:39","slug":"impulsan-proyecto-de-ley-internet-como-servicio-publico","status":"publish","type":"post","link":"https:\/\/radiorevelacionfm.cl\/?p=32508","title":{"rendered":"Impulsan proyecto de Ley, Internet como servicio p\u00fablico"},"content":{"rendered":"<div class=\"flex_column av_one_full  flex_column_div av-zero-column-padding first  avia-builder-el-0  el_before_av_one_full  avia-builder-el-first  \" style='border-radius:0px; '><div  class='avia-image-container  av-styling-    avia-builder-el-1  avia-builder-el-no-sibling  avia-align-center '  itemprop=\"image\" itemscope=\"itemscope\" itemtype=\"https:\/\/schema.org\/ImageObject\"  ><div class='avia-image-container-inner'><div class='avia-image-overlay-wrap'><img decoding=\"async\" class='wp-image-32509 avia-img-lazy-loading-not-32509 avia_image' src=\"https:\/\/radiorevelacionfm.cl\/wp-content\/uploads\/2023\/06\/DSC_0106-2-2.jpg\" alt='' title='DSC_0106-2-2' height=\"600\" width=\"902\"  itemprop=\"thumbnailUrl\" srcset=\"https:\/\/radiorevelacionfm.cl\/wp-content\/uploads\/2023\/06\/DSC_0106-2-2.jpg 902w, https:\/\/radiorevelacionfm.cl\/wp-content\/uploads\/2023\/06\/DSC_0106-2-2-300x200.jpg 300w, https:\/\/radiorevelacionfm.cl\/wp-content\/uploads\/2023\/06\/DSC_0106-2-2-768x511.jpg 768w, https:\/\/radiorevelacionfm.cl\/wp-content\/uploads\/2023\/06\/DSC_0106-2-2-705x469.jpg 705w, https:\/\/radiorevelacionfm.cl\/wp-content\/uploads\/2023\/06\/DSC_0106-2-2-450x299.jpg 450w, https:\/\/radiorevelacionfm.cl\/wp-content\/uploads\/2023\/06\/DSC_0106-2-2-600x399.jpg 600w\" sizes=\"(max-width: 902px) 100vw, 902px\" \/><\/div><\/div><\/div><\/div><div class=\"flex_column av_one_full  flex_column_div av-zero-column-padding first  avia-builder-el-2  el_after_av_one_full  el_before_av_one_full  column-top-margin\" style='border-radius:0px; '><section class=\"av_textblock_section \"  itemscope=\"itemscope\" itemtype=\"https:\/\/schema.org\/BlogPosting\" itemprop=\"blogPost\" ><div class='avia_textblock  '   itemprop=\"text\" ><p style=\"text-align: center;\"><span style=\"font-size: 18pt;\"><b>Impulsan proyecto de Ley, Internet como servicio p\u00fablico<\/b><\/span><\/p>\n<div id=\"gtx-trans\" style=\"position: absolute; left: -50px; top: 4.31534px;\">\n<div class=\"gtx-trans-icon\"><\/div>\n<\/div>\n<\/div><\/section><\/div><div class=\"flex_column av_one_full  flex_column_div av-zero-column-padding first  avia-builder-el-4  el_after_av_one_full  el_before_av_hr  column-top-margin\" style='border-radius:0px; '><section class=\"av_textblock_section \"  itemscope=\"itemscope\" itemtype=\"https:\/\/schema.org\/BlogPosting\" itemprop=\"blogPost\" ><div class='avia_textblock  '   itemprop=\"text\" ><p style=\"text-align: justify;\">Los alcances de Internet en diferentes dimensiones de la vida cotidiana, ha hecho que esta tecnolog\u00eda cumpla un rol esencial para las personas y tambi\u00e9n en el desarrollo de los territorios. Por ello, su valor de uso puede asimilarse al agua y la electricidad, servicios b\u00e1sicos para las personas.<\/p>\n<p style=\"text-align: justify;\">Bajo esta premisa, la Subtel ha empujado en el Congreso el proyecto de Ley, Internet como servicio p\u00fablico, el que ya fue aprobado por la Comisi\u00f3n de Obras P\u00fablicas, Transportes y Telecomunicaciones de la C\u00e1mara de Diputados. La iniciativa, junto con hacer expl\u00edcita la calidad de servicio b\u00e1sico de Internet, otorga mayores facultades fiscalizadoras para garantizar a los usuarios una buena recepci\u00f3n de sus servicios. Adem\u00e1s, permite dise\u00f1ar mecanismos para subsidios a la demanda y de esa forma ayudar a las familias que no puedan contratar planes.<\/p>\n<p style=\"text-align: justify;\">A la espera de la votaci\u00f3n en sala del proyecto, el subsecretario de Telecomunicaciones, Claudio Araya se\u00f1al\u00f3 que, \u201ccon este proyecto tendremos disponibles mayores herramientas para fiscalizar y hacer exigencias de calidad de servicio. Adem\u00e1s, podremos habilitar mecanismos para el subsidio a la demanda, avanzando en la disminuci\u00f3n de una dimensi\u00f3n de la brecha digital, que tiene que ver con la dificultad que tienen muchas familias para pagar los servicios. Reconocer el Internet como un servicio b\u00e1sico, es tambi\u00e9n reconocer que es una herramienta que mejora la calidad de vida de las personas y por ende, \u00a0es indispensable garantizar su acceso\u201d.<\/p>\n<p style=\"text-align: justify;\">La seremiTT Claudia Cantero valor\u00f3 el trabajo del Ministerio, relacionado con el eje de regulaci\u00f3n del Plan Brecha Digital Cero. \u201cDe aprobarse este proyecto de Ley podremos entregar un mayor respaldo a\u00a0 los usuarios de servicios de telecomunicaciones, tanto en el sector urbano como en zonas aisladas. Tener mayores herramientas para el control de la calidad, sin duda permitir\u00e1 que mejore la experiencia de uso y permita que se puedan aprovechar cabalmente las ventajas que entrega Internet\u201d.<\/p>\n<p style=\"text-align: justify;\">La autoridad adem\u00e1s se refiri\u00f3 a los proyectos que Subtel ha impulsado en la regi\u00f3n en el marco del Plan Brecha Digital Cero; tales como la fibra \u00f3ptica que se implementar\u00e1 desde la Junta a Ra\u00fal Mar\u00edn Balmaceda y el proyecto \u00daltima Milla que dotar\u00e1 con esta misma infraestructura digital a Villa O\u00b4Higgins. \u201cAmbos proyectos, que conectan a los dos extremos de nuestra regi\u00f3n, vienen a responder a un requerimiento muy sentido por sus habitantes, y sin duda van a marcar un antes y un despu\u00e9s en la calidad de recepci\u00f3n de datos\u201d.<\/p>\n<\/div><\/section><\/div><div  style='height:50px' class='hr hr-invisible   avia-builder-el-6  el_after_av_one_full  el_before_av_social_share '><span class='hr-inner ' ><span class='hr-inner-style'><\/span><\/span><\/div><\/p>\n<div  class='av-social-sharing-box  avia-builder-el-7  el_after_av_hr  el_before_av_hr  '><div class='av-share-box'><h5 class='av-share-link-description av-no-toc '>Compartir esta noticia<\/h5><ul class='av-share-box-list noLightbox'><li class='av-share-link av-social-link-facebook' ><a target=\"_blank\" aria-label=\"Compartir en Facebook\" href='https:\/\/www.facebook.com\/sharer.php?u=https:\/\/radiorevelacionfm.cl\/?p=32508&#038;t=Impulsan%20proyecto%20de%20Ley%2C%20Internet%20como%20servicio%20p%C3%BAblico' aria-hidden='false' data-av_icon='\ue8f3' data-av_iconfont='entypo-fontello' title='' data-avia-related-tooltip='Compartir en Facebook' rel=\"noopener\"><span class='avia_hidden_link_text'>Compartir en Facebook<\/span><\/a><\/li><li class='av-share-link av-social-link-twitter' ><a target=\"_blank\" aria-label=\"Compartir en Twitter\" href='https:\/\/twitter.com\/share?text=Impulsan%20proyecto%20de%20Ley%2C%20Internet%20como%20servicio%20p%C3%BAblico&#038;url=https:\/\/radiorevelacionfm.cl\/?p=32508' aria-hidden='false' data-av_icon='\ue8f1' data-av_iconfont='entypo-fontello' title='' data-avia-related-tooltip='Compartir en Twitter' rel=\"noopener\"><span class='avia_hidden_link_text'>Compartir en Twitter<\/span><\/a><\/li><li class='av-share-link av-social-link-whatsapp' ><a target=\"_blank\" aria-label=\"Compartir en Whatsapp\" href='https:\/\/api.whatsapp.com\/send?text=https:\/\/radiorevelacionfm.cl\/?p=32508' aria-hidden='false' data-av_icon='\uf232' data-av_iconfont='entypo-fontello' title='' data-avia-related-tooltip='Compartir en Whatsapp' rel=\"noopener\"><span class='avia_hidden_link_text'>Compartir en Whatsapp<\/span><\/a><\/li><li class='av-share-link av-social-link-linkedin' ><a target=\"_blank\" aria-label=\"Compartir en LinkedIn\" href='https:\/\/linkedin.com\/shareArticle?mini=true&#038;title=Impulsan%20proyecto%20de%20Ley%2C%20Internet%20como%20servicio%20p%C3%BAblico&#038;url=https:\/\/radiorevelacionfm.cl\/?p=32508' aria-hidden='false' data-av_icon='\ue8fc' data-av_iconfont='entypo-fontello' title='' data-avia-related-tooltip='Compartir en LinkedIn' rel=\"noopener\"><span class='avia_hidden_link_text'>Compartir en LinkedIn<\/span><\/a><\/li><li class='av-share-link av-social-link-mail' ><a  aria-label=\"Compartir por correo\" href='mailto:?subject=Impulsan%20proyecto%20de%20Ley%2C%20Internet%20como%20servicio%20p%C3%BAblico&#038;body=https:\/\/radiorevelacionfm.cl\/?p=32508' aria-hidden='false' data-av_icon='\ue805' data-av_iconfont='entypo-fontello' title='' data-avia-related-tooltip='Compartir por correo'><span class='avia_hidden_link_text'>Compartir por correo<\/span><\/a><\/li><\/ul><\/div><\/div>\n<div  style='height:50px' class='hr hr-invisible   avia-builder-el-8  el_after_av_social_share  el_before_av_comments_list '><span class='hr-inner ' ><span class='hr-inner-style'><\/span><\/span><\/div>\n<div  class='av-buildercomment  av-blog-meta-html-info-disabled av-blog-meta-tag-disabled  '><\/div>\n","protected":false},"excerpt":{"rendered":"","protected":false},"author":1,"featured_media":32509,"comment_status":"open","ping_status":"open","sticky":false,"template":"","format":"standard","meta":{"footnotes":""},"categories":[59],"tags":[],"class_list":["post-32508","post","type-post","status-publish","format-standard","has-post-thumbnail","hentry","category-transporte"],"jetpack_featured_media_url":"https:\/\/radiorevelacionfm.cl\/wp-content\/uploads\/2023\/06\/DSC_0106-2-2.jpg","_links":{"self":[{"href":"https:\/\/radiorevelacionfm.cl\/index.php?rest_route=\/wp\/v2\/posts\/32508","targetHints":{"allow":["GET"]}}],"collection":[{"href":"https:\/\/radiorevelacionfm.cl\/index.php?rest_route=\/wp\/v2\/posts"}],"about":[{"href":"https:\/\/radiorevelacionfm.cl\/index.php?rest_route=\/wp\/v2\/types\/post"}],"author":[{"embeddable":true,"href":"https:\/\/radiorevelacionfm.cl\/index.php?rest_route=\/wp\/v2\/users\/1"}],"replies":[{"embeddable":true,"href":"https:\/\/radiorevelacionfm.cl\/index.php?rest_route=%2Fwp%2Fv2%2Fcomments&post=32508"}],"version-history":[{"count":1,"href":"https:\/\/radiorevelacionfm.cl\/index.php?rest_route=\/wp\/v2\/posts\/32508\/revisions"}],"predecessor-version":[{"id":32510,"href":"https:\/\/radiorevelacionfm.cl\/index.php?rest_route=\/wp\/v2\/posts\/32508\/revisions\/32510"}],"wp:featuredmedia":[{"embeddable":true,"href":"https:\/\/radiorevelacionfm.cl\/index.php?rest_route=\/wp\/v2\/media\/32509"}],"wp:attachment":[{"href":"https:\/\/radiorevelacionfm.cl\/index.php?rest_route=%2Fwp%2Fv2%2Fmedia&parent=32508"}],"wp:term":[{"taxonomy":"category","embeddable":true,"href":"https:\/\/radiorevelacionfm.cl\/index.php?rest_route=%2Fwp%2Fv2%2Fcategories&post=32508"},{"taxonomy":"post_tag","embeddable":true,"href":"https:\/\/radiorevelacionfm.cl\/index.php?rest_route=%2Fwp%2Fv2%2Ftags&post=32508"}],"curies":[{"name":"wp","href":"https:\/\/api.w.org\/{rel}","templated":true}]}}