{"id":32505,"date":"2023-06-30T00:09:29","date_gmt":"2023-06-30T03:09:29","guid":{"rendered":"https:\/\/radiorevelacionfm.cl\/?p=32505"},"modified":"2023-06-30T12:50:41","modified_gmt":"2023-06-30T15:50:41","slug":"diputados-de-la-region-piden-a-fiscalia-investigar-posibles-irregularidades-entre-universidad-de-aysen-y-fundacion-democracia-viva","status":"publish","type":"post","link":"https:\/\/radiorevelacionfm.cl\/?p=32505","title":{"rendered":"Diputados piden a fiscal\u00eda investigar posibles irregularidades en el v\u00ednculo del GORE y Universidad de Ays\u00e9n con fundaciones Procultura y Democracia Viva"},"content":{"rendered":"<div class=\"flex_column av_one_full  flex_column_div av-zero-column-padding first  avia-builder-el-0  el_before_av_one_full  avia-builder-el-first  \" style='border-radius:0px; '><div  class='avia-image-container  av-styling-    avia-builder-el-1  avia-builder-el-no-sibling  avia-align-center '  itemprop=\"image\" itemscope=\"itemscope\" itemtype=\"https:\/\/schema.org\/ImageObject\"  ><div class='avia-image-container-inner'><div class='avia-image-overlay-wrap'><img decoding=\"async\" class='wp-image-32506 avia-img-lazy-loading-not-32506 avia_image' src=\"https:\/\/radiorevelacionfm.cl\/wp-content\/uploads\/2023\/06\/DIPUTADOS-DE-AYSEN-FISCALIA-2-2.jpg\" alt='' title='DIPUTADOS DE AYS\u00c9N FISCAL\u00cdA-2-2' height=\"600\" width=\"1106\"  itemprop=\"thumbnailUrl\" srcset=\"https:\/\/radiorevelacionfm.cl\/wp-content\/uploads\/2023\/06\/DIPUTADOS-DE-AYSEN-FISCALIA-2-2.jpg 1106w, https:\/\/radiorevelacionfm.cl\/wp-content\/uploads\/2023\/06\/DIPUTADOS-DE-AYSEN-FISCALIA-2-2-300x163.jpg 300w, https:\/\/radiorevelacionfm.cl\/wp-content\/uploads\/2023\/06\/DIPUTADOS-DE-AYSEN-FISCALIA-2-2-1030x559.jpg 1030w, https:\/\/radiorevelacionfm.cl\/wp-content\/uploads\/2023\/06\/DIPUTADOS-DE-AYSEN-FISCALIA-2-2-768x417.jpg 768w, https:\/\/radiorevelacionfm.cl\/wp-content\/uploads\/2023\/06\/DIPUTADOS-DE-AYSEN-FISCALIA-2-2-705x382.jpg 705w, https:\/\/radiorevelacionfm.cl\/wp-content\/uploads\/2023\/06\/DIPUTADOS-DE-AYSEN-FISCALIA-2-2-450x244.jpg 450w, https:\/\/radiorevelacionfm.cl\/wp-content\/uploads\/2023\/06\/DIPUTADOS-DE-AYSEN-FISCALIA-2-2-600x325.jpg 600w\" sizes=\"(max-width: 1106px) 100vw, 1106px\" \/><\/div><\/div><\/div><\/div>\n<div class=\"flex_column av_one_full  flex_column_div av-zero-column-padding first  avia-builder-el-2  el_after_av_one_full  el_before_av_one_full  column-top-margin\" style='border-radius:0px; '><section class=\"av_textblock_section \"  itemscope=\"itemscope\" itemtype=\"https:\/\/schema.org\/BlogPosting\" itemprop=\"blogPost\" ><div class='avia_textblock  '   itemprop=\"text\" ><p style=\"text-align: center;\"><span style=\"font-size: 18pt;\"><strong>Diputados piden a fiscal\u00eda investigar posibles irregularidades en el v\u00ednculo del GORE y Universidad de Ays\u00e9n con fundaciones Procultura y Democracia Viva \u00a0<\/strong><\/span><\/p>\n<div id=\"gtx-trans\" style=\"position: absolute; left: -50px; top: 4.31534px;\">\n<div class=\"gtx-trans-icon\"><\/div>\n<\/div>\n<\/div><\/section><\/div><div class=\"flex_column av_one_full  flex_column_div av-zero-column-padding first  avia-builder-el-4  el_after_av_one_full  el_before_av_hr  column-top-margin\" style='border-radius:0px; '><section class=\"av_textblock_section \"  itemscope=\"itemscope\" itemtype=\"https:\/\/schema.org\/BlogPosting\" itemprop=\"blogPost\" ><div class='avia_textblock  '   itemprop=\"text\" ><p style=\"text-align: justify;\"><em>Adem\u00e1s, los tres diputados de la Regi\u00f3n solicitan investigar el traspaso de millonarios recursos por parte del Gore a Procultura, otra fundaci\u00f3n cuestionada por sus contactos con partidos de Gobierno. \u00a0\u00a0<\/em><\/p>\n<p style=\"text-align: justify;\">Conscientes de las posibles irregularidades que podr\u00edan existir en la relaci\u00f3n que mantuvo la Universidad de Ays\u00e9n con la fundaci\u00f3n Democracia Viva y en las transferencias por parte del GORE a la fundaci\u00f3n Procultura, los diputados de la regi\u00f3n de Ays\u00e9n, Ren\u00e9 Alinco, Marcia Raphael y Miguel \u00c1ngel Calisto solicitaron, mediante oficio, que la Fiscal\u00eda Regional comience una investigaci\u00f3n.<\/p>\n<p style=\"text-align: justify;\">Cada parlamentario por su cuenta ya hab\u00eda enviado distintos oficios de fiscalizaci\u00f3n. El diputado Calisto ofici\u00f3 a la Universidad de Ays\u00e9n el trabajo realizado y los montos involucrados tras la realizaci\u00f3n de una escuela de verano por parte de la fundaci\u00f3n Democracia Viva. El diputado Alinco tambi\u00e9n ofici\u00f3 a la Universidad de Ays\u00e9n, pero adem\u00e1s envi\u00f3 oficio al Gore por las millonarias transferencias a la Fundaci\u00f3n Procultura. La diputada Marcia Raphael, por su parte, envi\u00f3 un oficio a las distintas Serem\u00edas Regionales solicitando informaci\u00f3n sobre todos los convenios existentes con las distintas fundaciones.<\/p>\n<p style=\"text-align: justify;\">En el documento se solicita \u201crealizar una investigaci\u00f3n que permita dilucidar si nuestra Universidad realiz\u00f3 pagos de honorarios o gastos de traslado y estad\u00eda u otros gastos a trabajadores de dicha fundaci\u00f3n o a su Presidente se\u00f1or Daniel Andrade, ya sea en el marco de la 2da Escuela de Verano de la Universidad (evento ampliamente difundido por la propia instituci\u00f3n de educaci\u00f3n d\u00f3nde se informa la colaboraci\u00f3n de la Fundaci\u00f3n Democracia Viva), o cuando su Presidente el se\u00f1or Daniel Andrade acompa\u00f1o a la se\u00f1ora Rectora Natacha Pino en representaci\u00f3n de la Universidad de Ays\u00e9n a participar en la ex Convenci\u00f3n Constituyente, seg\u00fan consta en acta del Informe de Comisi\u00f3n de\u00a0 descentralizaci\u00f3n, Justicia y Equidad Territorial\u00a0 de la\u00a0 ex Convenci\u00f3n Constituyente\u201d.<\/p>\n<p style=\"text-align: justify;\">Adem\u00e1s, indica que \u201cse solicita que se determine la legalidad de la contrataci\u00f3n de la Fundaci\u00f3n Democracia Viva, si su contrataci\u00f3n respondi\u00f3 a la normativa publica, es decir mediante Licitaci\u00f3n P\u00fablica, invitaci\u00f3n a participar o en su haber trato directo y todos los gastos y pagos relacionados\u201d.<\/p>\n<p style=\"text-align: justify;\">Con respecto a los convenios de Procultura con el Gore, se\u00a0 solicita que \u201cinvestigue los antecedentes\u00a0 que llevaron a la Gobernadora Regional de Ays\u00e9n se\u00f1orita Andrea Mac\u00edas Palma y al\u00a0 Consejo Regional de Ays\u00e9n aprobar $ 1.673.000 de pesos,\u00a0 mediante el Acuerdo N\u00b0 6.216 del 12 de abril del 2023 a la Fundaci\u00f3n PROCULTURA, para ejecuci\u00f3n del Programa \u201cTransferencia Programa Apoyo a familias de zonas Provincia de los Glaciares\u201d, C\u00f3digo BIP N\u00b0 40051765-0, se investigue como llega a presentar su propuesta al Consejo Regional(Licitaci\u00f3n P\u00fablica, Invitaci\u00f3n o Trato Directo y sus fundamentos), considerando adem\u00e1s que una semana despu\u00e9s el d\u00eda 19 de abril del 2023 el Gobierno de Regional de Magallanes le asigna a esta misma Fundaci\u00f3n 1500.000 de pesos para Programa de habilitaci\u00f3n social en Porvenir\u201d.<\/p>\n<p style=\"text-align: justify;\"><strong>Reacci\u00f3n de los diputados<\/strong><\/p>\n<p style=\"text-align: justify;\">Seg\u00fan el diputado Ren\u00e9 Alinco, \u201cestamos haciendo uso de nuestro rol fiscalizador. Ac\u00e1 est\u00e1n los tres diputados de la regi\u00f3n, para defender el patrimonio p\u00fablico, como son platas de la Universidad y del Gobierno Regional. Vamos a solicitar a Fiscal\u00eda que se investiguen estas situaciones que, a lo menos, no son suficientemente transparentes.\u00a0 Esperamos que todo se aclare y le corresponde a la justicia actuar, por el bien de todos los ayseninos y ayseninas\u201d.<\/p>\n<p style=\"text-align: justify;\">Por su parte, la diputada Marcia Raphael indic\u00f3 que \u201cfrente a los acontecimientos que todos conocen respecto a la informaci\u00f3n llegada desde Antofagasta, donde se entregaron a trav\u00e9s de trato directo m\u00e1s de 400 millones a una fundaci\u00f3n que tiene v\u00ednculo con un partido pol\u00edtico, tambi\u00e9n tenemos antecedentes en la regi\u00f3n de Ays\u00e9n. Nosotros en nuestro rol fiscalizador, estamos entregando informaci\u00f3n a la fiscal\u00eda para que hagan las averiguaciones correspondientes para que determinen si estos recursos est\u00e1n bien asignados\u201d.<\/p>\n<p style=\"text-align: justify;\">Finalmente, el diputado Miguel \u00c1ngel Calisto se\u00f1al\u00f3 que \u201ccumpliendo con nuestro rol fiscalizador como diputados, presentamos un oficio en la fiscal\u00eda para que se investiguen las implicancias, los alcances y los v\u00ednculos que tienen algunas instituciones, como la Universidad de Ays\u00e9n, con ciertas organizaciones que est\u00e1n siendo muy cuestionadas estos \u00faltimos d\u00edas, as\u00ed como tambi\u00e9n algunos aportes que ha realizado el Gobierno Regional a algunas fundaciones, corporaciones y ONGs\u201d.<\/p>\n<\/div><\/section><\/div><div  style='height:50px' class='hr hr-invisible   avia-builder-el-6  el_after_av_one_full  el_before_av_social_share '><span class='hr-inner ' ><span class='hr-inner-style'><\/span><\/span><\/div><\/p>\n<div  class='av-social-sharing-box  avia-builder-el-7  el_after_av_hr  el_before_av_hr  '><div class='av-share-box'><h5 class='av-share-link-description av-no-toc '>Compartir esta noticia<\/h5><ul class='av-share-box-list noLightbox'><li class='av-share-link av-social-link-facebook' ><a target=\"_blank\" aria-label=\"Compartir en Facebook\" href='https:\/\/www.facebook.com\/sharer.php?u=https:\/\/radiorevelacionfm.cl\/?p=32505&#038;t=Diputados%20piden%20a%20fiscal%C3%ADa%20investigar%20posibles%20irregularidades%20en%20el%20v%C3%ADnculo%20del%20GORE%20y%20Universidad%20de%20Ays%C3%A9n%20con%20fundaciones%20Procultura%20y%20Democracia%20Viva' aria-hidden='false' data-av_icon='\ue8f3' data-av_iconfont='entypo-fontello' title='' data-avia-related-tooltip='Compartir en Facebook' rel=\"noopener\"><span class='avia_hidden_link_text'>Compartir en Facebook<\/span><\/a><\/li><li class='av-share-link av-social-link-twitter' ><a target=\"_blank\" aria-label=\"Compartir en Twitter\" href='https:\/\/twitter.com\/share?text=Diputados%20piden%20a%20fiscal%C3%ADa%20investigar%20posibles%20irregularidades%20en%20el%20v%C3%ADnculo%20del%20GORE%20y%20Universidad%20de%20Ays%C3%A9n%20con%20fundaciones%20Procultura%20y%20Democracia%20Viva&#038;url=https:\/\/radiorevelacionfm.cl\/?p=32505' aria-hidden='false' data-av_icon='\ue8f1' data-av_iconfont='entypo-fontello' title='' data-avia-related-tooltip='Compartir en Twitter' rel=\"noopener\"><span class='avia_hidden_link_text'>Compartir en Twitter<\/span><\/a><\/li><li class='av-share-link av-social-link-whatsapp' ><a target=\"_blank\" aria-label=\"Compartir en Whatsapp\" href='https:\/\/api.whatsapp.com\/send?text=https:\/\/radiorevelacionfm.cl\/?p=32505' aria-hidden='false' data-av_icon='\uf232' data-av_iconfont='entypo-fontello' title='' data-avia-related-tooltip='Compartir en Whatsapp' rel=\"noopener\"><span class='avia_hidden_link_text'>Compartir en Whatsapp<\/span><\/a><\/li><li class='av-share-link av-social-link-linkedin' ><a target=\"_blank\" aria-label=\"Compartir en LinkedIn\" href='https:\/\/linkedin.com\/shareArticle?mini=true&#038;title=Diputados%20piden%20a%20fiscal%C3%ADa%20investigar%20posibles%20irregularidades%20en%20el%20v%C3%ADnculo%20del%20GORE%20y%20Universidad%20de%20Ays%C3%A9n%20con%20fundaciones%20Procultura%20y%20Democracia%20Viva&#038;url=https:\/\/radiorevelacionfm.cl\/?p=32505' aria-hidden='false' data-av_icon='\ue8fc' data-av_iconfont='entypo-fontello' title='' data-avia-related-tooltip='Compartir en LinkedIn' rel=\"noopener\"><span class='avia_hidden_link_text'>Compartir en LinkedIn<\/span><\/a><\/li><li class='av-share-link av-social-link-mail' ><a  aria-label=\"Compartir por correo\" href='mailto:?subject=Diputados%20piden%20a%20fiscal%C3%ADa%20investigar%20posibles%20irregularidades%20en%20el%20v%C3%ADnculo%20del%20GORE%20y%20Universidad%20de%20Ays%C3%A9n%20con%20fundaciones%20Procultura%20y%20Democracia%20Viva&#038;body=https:\/\/radiorevelacionfm.cl\/?p=32505' aria-hidden='false' data-av_icon='\ue805' data-av_iconfont='entypo-fontello' title='' data-avia-related-tooltip='Compartir por correo'><span class='avia_hidden_link_text'>Compartir por correo<\/span><\/a><\/li><\/ul><\/div><\/div>\n<div  style='height:50px' class='hr hr-invisible   avia-builder-el-8  el_after_av_social_share  el_before_av_comments_list '><span class='hr-inner ' ><span class='hr-inner-style'><\/span><\/span><\/div>\n<div  class='av-buildercomment  av-blog-meta-html-info-disabled av-blog-meta-tag-disabled  '><\/div>\n","protected":false},"excerpt":{"rendered":"","protected":false},"author":1,"featured_media":32506,"comment_status":"open","ping_status":"open","sticky":false,"template":"","format":"standard","meta":{"footnotes":""},"categories":[35],"tags":[],"class_list":["post-32505","post","type-post","status-publish","format-standard","has-post-thumbnail","hentry","category-politica"],"jetpack_featured_media_url":"https:\/\/radiorevelacionfm.cl\/wp-content\/uploads\/2023\/06\/DIPUTADOS-DE-AYSEN-FISCALIA-2-2.jpg","_links":{"self":[{"href":"https:\/\/radiorevelacionfm.cl\/index.php?rest_route=\/wp\/v2\/posts\/32505","targetHints":{"allow":["GET"]}}],"collection":[{"href":"https:\/\/radiorevelacionfm.cl\/index.php?rest_route=\/wp\/v2\/posts"}],"about":[{"href":"https:\/\/radiorevelacionfm.cl\/index.php?rest_route=\/wp\/v2\/types\/post"}],"author":[{"embeddable":true,"href":"https:\/\/radiorevelacionfm.cl\/index.php?rest_route=\/wp\/v2\/users\/1"}],"replies":[{"embeddable":true,"href":"https:\/\/radiorevelacionfm.cl\/index.php?rest_route=%2Fwp%2Fv2%2Fcomments&post=32505"}],"version-history":[{"count":4,"href":"https:\/\/radiorevelacionfm.cl\/index.php?rest_route=\/wp\/v2\/posts\/32505\/revisions"}],"predecessor-version":[{"id":32521,"href":"https:\/\/radiorevelacionfm.cl\/index.php?rest_route=\/wp\/v2\/posts\/32505\/revisions\/32521"}],"wp:featuredmedia":[{"embeddable":true,"href":"https:\/\/radiorevelacionfm.cl\/index.php?rest_route=\/wp\/v2\/media\/32506"}],"wp:attachment":[{"href":"https:\/\/radiorevelacionfm.cl\/index.php?rest_route=%2Fwp%2Fv2%2Fmedia&parent=32505"}],"wp:term":[{"taxonomy":"category","embeddable":true,"href":"https:\/\/radiorevelacionfm.cl\/index.php?rest_route=%2Fwp%2Fv2%2Fcategories&post=32505"},{"taxonomy":"post_tag","embeddable":true,"href":"https:\/\/radiorevelacionfm.cl\/index.php?rest_route=%2Fwp%2Fv2%2Ftags&post=32505"}],"curies":[{"name":"wp","href":"https:\/\/api.w.org\/{rel}","templated":true}]}}