{"id":32502,"date":"2023-06-29T23:26:08","date_gmt":"2023-06-30T02:26:08","guid":{"rendered":"https:\/\/radiorevelacionfm.cl\/?p=32502"},"modified":"2023-06-29T23:26:08","modified_gmt":"2023-06-30T02:26:08","slug":"exitoso-paso-de-rio-ibanez-en-los-juegos-deportivos-escolares-2023-no-estuvo-exento-de-complicaciones","status":"publish","type":"post","link":"https:\/\/radiorevelacionfm.cl\/?p=32502","title":{"rendered":"Exitoso paso de R\u00edo Ib\u00e1\u00f1ez en los Juegos Deportivos Escolares 2023 no estuvo exento de complicaciones"},"content":{"rendered":"<div class=\"flex_column av_one_full  flex_column_div av-zero-column-padding first  avia-builder-el-0  el_before_av_one_full  avia-builder-el-first  \" style='border-radius:0px; '><div  class='avia-image-container  av-styling-    avia-builder-el-1  avia-builder-el-no-sibling  avia-align-center '  itemprop=\"image\" itemscope=\"itemscope\" itemtype=\"https:\/\/schema.org\/ImageObject\"  ><div class='avia-image-container-inner'><div class='avia-image-overlay-wrap'><img decoding=\"async\" class='wp-image-32503 avia-img-lazy-loading-not-32503 avia_image' src=\"https:\/\/radiorevelacionfm.cl\/wp-content\/uploads\/2023\/06\/Deporte-1-2-2.jpg\" alt='' title='Deporte 1-2-2' height=\"600\" width=\"1065\"  itemprop=\"thumbnailUrl\" srcset=\"https:\/\/radiorevelacionfm.cl\/wp-content\/uploads\/2023\/06\/Deporte-1-2-2.jpg 1065w, https:\/\/radiorevelacionfm.cl\/wp-content\/uploads\/2023\/06\/Deporte-1-2-2-300x169.jpg 300w, https:\/\/radiorevelacionfm.cl\/wp-content\/uploads\/2023\/06\/Deporte-1-2-2-1030x580.jpg 1030w, https:\/\/radiorevelacionfm.cl\/wp-content\/uploads\/2023\/06\/Deporte-1-2-2-768x433.jpg 768w, https:\/\/radiorevelacionfm.cl\/wp-content\/uploads\/2023\/06\/Deporte-1-2-2-705x397.jpg 705w, https:\/\/radiorevelacionfm.cl\/wp-content\/uploads\/2023\/06\/Deporte-1-2-2-450x254.jpg 450w, https:\/\/radiorevelacionfm.cl\/wp-content\/uploads\/2023\/06\/Deporte-1-2-2-600x338.jpg 600w\" sizes=\"(max-width: 1065px) 100vw, 1065px\" \/><\/div><\/div><\/div><\/div><div class=\"flex_column av_one_full  flex_column_div av-zero-column-padding first  avia-builder-el-2  el_after_av_one_full  el_before_av_one_full  column-top-margin\" style='border-radius:0px; '><section class=\"av_textblock_section \"  itemscope=\"itemscope\" itemtype=\"https:\/\/schema.org\/BlogPosting\" itemprop=\"blogPost\" ><div class='avia_textblock  '   itemprop=\"text\" ><p style=\"text-align: center;\"><strong><span style=\"font-size: 18pt;\">Exitoso paso de R\u00edo Ib\u00e1\u00f1ez en los Juegos Deportivos Escolares 2023 no estuvo exento de complicaciones<\/span><\/strong><\/p>\n<div id=\"gtx-trans\" style=\"position: absolute; left: -50px; top: 4.31534px;\">\n<div class=\"gtx-trans-icon\"><\/div>\n<\/div>\n<\/div><\/section><\/div><div class=\"flex_column av_one_full  flex_column_div av-zero-column-padding first  avia-builder-el-4  el_after_av_one_full  el_before_av_hr  column-top-margin\" style='border-radius:0px; '><section class=\"av_textblock_section \"  itemscope=\"itemscope\" itemtype=\"https:\/\/schema.org\/BlogPosting\" itemprop=\"blogPost\" ><div class='avia_textblock  '   itemprop=\"text\" ><p style=\"text-align: justify;\">Durante los d\u00edas 18 al 21 de junio del presente a\u00f1o, se llev\u00f3 a cabo en la ciudad de Puerto Ays\u00e9n, la etapa regional de los Juegos Deportivos Regionales Escolares, particularmente la disciplina deportiva de Futsal, en la que participaron nueve comunas en categor\u00eda varones y seis comunas de la Regi\u00f3n de Ays\u00e9n en categor\u00eda damas. Donde la comuna de R\u00edo Ib\u00e1\u00f1ez logr\u00f3 obtener el tercer lugar en ambas categor\u00edas.<\/p>\n<p style=\"text-align: justify;\">Sin embargo, varias de las delegaciones acusaron algunas irregularidades en la organizaci\u00f3n y ejecuci\u00f3n del evento. Servicios de alojamiento con problemas de calefacci\u00f3n, en el caso de la delegaci\u00f3n de R\u00edo Ib\u00e1\u00f1ez y Cochrane, el alojamiento se encontraba a una distancia de 9 Km de la ciudad de Puerto Ays\u00e9n, dificultando una atenci\u00f3n inmediata en caso de alguna emergencia. Adicional a ello, hubo servicios de alojamiento donde los escolares compart\u00edan las instalaciones con trabajadores de empresas que se encontraban en el lugar. Por otra parte, los recintos deportivos utilizados presentaban deficiencias en su infraestructura, como rejas perimetrales en mal estado, lo cual representa un alto riesgo para los estudiantes que participan en la competencia.<\/p>\n<p style=\"text-align: justify;\">Debido a esto, es que en representaci\u00f3n de las autoridades comunales, miembros de la Asociaci\u00f3n Regional de Municipalidades de Ays\u00e9n (AREMU), su presidente, Marcelo Santana Vargas, quien adem\u00e1s es Alcalde de la comuna de R\u00edo Ib\u00e1\u00f1ez, present\u00f3 una carta dirigida a las autoridades del Instituto Nacional de Deportes y de la Seremi del Deporte de Ays\u00e9n. En dicha misiva, se exponen las diversas irregularidades mencionadas anteriormente, con el objetivo de solicitar una mejor fiscalizaci\u00f3n previa y asegurar el cumplimiento adecuado de los servicios.<\/p>\n<p style=\"text-align: justify;\">Adem\u00e1s, la AREMU se ofreci\u00f3 plenamente para colaborar y trabajar conjuntamente, buscando mejorar las condiciones de los Juegos Deportivos Escolares, y as\u00ed lo expres\u00f3 su presidente, Marcelo Santana Vargas: <em>\u201cEsperemos que esto sea bien acogido, no tiene ning\u00fan otro fin, que ir mejorando, sobre todo porque, como reitero, estamos hablando de nuestros estudiantes, de nuestros ni\u00f1os y tenemos que prever, que con los recursos existentes, est\u00e9n en los mejores lugares posibles\u201d.<\/em><\/p>\n<p style=\"text-align: justify;\">Desde el municipio de R\u00edo Ib\u00e1\u00f1ez celebran la participaci\u00f3n de sus alumnos en los Juegos Deportivos Escolares 2023, y agradecen que se den este tipo de instancias deportivas, que van en directo beneficio al desarrollo f\u00edsico y mental de los ni\u00f1os, pero esperan que haya una mejor y efectiva fiscalizaci\u00f3n en los detalles en este tipo de evento.<\/p>\n<p style=\"text-align: justify;\"><em>\u00a0<\/em><\/p>\n<p style=\"text-align: justify;\"><em>\u00a0<\/em><\/p>\n<\/div><\/section><\/div><div  style='height:50px' class='hr hr-invisible   avia-builder-el-6  el_after_av_one_full  el_before_av_social_share '><span class='hr-inner ' ><span class='hr-inner-style'><\/span><\/span><\/div><\/p>\n<div  class='av-social-sharing-box  avia-builder-el-7  el_after_av_hr  el_before_av_hr  '><div class='av-share-box'><h5 class='av-share-link-description av-no-toc '>Compartir esta noticia<\/h5><ul class='av-share-box-list noLightbox'><li class='av-share-link av-social-link-facebook' ><a target=\"_blank\" aria-label=\"Compartir en Facebook\" href='https:\/\/www.facebook.com\/sharer.php?u=https:\/\/radiorevelacionfm.cl\/?p=32502&#038;t=Exitoso%20paso%20de%20R%C3%ADo%20Ib%C3%A1%C3%B1ez%20en%20los%20Juegos%20Deportivos%20Escolares%202023%20no%20estuvo%20exento%20de%20complicaciones' aria-hidden='false' data-av_icon='\ue8f3' data-av_iconfont='entypo-fontello' title='' data-avia-related-tooltip='Compartir en Facebook' rel=\"noopener\"><span class='avia_hidden_link_text'>Compartir en Facebook<\/span><\/a><\/li><li class='av-share-link av-social-link-twitter' ><a target=\"_blank\" aria-label=\"Compartir en Twitter\" href='https:\/\/twitter.com\/share?text=Exitoso%20paso%20de%20R%C3%ADo%20Ib%C3%A1%C3%B1ez%20en%20los%20Juegos%20Deportivos%20Escolares%202023%20no%20estuvo%20exento%20de%20complicaciones&#038;url=https:\/\/radiorevelacionfm.cl\/?p=32502' aria-hidden='false' data-av_icon='\ue8f1' data-av_iconfont='entypo-fontello' title='' data-avia-related-tooltip='Compartir en Twitter' rel=\"noopener\"><span class='avia_hidden_link_text'>Compartir en Twitter<\/span><\/a><\/li><li class='av-share-link av-social-link-whatsapp' ><a target=\"_blank\" aria-label=\"Compartir en Whatsapp\" href='https:\/\/api.whatsapp.com\/send?text=https:\/\/radiorevelacionfm.cl\/?p=32502' aria-hidden='false' data-av_icon='\uf232' data-av_iconfont='entypo-fontello' title='' data-avia-related-tooltip='Compartir en Whatsapp' rel=\"noopener\"><span class='avia_hidden_link_text'>Compartir en Whatsapp<\/span><\/a><\/li><li class='av-share-link av-social-link-linkedin' ><a target=\"_blank\" aria-label=\"Compartir en LinkedIn\" href='https:\/\/linkedin.com\/shareArticle?mini=true&#038;title=Exitoso%20paso%20de%20R%C3%ADo%20Ib%C3%A1%C3%B1ez%20en%20los%20Juegos%20Deportivos%20Escolares%202023%20no%20estuvo%20exento%20de%20complicaciones&#038;url=https:\/\/radiorevelacionfm.cl\/?p=32502' aria-hidden='false' data-av_icon='\ue8fc' data-av_iconfont='entypo-fontello' title='' data-avia-related-tooltip='Compartir en LinkedIn' rel=\"noopener\"><span class='avia_hidden_link_text'>Compartir en LinkedIn<\/span><\/a><\/li><li class='av-share-link av-social-link-mail' ><a  aria-label=\"Compartir por correo\" href='mailto:?subject=Exitoso%20paso%20de%20R%C3%ADo%20Ib%C3%A1%C3%B1ez%20en%20los%20Juegos%20Deportivos%20Escolares%202023%20no%20estuvo%20exento%20de%20complicaciones&#038;body=https:\/\/radiorevelacionfm.cl\/?p=32502' aria-hidden='false' data-av_icon='\ue805' data-av_iconfont='entypo-fontello' title='' data-avia-related-tooltip='Compartir por correo'><span class='avia_hidden_link_text'>Compartir por correo<\/span><\/a><\/li><\/ul><\/div><\/div>\n<div  style='height:50px' class='hr hr-invisible   avia-builder-el-8  el_after_av_social_share  el_before_av_comments_list '><span class='hr-inner ' ><span class='hr-inner-style'><\/span><\/span><\/div>\n<div  class='av-buildercomment  av-blog-meta-html-info-disabled av-blog-meta-tag-disabled  '><\/div>\n","protected":false},"excerpt":{"rendered":"","protected":false},"author":1,"featured_media":32503,"comment_status":"open","ping_status":"open","sticky":false,"template":"","format":"standard","meta":{"footnotes":""},"categories":[40],"tags":[],"class_list":["post-32502","post","type-post","status-publish","format-standard","has-post-thumbnail","hentry","category-deportes"],"jetpack_featured_media_url":"https:\/\/radiorevelacionfm.cl\/wp-content\/uploads\/2023\/06\/Deporte-1-2-2.jpg","_links":{"self":[{"href":"https:\/\/radiorevelacionfm.cl\/index.php?rest_route=\/wp\/v2\/posts\/32502","targetHints":{"allow":["GET"]}}],"collection":[{"href":"https:\/\/radiorevelacionfm.cl\/index.php?rest_route=\/wp\/v2\/posts"}],"about":[{"href":"https:\/\/radiorevelacionfm.cl\/index.php?rest_route=\/wp\/v2\/types\/post"}],"author":[{"embeddable":true,"href":"https:\/\/radiorevelacionfm.cl\/index.php?rest_route=\/wp\/v2\/users\/1"}],"replies":[{"embeddable":true,"href":"https:\/\/radiorevelacionfm.cl\/index.php?rest_route=%2Fwp%2Fv2%2Fcomments&post=32502"}],"version-history":[{"count":1,"href":"https:\/\/radiorevelacionfm.cl\/index.php?rest_route=\/wp\/v2\/posts\/32502\/revisions"}],"predecessor-version":[{"id":32504,"href":"https:\/\/radiorevelacionfm.cl\/index.php?rest_route=\/wp\/v2\/posts\/32502\/revisions\/32504"}],"wp:featuredmedia":[{"embeddable":true,"href":"https:\/\/radiorevelacionfm.cl\/index.php?rest_route=\/wp\/v2\/media\/32503"}],"wp:attachment":[{"href":"https:\/\/radiorevelacionfm.cl\/index.php?rest_route=%2Fwp%2Fv2%2Fmedia&parent=32502"}],"wp:term":[{"taxonomy":"category","embeddable":true,"href":"https:\/\/radiorevelacionfm.cl\/index.php?rest_route=%2Fwp%2Fv2%2Fcategories&post=32502"},{"taxonomy":"post_tag","embeddable":true,"href":"https:\/\/radiorevelacionfm.cl\/index.php?rest_route=%2Fwp%2Fv2%2Ftags&post=32502"}],"curies":[{"name":"wp","href":"https:\/\/api.w.org\/{rel}","templated":true}]}}