{"id":32500,"date":"2023-06-30T12:53:33","date_gmt":"2023-06-30T15:53:33","guid":{"rendered":"https:\/\/radiorevelacionfm.cl\/?p=32500"},"modified":"2023-06-30T12:53:33","modified_gmt":"2023-06-30T15:53:33","slug":"gobernadora-macias-se-refiere-a-contratos-con-fundaciones-ante-cuestionamientos-a-nivel-nacional","status":"publish","type":"post","link":"https:\/\/radiorevelacionfm.cl\/?p=32500","title":{"rendered":"Gobernadora Mac\u00edas se refiere a contratos con Fundaciones ante cuestionamientos a nivel nacional"},"content":{"rendered":"<div class=\"flex_column av_one_full  flex_column_div av-zero-column-padding first  avia-builder-el-0  el_before_av_one_full  avia-builder-el-first  \" style='border-radius:0px; '><div  class='avia-image-container  av-styling-    avia-builder-el-1  avia-builder-el-no-sibling  avia-align-center '  itemprop=\"image\" itemscope=\"itemscope\" itemtype=\"https:\/\/schema.org\/ImageObject\"  ><div class='avia-image-container-inner'><div class='avia-image-overlay-wrap'><img decoding=\"async\" class='wp-image-31257 avia-img-lazy-loading-not-31257 avia_image' src=\"https:\/\/radiorevelacionfm.cl\/wp-content\/uploads\/2023\/05\/Gobernadora-3-1-1.jpeg\" alt='' title='Gobernadora 3 (1) (1)' height=\"600\" width=\"898\"  itemprop=\"thumbnailUrl\" srcset=\"https:\/\/radiorevelacionfm.cl\/wp-content\/uploads\/2023\/05\/Gobernadora-3-1-1.jpeg 898w, https:\/\/radiorevelacionfm.cl\/wp-content\/uploads\/2023\/05\/Gobernadora-3-1-1-300x200.jpeg 300w, https:\/\/radiorevelacionfm.cl\/wp-content\/uploads\/2023\/05\/Gobernadora-3-1-1-768x513.jpeg 768w, https:\/\/radiorevelacionfm.cl\/wp-content\/uploads\/2023\/05\/Gobernadora-3-1-1-705x471.jpeg 705w, https:\/\/radiorevelacionfm.cl\/wp-content\/uploads\/2023\/05\/Gobernadora-3-1-1-450x301.jpeg 450w, https:\/\/radiorevelacionfm.cl\/wp-content\/uploads\/2023\/05\/Gobernadora-3-1-1-600x401.jpeg 600w\" sizes=\"(max-width: 898px) 100vw, 898px\" \/><\/div><\/div><\/div><\/div><div class=\"flex_column av_one_full  flex_column_div av-zero-column-padding first  avia-builder-el-2  el_after_av_one_full  el_before_av_one_full  column-top-margin\" style='border-radius:0px; '><section class=\"av_textblock_section \"  itemscope=\"itemscope\" itemtype=\"https:\/\/schema.org\/BlogPosting\" itemprop=\"blogPost\" ><div class='avia_textblock  '   itemprop=\"text\" ><p style=\"text-align: center;\"><span style=\"font-size: 18pt;\"><strong>Gobernadora Mac\u00edas se refiere a contratos con Fundaciones ante cuestionamientos a nivel nacional<\/strong><\/span><\/p>\n<div id=\"gtx-trans\" style=\"position: absolute; left: -50px; top: 4.31534px;\">\n<div class=\"gtx-trans-icon\"><\/div>\n<\/div>\n<\/div><\/section><\/div><div class=\"flex_column av_one_full  flex_column_div av-zero-column-padding first  avia-builder-el-4  el_after_av_one_full  el_before_av_hr  column-top-margin\" style='border-radius:0px; '><section class=\"av_textblock_section \"  itemscope=\"itemscope\" itemtype=\"https:\/\/schema.org\/BlogPosting\" itemprop=\"blogPost\" ><div class='avia_textblock  '   itemprop=\"text\" ><p style=\"text-align: justify;\">A trav\u00e9s de un comunicado p\u00fablico, la primera autoridad regional, Andrea Mac\u00edas Palma, se\u00f1al\u00f3.<\/p>\n<p style=\"text-align: justify;\">La situaci\u00f3n provocada ante los hechos conocidos en la Regi\u00f3n de Antofagasta debe preocupar y ocupar a todos los organismos del Estado. Se han transferido un n\u00famero importante de recursos a la Fundaci\u00f3n Democracia Viva, una ONG que no contaba con las credenciales suficientes para ejecutar iniciativas de este tipo, da\u00f1ando la fe p\u00fablica no s\u00f3lo del Gobierno, sino que de un instrumento de ejecuci\u00f3n de programas y proyectos utilizado hist\u00f3ricamente por todo el aparato del Estado, incluyendo nuestro Gobierno Regional, como es el trabajo mancomunado con las diversas fundaciones.<\/p>\n<p style=\"text-align: justify;\">En el caso de nuestra administraci\u00f3n, el trabajo con fundaciones se hace a partir de requerimientos propios del GORE y de los territorios de Ays\u00e9n, los programas son evaluados, aprobados por el Consejo Regional y con toma de raz\u00f3n de la Contralor\u00eda Regional, seg\u00fan ha correspondido en cada caso.<\/p>\n<p style=\"text-align: justify;\">Ese ha sido el caso no s\u00f3lo de ProCultura, que aspira a ejecutar un programa tan importante como el de habitabilidad en la Provincia de Capit\u00e1n Prat, sino que tambi\u00e9n los programas que actualmente ejecutan la Fundaci\u00f3n para la Superaci\u00f3n de la Pobreza (FUSUPO), la Corporaci\u00f3n de Desarrollo Social del Sector Rural (CODESSER), la Fundaci\u00f3n de Desarrollo Educacional y Tecnol\u00f3gico La Araucan\u00eda (FUDEA- UFRO), la Fundaci\u00f3n Desaf\u00edo Levantemos Chile, y la Fundaci\u00f3n Hogar de Cristo-<\/p>\n<p style=\"text-align: justify;\">Y esto lo hemos hecho de forma proactiva y m\u00e1s all\u00e1 de lo que nos exige la ley. Buscamos trabajar con fundaciones que tengan asiento en la regi\u00f3n, o al menos alg\u00fan tipo de conexi\u00f3n con nuestro territorio, exigimos garant\u00edas de los recursos otorgados, buscamos fundaciones con experiencia y trabajo comprobado en las \u00e1reas a las que postulan, y nos aseguramos de que se cumplan los objetivos implementando por primera vez en el seguimiento t\u00e9cnico de cada iniciativa a trav\u00e9s de nuestras divisiones que ejecutan (DIFOI, DIT y DIDESOH), pasando de un seguimiento que sol\u00eda ser netamente financiero a un monitoreo cruzado.<\/p>\n<p style=\"text-align: justify;\">Adem\u00e1s de esto, contamos como recurso de control con la programaci\u00f3n financiera, que permite entregar los recursos a medida que se van ejecutando los programas y se demuestran avances, lo que descarta lo planteado por algunos que se\u00f1alan la entrega de $1.600 millones a ProCultura, con quienes a\u00fan no firmamos convenio, y del cual he solicitado una nueva revisi\u00f3n, para la tranquilidad de todos, a fin de determinar si proseguiremos con la firma del mismo.<\/p>\n<p style=\"text-align: justify;\">Esto, en la misma l\u00ednea de la Contralor\u00eda General de la Rep\u00fablica, que determin\u00f3 congelar cualquier toma de raz\u00f3n de todos los contratos entre fundaciones y ONG\u2019s con instituciones estatales.<\/p>\n<p style=\"text-align: justify;\">Y finalmente, siempre est\u00e1 la posibilidad del cobro de la boleta de garant\u00eda, en caso de tener inconvenientes desde el punto de vista de la ejecuci\u00f3n, lo que resguardar los recursos p\u00fablicos e intereses de nuestra regi\u00f3n.<\/p>\n<p style=\"text-align: justify;\">En la l\u00ednea de nuestra postura de transparencia total frente a esto, la Gobernadora Andrea Mac\u00edas ha dispuesto nuevas acciones en la materia: (1) firmar convenios de <strong>transparencia proactiva<\/strong> con las fundaciones que nos encontramos trabajando, proceso que ser\u00e1 asesorado por el Consejo de la Transparencia; (2) <strong>acotar programaci\u00f3n financiera<\/strong>, con el objetivo de ir entregando recursos determinado al avance y justificaci\u00f3n que se plantee; (3) hacer <strong>llamados p\u00fablicos a oposici\u00f3n de antecedentes<\/strong> para el trabajo con fundaciones, cuando la tem\u00e1tica que se aborde pudiera tener m\u00e1s de una contraparte; (4) <strong>reforzar los mecanismos de garantizaci\u00f3n<\/strong>, de nuestros recursos; (5) firmar <strong>convenios de colaboraci\u00f3n con las fundaciones<\/strong> para tener un trabajo mancomunado en la ejecuci\u00f3n de programas.<\/p>\n<p style=\"text-align: justify;\">Con estas medidas, seremos menos susceptibles a posibles conflictos de intereses, aumentaremos la transparencia,\u00a0 y daremos tranquilidad al Gobierno Regional y su Consejo a la hora de trabajar por el desarrollo de nuestra regi\u00f3n.<\/p>\n<p style=\"text-align: justify;\">Por \u00faltimo, he dispuesto que se recopilen todos los antecedentes en materia de Convenios con Fundaciones, para generar un link que quedar\u00e1 disponible en la p\u00e1gina web de nuestro Gobierno Regional, para ser consultado por cada uno y una de ustedes, y por la comunidad en general.<\/p>\n<p style=\"text-align: justify;\">Este Gobierno Regional y sus jefes de divisi\u00f3n pondr\u00e1n a disposici\u00f3n de todo el Consejo la documentaci\u00f3n que es el respaldo del trabajo que se realiza y queda atento a cualquier requerimiento de informaci\u00f3n pero adem\u00e1s a propuestas que fortalezcan las medidas que estamos tomando.<\/p>\n<\/div><\/section><\/div><div  style='height:50px' class='hr hr-invisible   avia-builder-el-6  el_after_av_one_full  el_before_av_social_share '><span class='hr-inner ' ><span class='hr-inner-style'><\/span><\/span><\/div><\/p>\n<div  class='av-social-sharing-box  avia-builder-el-7  el_after_av_hr  el_before_av_hr  '><div class='av-share-box'><h5 class='av-share-link-description av-no-toc '>Compartir esta noticia<\/h5><ul class='av-share-box-list noLightbox'><li class='av-share-link av-social-link-facebook' ><a target=\"_blank\" aria-label=\"Compartir en Facebook\" href='https:\/\/www.facebook.com\/sharer.php?u=https:\/\/radiorevelacionfm.cl\/?p=32500&#038;t=Gobernadora%20Mac%C3%ADas%20se%20refiere%20a%20contratos%20con%20Fundaciones%20ante%20cuestionamientos%20a%20nivel%20nacional' aria-hidden='false' data-av_icon='\ue8f3' data-av_iconfont='entypo-fontello' title='' data-avia-related-tooltip='Compartir en Facebook' rel=\"noopener\"><span class='avia_hidden_link_text'>Compartir en Facebook<\/span><\/a><\/li><li class='av-share-link av-social-link-twitter' ><a target=\"_blank\" aria-label=\"Compartir en Twitter\" href='https:\/\/twitter.com\/share?text=Gobernadora%20Mac%C3%ADas%20se%20refiere%20a%20contratos%20con%20Fundaciones%20ante%20cuestionamientos%20a%20nivel%20nacional&#038;url=https:\/\/radiorevelacionfm.cl\/?p=32500' aria-hidden='false' data-av_icon='\ue8f1' data-av_iconfont='entypo-fontello' title='' data-avia-related-tooltip='Compartir en Twitter' rel=\"noopener\"><span class='avia_hidden_link_text'>Compartir en Twitter<\/span><\/a><\/li><li class='av-share-link av-social-link-whatsapp' ><a target=\"_blank\" aria-label=\"Compartir en Whatsapp\" href='https:\/\/api.whatsapp.com\/send?text=https:\/\/radiorevelacionfm.cl\/?p=32500' aria-hidden='false' data-av_icon='\uf232' data-av_iconfont='entypo-fontello' title='' data-avia-related-tooltip='Compartir en Whatsapp' rel=\"noopener\"><span class='avia_hidden_link_text'>Compartir en Whatsapp<\/span><\/a><\/li><li class='av-share-link av-social-link-linkedin' ><a target=\"_blank\" aria-label=\"Compartir en LinkedIn\" href='https:\/\/linkedin.com\/shareArticle?mini=true&#038;title=Gobernadora%20Mac%C3%ADas%20se%20refiere%20a%20contratos%20con%20Fundaciones%20ante%20cuestionamientos%20a%20nivel%20nacional&#038;url=https:\/\/radiorevelacionfm.cl\/?p=32500' aria-hidden='false' data-av_icon='\ue8fc' data-av_iconfont='entypo-fontello' title='' data-avia-related-tooltip='Compartir en LinkedIn' rel=\"noopener\"><span class='avia_hidden_link_text'>Compartir en LinkedIn<\/span><\/a><\/li><li class='av-share-link av-social-link-mail' ><a  aria-label=\"Compartir por correo\" href='mailto:?subject=Gobernadora%20Mac%C3%ADas%20se%20refiere%20a%20contratos%20con%20Fundaciones%20ante%20cuestionamientos%20a%20nivel%20nacional&#038;body=https:\/\/radiorevelacionfm.cl\/?p=32500' aria-hidden='false' data-av_icon='\ue805' data-av_iconfont='entypo-fontello' title='' data-avia-related-tooltip='Compartir por correo'><span class='avia_hidden_link_text'>Compartir por correo<\/span><\/a><\/li><\/ul><\/div><\/div>\n<div  style='height:50px' class='hr hr-invisible   avia-builder-el-8  el_after_av_social_share  el_before_av_comments_list '><span class='hr-inner ' ><span class='hr-inner-style'><\/span><\/span><\/div>\n<div  class='av-buildercomment  av-blog-meta-html-info-disabled av-blog-meta-tag-disabled  '><\/div>\n","protected":false},"excerpt":{"rendered":"","protected":false},"author":1,"featured_media":31257,"comment_status":"open","ping_status":"open","sticky":false,"template":"","format":"standard","meta":{"footnotes":""},"categories":[38],"tags":[],"class_list":["post-32500","post","type-post","status-publish","format-standard","has-post-thumbnail","hentry","category-regional"],"jetpack_featured_media_url":"https:\/\/radiorevelacionfm.cl\/wp-content\/uploads\/2023\/05\/Gobernadora-3-1-1.jpeg","_links":{"self":[{"href":"https:\/\/radiorevelacionfm.cl\/index.php?rest_route=\/wp\/v2\/posts\/32500","targetHints":{"allow":["GET"]}}],"collection":[{"href":"https:\/\/radiorevelacionfm.cl\/index.php?rest_route=\/wp\/v2\/posts"}],"about":[{"href":"https:\/\/radiorevelacionfm.cl\/index.php?rest_route=\/wp\/v2\/types\/post"}],"author":[{"embeddable":true,"href":"https:\/\/radiorevelacionfm.cl\/index.php?rest_route=\/wp\/v2\/users\/1"}],"replies":[{"embeddable":true,"href":"https:\/\/radiorevelacionfm.cl\/index.php?rest_route=%2Fwp%2Fv2%2Fcomments&post=32500"}],"version-history":[{"count":1,"href":"https:\/\/radiorevelacionfm.cl\/index.php?rest_route=\/wp\/v2\/posts\/32500\/revisions"}],"predecessor-version":[{"id":32501,"href":"https:\/\/radiorevelacionfm.cl\/index.php?rest_route=\/wp\/v2\/posts\/32500\/revisions\/32501"}],"wp:featuredmedia":[{"embeddable":true,"href":"https:\/\/radiorevelacionfm.cl\/index.php?rest_route=\/wp\/v2\/media\/31257"}],"wp:attachment":[{"href":"https:\/\/radiorevelacionfm.cl\/index.php?rest_route=%2Fwp%2Fv2%2Fmedia&parent=32500"}],"wp:term":[{"taxonomy":"category","embeddable":true,"href":"https:\/\/radiorevelacionfm.cl\/index.php?rest_route=%2Fwp%2Fv2%2Fcategories&post=32500"},{"taxonomy":"post_tag","embeddable":true,"href":"https:\/\/radiorevelacionfm.cl\/index.php?rest_route=%2Fwp%2Fv2%2Ftags&post=32500"}],"curies":[{"name":"wp","href":"https:\/\/api.w.org\/{rel}","templated":true}]}}