{"id":32494,"date":"2023-06-29T22:37:22","date_gmt":"2023-06-30T01:37:22","guid":{"rendered":"https:\/\/radiorevelacionfm.cl\/?p=32494"},"modified":"2023-06-29T22:37:22","modified_gmt":"2023-06-30T01:37:22","slug":"orquesta-del-colegio-mater-dei-realizo-presentacion-en-la-corte-de-apelaciones-de-coyhaique","status":"publish","type":"post","link":"https:\/\/radiorevelacionfm.cl\/?p=32494","title":{"rendered":"Orquesta del Colegio Mater Dei realiz\u00f3 presentaci\u00f3n en la Corte de Apelaciones de Coyhaique"},"content":{"rendered":"<div class=\"flex_column av_one_full  flex_column_div av-zero-column-padding first  avia-builder-el-0  el_before_av_one_full  avia-builder-el-first  \" style='border-radius:0px; '><div  class='avia-image-container  av-styling-    avia-builder-el-1  avia-builder-el-no-sibling  avia-align-center '  itemprop=\"image\" itemscope=\"itemscope\" itemtype=\"https:\/\/schema.org\/ImageObject\"  ><div class='avia-image-container-inner'><div class='avia-image-overlay-wrap'><img decoding=\"async\" class='wp-image-32495 avia-img-lazy-loading-not-32495 avia_image' src=\"https:\/\/radiorevelacionfm.cl\/wp-content\/uploads\/2023\/06\/foto-04-orquesta-2_optimized.jpg\" alt='' title='foto-04-orquesta-2_optimized' height=\"600\" width=\"979\"  itemprop=\"thumbnailUrl\" srcset=\"https:\/\/radiorevelacionfm.cl\/wp-content\/uploads\/2023\/06\/foto-04-orquesta-2_optimized.jpg 979w, https:\/\/radiorevelacionfm.cl\/wp-content\/uploads\/2023\/06\/foto-04-orquesta-2_optimized-300x184.jpg 300w, https:\/\/radiorevelacionfm.cl\/wp-content\/uploads\/2023\/06\/foto-04-orquesta-2_optimized-768x471.jpg 768w, https:\/\/radiorevelacionfm.cl\/wp-content\/uploads\/2023\/06\/foto-04-orquesta-2_optimized-705x432.jpg 705w, https:\/\/radiorevelacionfm.cl\/wp-content\/uploads\/2023\/06\/foto-04-orquesta-2_optimized-450x276.jpg 450w, https:\/\/radiorevelacionfm.cl\/wp-content\/uploads\/2023\/06\/foto-04-orquesta-2_optimized-600x368.jpg 600w\" sizes=\"(max-width: 979px) 100vw, 979px\" \/><\/div><\/div><\/div><\/div><div class=\"flex_column av_one_full  flex_column_div av-zero-column-padding first  avia-builder-el-2  el_after_av_one_full  el_before_av_one_full  column-top-margin\" style='border-radius:0px; '><section class=\"av_textblock_section \"  itemscope=\"itemscope\" itemtype=\"https:\/\/schema.org\/BlogPosting\" itemprop=\"blogPost\" ><div class='avia_textblock  '   itemprop=\"text\" ><p style=\"text-align: center;\"><strong><span style=\"font-size: 18pt;\">Orquesta del Colegio Mater Dei realiz\u00f3 presentaci\u00f3n en la Corte de Apelaciones de Coyhaique<\/span><\/strong><\/p>\n<div id=\"gtx-trans\" style=\"position: absolute; left: -50px; top: 4.31534px;\">\n<div class=\"gtx-trans-icon\"><\/div>\n<\/div>\n<\/div><\/section><\/div><div class=\"flex_column av_one_full  flex_column_div av-zero-column-padding first  avia-builder-el-4  el_after_av_one_full  el_before_av_hr  column-top-margin\" style='border-radius:0px; '><section class=\"av_textblock_section \"  itemscope=\"itemscope\" itemtype=\"https:\/\/schema.org\/BlogPosting\" itemprop=\"blogPost\" ><div class='avia_textblock  '   itemprop=\"text\" ><p class=\"v1MsoNormal\" style=\"text-align: justify;\">La Corte de Apelaciones de Coyhaique concluy\u00f3 sus actividades de vinculaci\u00f3n del primer semestre con una presentaci\u00f3n de 25 ni\u00f1os y ni\u00f1as de la Orquesta del Colegio Mater Dei de la ciudad. Los estudiantes estuvieron acompa\u00f1ados por sus padres, familiares, jueces y funcionarios judiciales.<\/p>\n<p class=\"v1MsoNormal\" style=\"text-align: justify;\">El evento art\u00edstico-cultural se desarroll\u00f3 ayer mi\u00e9rcoles 28 de junio e incluy\u00f3 la participaci\u00f3n de estudiantes de tercer a\u00f1o b\u00e1sico a cuarto a\u00f1o de ense\u00f1anza media del establecimiento.<\/p>\n<p class=\"v1MsoNormal\" style=\"text-align: justify;\">\u00abEl d\u00eda de hoy culminamos este semestre con m\u00fasica, gracias al maestro Juan Mouras y su orquesta del Colegio Mater Dei, y nos hemos podido regocijar con temas de autores cl\u00e1sicos y tambi\u00e9n del folklore. Han concurrido tambi\u00e9n los padres de los ni\u00f1os, familiares, funcionarios del Poder Judicial y jueces. Y la verdad es que ha sido una noche helada en el exterior, pero de mucha calidez en nuestro edificio, que ya es parte de la comunidad\u00bb, sostuvo el presidente de la Corte de Apelaciones, Jos\u00e9 Ignacio Mora.<\/p>\n<p class=\"v1MsoNormal\" style=\"text-align: justify;\">Agreg\u00f3 que: \u00abno puedo m\u00e1s que concluir que ha sido una jornada muy bonita, provechosa y tambi\u00e9n deja el desaf\u00edo para el segundo semestre para seguir invitando a otros artistas, alumnos de distintos colegios para que puedan expresar su arte en este edificio, que insisto es de la comunidad de nuestra Patagonia\u00bb.<\/p>\n<p class=\"v1MsoNormal\" style=\"text-align: justify;\">En tanto, el director de la orquesta, Juan Mouras indic\u00f3 que \u00abagradecemos mucho esta invitaci\u00f3n que nos ha hecho la Corte de Apelaciones de Coyhaique. Realmente para los estudiantes es una experiencia maravillosa poder presentarse fuera del establecimiento y m\u00e1s en este lugar donde la ac\u00fastica es bell\u00edsima\u00bb.<\/p>\n<p class=\"v1MsoNormal\" style=\"text-align: justify;\">\u00abEntonces, el apoyo que hemos recibido de parte de la Corte de Apelaciones y de los padres que han venido nos refuerza para trabajar mucho m\u00e1s en este momento, as\u00ed que tambi\u00e9n es una motivaci\u00f3n y un honor. As\u00ed que agradecidos por la invitaci\u00f3n\u00bb, sentenci\u00f3 Mouras.<\/p>\n<p class=\"v1MsoNormal\" style=\"text-align: justify;\">De esta manera, la Corte de Apelaciones termina con sus actividades de vinculaci\u00f3n del primer semestre, destacando las exposiciones \u00abMiradas de Pandemia, historias de migrantes en Patagonia\u00bb y \u00abGentileza Art\u00edstica III\u00bb, as\u00ed como las tres visitas guiadas realizadas a estudiantes de la comuna y un conversatorio sobre la Ley de Monitoreo Telem\u00e1tico.<\/p>\n<\/div><\/section><\/div><div  style='height:50px' class='hr hr-invisible   avia-builder-el-6  el_after_av_one_full  el_before_av_social_share '><span class='hr-inner ' ><span class='hr-inner-style'><\/span><\/span><\/div><\/p>\n<div  class='av-social-sharing-box  avia-builder-el-7  el_after_av_hr  el_before_av_hr  '><div class='av-share-box'><h5 class='av-share-link-description av-no-toc '>Compartir esta noticia<\/h5><ul class='av-share-box-list noLightbox'><li class='av-share-link av-social-link-facebook' ><a target=\"_blank\" aria-label=\"Compartir en Facebook\" href='https:\/\/www.facebook.com\/sharer.php?u=https:\/\/radiorevelacionfm.cl\/?p=32494&#038;t=Orquesta%20del%20Colegio%20Mater%20Dei%20realiz%C3%B3%20presentaci%C3%B3n%20en%20la%20Corte%20de%20Apelaciones%20de%20Coyhaique' aria-hidden='false' data-av_icon='\ue8f3' data-av_iconfont='entypo-fontello' title='' data-avia-related-tooltip='Compartir en Facebook' rel=\"noopener\"><span class='avia_hidden_link_text'>Compartir en Facebook<\/span><\/a><\/li><li class='av-share-link av-social-link-twitter' ><a target=\"_blank\" aria-label=\"Compartir en Twitter\" href='https:\/\/twitter.com\/share?text=Orquesta%20del%20Colegio%20Mater%20Dei%20realiz%C3%B3%20presentaci%C3%B3n%20en%20la%20Corte%20de%20Apelaciones%20de%20Coyhaique&#038;url=https:\/\/radiorevelacionfm.cl\/?p=32494' aria-hidden='false' data-av_icon='\ue8f1' data-av_iconfont='entypo-fontello' title='' data-avia-related-tooltip='Compartir en Twitter' rel=\"noopener\"><span class='avia_hidden_link_text'>Compartir en Twitter<\/span><\/a><\/li><li class='av-share-link av-social-link-whatsapp' ><a target=\"_blank\" aria-label=\"Compartir en Whatsapp\" href='https:\/\/api.whatsapp.com\/send?text=https:\/\/radiorevelacionfm.cl\/?p=32494' aria-hidden='false' data-av_icon='\uf232' data-av_iconfont='entypo-fontello' title='' data-avia-related-tooltip='Compartir en Whatsapp' rel=\"noopener\"><span class='avia_hidden_link_text'>Compartir en Whatsapp<\/span><\/a><\/li><li class='av-share-link av-social-link-linkedin' ><a target=\"_blank\" aria-label=\"Compartir en LinkedIn\" href='https:\/\/linkedin.com\/shareArticle?mini=true&#038;title=Orquesta%20del%20Colegio%20Mater%20Dei%20realiz%C3%B3%20presentaci%C3%B3n%20en%20la%20Corte%20de%20Apelaciones%20de%20Coyhaique&#038;url=https:\/\/radiorevelacionfm.cl\/?p=32494' aria-hidden='false' data-av_icon='\ue8fc' data-av_iconfont='entypo-fontello' title='' data-avia-related-tooltip='Compartir en LinkedIn' rel=\"noopener\"><span class='avia_hidden_link_text'>Compartir en LinkedIn<\/span><\/a><\/li><li class='av-share-link av-social-link-mail' ><a  aria-label=\"Compartir por correo\" href='mailto:?subject=Orquesta%20del%20Colegio%20Mater%20Dei%20realiz%C3%B3%20presentaci%C3%B3n%20en%20la%20Corte%20de%20Apelaciones%20de%20Coyhaique&#038;body=https:\/\/radiorevelacionfm.cl\/?p=32494' aria-hidden='false' data-av_icon='\ue805' data-av_iconfont='entypo-fontello' title='' data-avia-related-tooltip='Compartir por correo'><span class='avia_hidden_link_text'>Compartir por correo<\/span><\/a><\/li><\/ul><\/div><\/div>\n<div  style='height:50px' class='hr hr-invisible   avia-builder-el-8  el_after_av_social_share  el_before_av_comments_list '><span class='hr-inner ' ><span class='hr-inner-style'><\/span><\/span><\/div>\n<div  class='av-buildercomment  av-blog-meta-html-info-disabled av-blog-meta-tag-disabled  '><\/div>\n","protected":false},"excerpt":{"rendered":"","protected":false},"author":1,"featured_media":32495,"comment_status":"open","ping_status":"open","sticky":false,"template":"","format":"standard","meta":{"footnotes":""},"categories":[38],"tags":[],"class_list":["post-32494","post","type-post","status-publish","format-standard","has-post-thumbnail","hentry","category-regional"],"jetpack_featured_media_url":"https:\/\/radiorevelacionfm.cl\/wp-content\/uploads\/2023\/06\/foto-04-orquesta-2_optimized.jpg","_links":{"self":[{"href":"https:\/\/radiorevelacionfm.cl\/index.php?rest_route=\/wp\/v2\/posts\/32494","targetHints":{"allow":["GET"]}}],"collection":[{"href":"https:\/\/radiorevelacionfm.cl\/index.php?rest_route=\/wp\/v2\/posts"}],"about":[{"href":"https:\/\/radiorevelacionfm.cl\/index.php?rest_route=\/wp\/v2\/types\/post"}],"author":[{"embeddable":true,"href":"https:\/\/radiorevelacionfm.cl\/index.php?rest_route=\/wp\/v2\/users\/1"}],"replies":[{"embeddable":true,"href":"https:\/\/radiorevelacionfm.cl\/index.php?rest_route=%2Fwp%2Fv2%2Fcomments&post=32494"}],"version-history":[{"count":1,"href":"https:\/\/radiorevelacionfm.cl\/index.php?rest_route=\/wp\/v2\/posts\/32494\/revisions"}],"predecessor-version":[{"id":32496,"href":"https:\/\/radiorevelacionfm.cl\/index.php?rest_route=\/wp\/v2\/posts\/32494\/revisions\/32496"}],"wp:featuredmedia":[{"embeddable":true,"href":"https:\/\/radiorevelacionfm.cl\/index.php?rest_route=\/wp\/v2\/media\/32495"}],"wp:attachment":[{"href":"https:\/\/radiorevelacionfm.cl\/index.php?rest_route=%2Fwp%2Fv2%2Fmedia&parent=32494"}],"wp:term":[{"taxonomy":"category","embeddable":true,"href":"https:\/\/radiorevelacionfm.cl\/index.php?rest_route=%2Fwp%2Fv2%2Fcategories&post=32494"},{"taxonomy":"post_tag","embeddable":true,"href":"https:\/\/radiorevelacionfm.cl\/index.php?rest_route=%2Fwp%2Fv2%2Ftags&post=32494"}],"curies":[{"name":"wp","href":"https:\/\/api.w.org\/{rel}","templated":true}]}}