{"id":32488,"date":"2023-06-29T22:05:04","date_gmt":"2023-06-30T01:05:04","guid":{"rendered":"https:\/\/radiorevelacionfm.cl\/?p=32488"},"modified":"2023-06-29T22:05:04","modified_gmt":"2023-06-30T01:05:04","slug":"carabineros-detuvo-a-ocho-personas-y-recupero-vehiculo-con-mercaderia-en-coyhaique","status":"publish","type":"post","link":"https:\/\/radiorevelacionfm.cl\/?p=32488","title":{"rendered":"Carabineros detuvo a ocho personas y recuper\u00f3 veh\u00edculo con mercader\u00eda en Coyhaique"},"content":{"rendered":"<div class=\"flex_column av_one_full  flex_column_div av-zero-column-padding first  avia-builder-el-0  el_before_av_one_full  avia-builder-el-first  \" style='border-radius:0px; '><div  class='avia-image-container  av-styling-    avia-builder-el-1  avia-builder-el-no-sibling  avia-align-center '  itemprop=\"image\" itemscope=\"itemscope\" itemtype=\"https:\/\/schema.org\/ImageObject\"  ><div class='avia-image-container-inner'><div class='avia-image-overlay-wrap'><img decoding=\"async\" class='wp-image-32489 avia-img-lazy-loading-not-32489 avia_image' src=\"https:\/\/radiorevelacionfm.cl\/wp-content\/uploads\/2023\/06\/48930ccd-79c0-4d4e-a2fe-6e2eb745903a-2_optimized-2.jpg\" alt='' title='48930ccd-79c0-4d4e-a2fe-6e2eb745903a-2_optimized-2' height=\"600\" width=\"1073\"  itemprop=\"thumbnailUrl\" srcset=\"https:\/\/radiorevelacionfm.cl\/wp-content\/uploads\/2023\/06\/48930ccd-79c0-4d4e-a2fe-6e2eb745903a-2_optimized-2.jpg 1073w, https:\/\/radiorevelacionfm.cl\/wp-content\/uploads\/2023\/06\/48930ccd-79c0-4d4e-a2fe-6e2eb745903a-2_optimized-2-300x168.jpg 300w, https:\/\/radiorevelacionfm.cl\/wp-content\/uploads\/2023\/06\/48930ccd-79c0-4d4e-a2fe-6e2eb745903a-2_optimized-2-1030x576.jpg 1030w, https:\/\/radiorevelacionfm.cl\/wp-content\/uploads\/2023\/06\/48930ccd-79c0-4d4e-a2fe-6e2eb745903a-2_optimized-2-768x429.jpg 768w, https:\/\/radiorevelacionfm.cl\/wp-content\/uploads\/2023\/06\/48930ccd-79c0-4d4e-a2fe-6e2eb745903a-2_optimized-2-705x394.jpg 705w, https:\/\/radiorevelacionfm.cl\/wp-content\/uploads\/2023\/06\/48930ccd-79c0-4d4e-a2fe-6e2eb745903a-2_optimized-2-450x252.jpg 450w, https:\/\/radiorevelacionfm.cl\/wp-content\/uploads\/2023\/06\/48930ccd-79c0-4d4e-a2fe-6e2eb745903a-2_optimized-2-600x336.jpg 600w\" sizes=\"(max-width: 1073px) 100vw, 1073px\" \/><\/div><\/div><\/div><\/div><div class=\"flex_column av_one_full  flex_column_div av-zero-column-padding first  avia-builder-el-2  el_after_av_one_full  el_before_av_one_full  column-top-margin\" style='border-radius:0px; '><section class=\"av_textblock_section \"  itemscope=\"itemscope\" itemtype=\"https:\/\/schema.org\/BlogPosting\" itemprop=\"blogPost\" ><div class='avia_textblock  '   itemprop=\"text\" ><p style=\"text-align: center;\"><strong><span style=\"font-size: 18pt;\">Carabineros detuvo a ocho personas y recuper\u00f3 veh\u00edculo con mercader\u00eda en Coyhaique<\/span><\/strong><\/p>\n<div id=\"gtx-trans\" style=\"position: absolute; left: -50px; top: 4.31534px;\">\n<div class=\"gtx-trans-icon\"><\/div>\n<\/div>\n<\/div><\/section><\/div><div class=\"flex_column av_one_full  flex_column_div av-zero-column-padding first  avia-builder-el-4  el_after_av_one_full  el_before_av_hr  column-top-margin\" style='border-radius:0px; '><section class=\"av_textblock_section \"  itemscope=\"itemscope\" itemtype=\"https:\/\/schema.org\/BlogPosting\" itemprop=\"blogPost\" ><div class='avia_textblock  '   itemprop=\"text\" ><p class=\"v1MsoNormal\" style=\"text-align: justify;\">Diligencias desarrolladas por Carabineros de Coyhaique permiti\u00f3 la detenci\u00f3n de ocho personas -entre ellos siete menores de edad- por el delito de hurto de veh\u00edculo, receptaci\u00f3n de especies, porte de arma blanca e incumplimiento de medida cautelar, logrando asimismo recuperar un veh\u00edculo y mercader\u00eda.<\/p>\n<p class=\"v1MsoNormal\" style=\"text-align: justify;\">El Comisario de Coyhaique, Mayor Franco Herrera Quezada se\u00f1al\u00f3 que cerca de las 20:00 horas del mi\u00e9rcoles, Carabineros conoci\u00f3 de la sustracci\u00f3n del veh\u00edculo hecho que se registr\u00f3 momentos antes luego que en circunstancias en que la v\u00edctima lo estacion\u00f3 -por unos instantes con el motor en marcha fuera de su lugar de trabajo- dicha situaci\u00f3n fue aprovechada por un grupo de sujetos, quienes en un momento de descuido de la v\u00edctima lo sustrajeron y huyeron del lugar.<\/p>\n<p class=\"v1MsoNormal\" style=\"text-align: justify;\">Tras lo anterior, el afectado junto a compa\u00f1eros de trabajo inician un seguimiento con la finalidad de intentar recuperar el veh\u00edculo.<\/p>\n<p class=\"v1MsoNormal\" style=\"text-align: justify;\">Del total de ocho individuos que huyeron en el m\u00f3vil, cuatro descendieron de este, logrando la v\u00edctima reducir a dos de estos, dando cuenta del hecho a Carabineros.<\/p>\n<p class=\"v1MsoNormal\" style=\"text-align: justify;\"><b>Localizaci\u00f3n<\/b><\/p>\n<p class=\"v1MsoNormal\" style=\"text-align: justify;\">Informados del delito en cuesti\u00f3n, Carabineros acude de manera inmediata al lugar, donde detuvo a estas personas.<\/p>\n<p class=\"v1MsoNormal\" style=\"text-align: justify;\">Acto seguido el personal policial, se aboc\u00f3 al desarrollo de m\u00faltiples diligencias investigativas, y logr\u00f3 m\u00e1s tarde la detenci\u00f3n de otros dos sujetos, quienes momentos previos descendieron del m\u00f3vil d\u00e1ndose a la fuga.<\/p>\n<p class=\"v1MsoNormal\" style=\"text-align: justify;\">\u00abEsto conllev\u00f3 activar diferentes b\u00fasquedas y controles de este m\u00f3vil que se encontraba sustra\u00eddo y que fue advertido por varios transe\u00fantes, quienes dieron aviso al 133 indicando que circulaba este veh\u00edculo con las luces apagadas y en algunas oportunidades en contra del sentido del tr\u00e1nsito con peligro de accidente\u00bb, explic\u00f3 el Comisario de Coyhaique.<\/p>\n<p class=\"v1MsoNormal\" style=\"text-align: justify;\">El Oficial Jefe a\u00f1adi\u00f3 que \u00abfue as\u00ed que finalmente se logr\u00f3 dar con este veh\u00edculo en las circunstancias en que (individuos) estaban descargando una mercader\u00eda que la v\u00edctima manten\u00eda al interior de este m\u00f3vil. Esa diligencia fue bastante exitosa porque finalmente se logr\u00f3 detener al resto de las personas que a\u00fan se encontraban en el veh\u00edculo, se logr\u00f3 su recuperaci\u00f3n y la incautaci\u00f3n de la mercader\u00eda, la cual fue regresada a su propietario\u00bb, detall\u00f3.<\/p>\n<p class=\"v1MsoNormal\" style=\"text-align: justify;\"><b>NNA y v\u00ednculo con robo en Puerto Ays\u00e9n <\/b><\/p>\n<p class=\"v1MsoNormal\" style=\"text-align: justify;\">De los ocho detenidos, siete fueron puestos a disposici\u00f3n del Ministerio P\u00fablico, en tanto que la otra persona corresponde a un NNA de 13 a\u00f1os inimputable, situaci\u00f3n que fue informada al Tribunal de Familia por vulneraci\u00f3n de sus derechos.<\/p>\n<p class=\"v1MsoNormal\" style=\"text-align: justify;\">El Mayor Herrera, a\u00f1adi\u00f3 que dicho menor que fue sorprendido junto a esta banda, hace tan solo diez d\u00edas hab\u00eda sido conducido previamente por un delito de robo que afect\u00f3 a un local de Puerto Ays\u00e9n, hecho perpetrado el 18 de junio y para lo cual se desplazaban a bordo de una camioneta sustra\u00edda en Coyhaique, la cual tras un seguimiento controlado fue recuperada en la capital regional, junto a las joyas provenientes de aquel robo ocurrido en la ciudad de Puerto Ays\u00e9n.<\/p>\n<p class=\"v1MsoNormal\" style=\"text-align: justify;\">\u00abEste mismo menor nuevamente se encontraba junto a este grupo en este nuevo il\u00edcito de sustracci\u00f3n de este veh\u00edculo y en el robo de las pertenencias que se encontraban al interior. No descartamos -y es materia propia de la investigaci\u00f3n por parte del Ministerio P\u00fablico- que esta banda est\u00e9 asociada a otros delitos que han afectado a otros locales en Coyhaique\u00bb, se\u00f1al\u00f3 el Mayor Franco Herrera.<\/p>\n<p class=\"v1MsoNormal\" style=\"text-align: justify;\">Asimismo, uno de los integrantes de esta banda de 20 a\u00f1os de edad -quien registra siete detenciones previas por diversos delitos- se encontraba actualmente con la medida cautelar de arresto domiciliario total o prohibici\u00f3n de salir a la v\u00eda p\u00fablica, disposici\u00f3n que estaba siendo incumplida por el detenido, antecedentes que fueron puestos en conocimiento de la Fiscal\u00eda.<\/p>\n<p class=\"v1MsoNormal\" style=\"text-align: justify;\">Cabe consignar que durante el a\u00f1o 2022 Carabineros deriv\u00f3 a 710 menores por Plan de Seguridad Integrada para NNA 24 horas, en tanto que desde el mes de enero al 25 de junio del presente a\u00f1o, 182 menores han sido informados a municipios con su condici\u00f3n de infractores de ley y de vulneraci\u00f3n de derechos.<\/p>\n<p class=\"v1MsoNormal\" style=\"text-align: justify;\">Por otra parte, en lo que va transcurrido del a\u00f1o en curso, Carabineros ha recuperado 13 veh\u00edculos sustra\u00eddos en la regi\u00f3n de Ays\u00e9n.<\/p>\n<\/div><\/section><\/div><div  style='height:50px' class='hr hr-invisible   avia-builder-el-6  el_after_av_one_full  el_before_av_social_share '><span class='hr-inner ' ><span class='hr-inner-style'><\/span><\/span><\/div><\/p>\n<div  class='av-social-sharing-box  avia-builder-el-7  el_after_av_hr  el_before_av_hr  '><div class='av-share-box'><h5 class='av-share-link-description av-no-toc '>Compartir esta noticia<\/h5><ul class='av-share-box-list noLightbox'><li class='av-share-link av-social-link-facebook' ><a target=\"_blank\" aria-label=\"Compartir en Facebook\" href='https:\/\/www.facebook.com\/sharer.php?u=https:\/\/radiorevelacionfm.cl\/?p=32488&#038;t=Carabineros%20detuvo%20a%20ocho%20personas%20y%20recuper%C3%B3%20veh%C3%ADculo%20con%20mercader%C3%ADa%20en%20Coyhaique' aria-hidden='false' data-av_icon='\ue8f3' data-av_iconfont='entypo-fontello' title='' data-avia-related-tooltip='Compartir en Facebook' rel=\"noopener\"><span class='avia_hidden_link_text'>Compartir en Facebook<\/span><\/a><\/li><li class='av-share-link av-social-link-twitter' ><a target=\"_blank\" aria-label=\"Compartir en Twitter\" href='https:\/\/twitter.com\/share?text=Carabineros%20detuvo%20a%20ocho%20personas%20y%20recuper%C3%B3%20veh%C3%ADculo%20con%20mercader%C3%ADa%20en%20Coyhaique&#038;url=https:\/\/radiorevelacionfm.cl\/?p=32488' aria-hidden='false' data-av_icon='\ue8f1' data-av_iconfont='entypo-fontello' title='' data-avia-related-tooltip='Compartir en Twitter' rel=\"noopener\"><span class='avia_hidden_link_text'>Compartir en Twitter<\/span><\/a><\/li><li class='av-share-link av-social-link-whatsapp' ><a target=\"_blank\" aria-label=\"Compartir en Whatsapp\" href='https:\/\/api.whatsapp.com\/send?text=https:\/\/radiorevelacionfm.cl\/?p=32488' aria-hidden='false' data-av_icon='\uf232' data-av_iconfont='entypo-fontello' title='' data-avia-related-tooltip='Compartir en Whatsapp' rel=\"noopener\"><span class='avia_hidden_link_text'>Compartir en Whatsapp<\/span><\/a><\/li><li class='av-share-link av-social-link-linkedin' ><a target=\"_blank\" aria-label=\"Compartir en LinkedIn\" href='https:\/\/linkedin.com\/shareArticle?mini=true&#038;title=Carabineros%20detuvo%20a%20ocho%20personas%20y%20recuper%C3%B3%20veh%C3%ADculo%20con%20mercader%C3%ADa%20en%20Coyhaique&#038;url=https:\/\/radiorevelacionfm.cl\/?p=32488' aria-hidden='false' data-av_icon='\ue8fc' data-av_iconfont='entypo-fontello' title='' data-avia-related-tooltip='Compartir en LinkedIn' rel=\"noopener\"><span class='avia_hidden_link_text'>Compartir en LinkedIn<\/span><\/a><\/li><li class='av-share-link av-social-link-mail' ><a  aria-label=\"Compartir por correo\" href='mailto:?subject=Carabineros%20detuvo%20a%20ocho%20personas%20y%20recuper%C3%B3%20veh%C3%ADculo%20con%20mercader%C3%ADa%20en%20Coyhaique&#038;body=https:\/\/radiorevelacionfm.cl\/?p=32488' aria-hidden='false' data-av_icon='\ue805' data-av_iconfont='entypo-fontello' title='' data-avia-related-tooltip='Compartir por correo'><span class='avia_hidden_link_text'>Compartir por correo<\/span><\/a><\/li><\/ul><\/div><\/div>\n<div  style='height:50px' class='hr hr-invisible   avia-builder-el-8  el_after_av_social_share  el_before_av_comments_list '><span class='hr-inner ' ><span class='hr-inner-style'><\/span><\/span><\/div>\n<div  class='av-buildercomment  av-blog-meta-html-info-disabled av-blog-meta-tag-disabled  '><\/div>\n","protected":false},"excerpt":{"rendered":"","protected":false},"author":1,"featured_media":32489,"comment_status":"open","ping_status":"open","sticky":false,"template":"","format":"standard","meta":{"footnotes":""},"categories":[36],"tags":[],"class_list":["post-32488","post","type-post","status-publish","format-standard","has-post-thumbnail","hentry","category-policial"],"jetpack_featured_media_url":"https:\/\/radiorevelacionfm.cl\/wp-content\/uploads\/2023\/06\/48930ccd-79c0-4d4e-a2fe-6e2eb745903a-2_optimized-2.jpg","_links":{"self":[{"href":"https:\/\/radiorevelacionfm.cl\/index.php?rest_route=\/wp\/v2\/posts\/32488","targetHints":{"allow":["GET"]}}],"collection":[{"href":"https:\/\/radiorevelacionfm.cl\/index.php?rest_route=\/wp\/v2\/posts"}],"about":[{"href":"https:\/\/radiorevelacionfm.cl\/index.php?rest_route=\/wp\/v2\/types\/post"}],"author":[{"embeddable":true,"href":"https:\/\/radiorevelacionfm.cl\/index.php?rest_route=\/wp\/v2\/users\/1"}],"replies":[{"embeddable":true,"href":"https:\/\/radiorevelacionfm.cl\/index.php?rest_route=%2Fwp%2Fv2%2Fcomments&post=32488"}],"version-history":[{"count":1,"href":"https:\/\/radiorevelacionfm.cl\/index.php?rest_route=\/wp\/v2\/posts\/32488\/revisions"}],"predecessor-version":[{"id":32490,"href":"https:\/\/radiorevelacionfm.cl\/index.php?rest_route=\/wp\/v2\/posts\/32488\/revisions\/32490"}],"wp:featuredmedia":[{"embeddable":true,"href":"https:\/\/radiorevelacionfm.cl\/index.php?rest_route=\/wp\/v2\/media\/32489"}],"wp:attachment":[{"href":"https:\/\/radiorevelacionfm.cl\/index.php?rest_route=%2Fwp%2Fv2%2Fmedia&parent=32488"}],"wp:term":[{"taxonomy":"category","embeddable":true,"href":"https:\/\/radiorevelacionfm.cl\/index.php?rest_route=%2Fwp%2Fv2%2Fcategories&post=32488"},{"taxonomy":"post_tag","embeddable":true,"href":"https:\/\/radiorevelacionfm.cl\/index.php?rest_route=%2Fwp%2Fv2%2Ftags&post=32488"}],"curies":[{"name":"wp","href":"https:\/\/api.w.org\/{rel}","templated":true}]}}