{"id":32485,"date":"2023-06-30T13:33:37","date_gmt":"2023-06-30T16:33:37","guid":{"rendered":"https:\/\/radiorevelacionfm.cl\/?p=32485"},"modified":"2023-06-30T13:33:37","modified_gmt":"2023-06-30T16:33:37","slug":"oficina-del-campesino-celebra-su-primer-ano-de-actividades-en-beneficio-de-la-comunidad-rural","status":"publish","type":"post","link":"https:\/\/radiorevelacionfm.cl\/?p=32485","title":{"rendered":"Oficina del Campesino celebra su primer a\u00f1o de actividades en beneficio de la comunidad rural"},"content":{"rendered":"<div class=\"flex_column av_one_full  flex_column_div av-zero-column-padding first  avia-builder-el-0  el_before_av_one_full  avia-builder-el-first  \" style='border-radius:0px; '><div  class='avia-image-container  av-styling-    avia-builder-el-1  avia-builder-el-no-sibling  avia-align-center '  itemprop=\"image\" itemscope=\"itemscope\" itemtype=\"https:\/\/schema.org\/ImageObject\"  ><div class='avia-image-container-inner'><div class='avia-image-overlay-wrap'><img decoding=\"async\" class='wp-image-32486 avia-img-lazy-loading-not-32486 avia_image' src=\"https:\/\/radiorevelacionfm.cl\/wp-content\/uploads\/2023\/06\/fotografia-3-2-2_optimized.jpg\" alt='' title='fotograf\u00eda-3-2-2_optimized' height=\"600\" width=\"900\"  itemprop=\"thumbnailUrl\" srcset=\"https:\/\/radiorevelacionfm.cl\/wp-content\/uploads\/2023\/06\/fotografia-3-2-2_optimized.jpg 900w, https:\/\/radiorevelacionfm.cl\/wp-content\/uploads\/2023\/06\/fotografia-3-2-2_optimized-300x200.jpg 300w, https:\/\/radiorevelacionfm.cl\/wp-content\/uploads\/2023\/06\/fotografia-3-2-2_optimized-768x512.jpg 768w, https:\/\/radiorevelacionfm.cl\/wp-content\/uploads\/2023\/06\/fotografia-3-2-2_optimized-705x470.jpg 705w, https:\/\/radiorevelacionfm.cl\/wp-content\/uploads\/2023\/06\/fotografia-3-2-2_optimized-450x300.jpg 450w, https:\/\/radiorevelacionfm.cl\/wp-content\/uploads\/2023\/06\/fotografia-3-2-2_optimized-600x400.jpg 600w\" sizes=\"(max-width: 900px) 100vw, 900px\" \/><\/div><\/div><\/div><\/div><div class=\"flex_column av_one_full  flex_column_div av-zero-column-padding first  avia-builder-el-2  el_after_av_one_full  el_before_av_one_full  column-top-margin\" style='border-radius:0px; '><section class=\"av_textblock_section \"  itemscope=\"itemscope\" itemtype=\"https:\/\/schema.org\/BlogPosting\" itemprop=\"blogPost\" ><div class='avia_textblock  '   itemprop=\"text\" ><div style=\"text-align: center;\"><span style=\"font-size: 18pt;\"><b>Oficina del Campesino celebra su primer a\u00f1o de actividades en beneficio de la comunidad rural<\/b><\/span><\/div>\n<div id=\"gtx-trans\" style=\"position: absolute; left: -50px; top: 4.31534px;\">\n<div class=\"gtx-trans-icon\"><\/div>\n<\/div>\n<\/div><\/section><\/div><div class=\"flex_column av_one_full  flex_column_div av-zero-column-padding first  avia-builder-el-4  el_after_av_one_full  el_before_av_hr  column-top-margin\" style='border-radius:0px; '><section class=\"av_textblock_section \"  itemscope=\"itemscope\" itemtype=\"https:\/\/schema.org\/BlogPosting\" itemprop=\"blogPost\" ><div class='avia_textblock  '   itemprop=\"text\" ><p style=\"text-align: justify;\">Este 29 de junio se cumple el primer a\u00f1o de funcionamiento de la Oficina del Campesino de la Ilustre Municipalidad de Ays\u00e9n. La Oficina del Campesino creada bajo la gesti\u00f3n del alcalde, Julio Uribe Alvarado, busca ir en directa ayuda de la comunidad rural.<\/p>\n<p style=\"text-align: justify;\">Nadia Bravo, coordinadora de la Oficina del Campesino, expres\u00f3 su alegr\u00eda al conmemorar el primer aniversario de esta iniciativa. Durante este per\u00edodo, se han logrado llevar a cabo diversas acciones en beneficio de la comunidad como la realizaci\u00f3n de instancias de comercializaci\u00f3n -Feria del Campesino-, de formaci\u00f3n -Escuela del Campesino-, difusi\u00f3n -programa radial El campo somos todos-, asesor\u00edas t\u00e9cnicas dirigidas a las campesinas y campesino de la comuna, y entregas de recursos de fertilizantes, invernaderos, entre otros, con la ayuda de la Serem\u00eda de Agricultura y el Gobierno Regional de Ays\u00e9n; los cuales, han contribuido al desarrollo y fortalecimiento de las habilidades de la comunidad rural.<\/p>\n<p style=\"text-align: justify;\">La coordinadora de la Oficina del Campesino, expres\u00f3 su profundo agradecimiento hacia todas las personas que, d\u00eda a d\u00eda, brindan su energ\u00eda y colaboraci\u00f3n para que las actividades de la Oficina sean posibles. Asimismo, resalt\u00f3 el papel fundamental de los medios locales, quienes han contribuido a difundir las capacitaciones y as\u00ed llegar a un mayor n\u00famero de personas.<\/p>\n<p style=\"text-align: justify;\">Con gran satisfacci\u00f3n, se destaca el \u00e9xito alcanzado durante este primer a\u00f1o de existencia de la Oficina del Campesino. Bravo, concluy\u00f3 afirmando que el trabajo en beneficio de la comunidad rural continuar\u00e1 y reafirm\u00f3 el compromiso de seguir adelante con futuras iniciativas y proyectos.<\/p>\n<\/div><\/section><\/div><div  style='height:50px' class='hr hr-invisible   avia-builder-el-6  el_after_av_one_full  el_before_av_social_share '><span class='hr-inner ' ><span class='hr-inner-style'><\/span><\/span><\/div><\/p>\n<div  class='av-social-sharing-box  avia-builder-el-7  el_after_av_hr  el_before_av_hr  '><div class='av-share-box'><h5 class='av-share-link-description av-no-toc '>Compartir esta noticia<\/h5><ul class='av-share-box-list noLightbox'><li class='av-share-link av-social-link-facebook' ><a target=\"_blank\" aria-label=\"Compartir en Facebook\" href='https:\/\/www.facebook.com\/sharer.php?u=https:\/\/radiorevelacionfm.cl\/?p=32485&#038;t=Oficina%20del%20Campesino%20celebra%20su%20primer%20a%C3%B1o%20de%20actividades%20en%20beneficio%20de%20la%20comunidad%20rural' aria-hidden='false' data-av_icon='\ue8f3' data-av_iconfont='entypo-fontello' title='' data-avia-related-tooltip='Compartir en Facebook' rel=\"noopener\"><span class='avia_hidden_link_text'>Compartir en Facebook<\/span><\/a><\/li><li class='av-share-link av-social-link-twitter' ><a target=\"_blank\" aria-label=\"Compartir en Twitter\" href='https:\/\/twitter.com\/share?text=Oficina%20del%20Campesino%20celebra%20su%20primer%20a%C3%B1o%20de%20actividades%20en%20beneficio%20de%20la%20comunidad%20rural&#038;url=https:\/\/radiorevelacionfm.cl\/?p=32485' aria-hidden='false' data-av_icon='\ue8f1' data-av_iconfont='entypo-fontello' title='' data-avia-related-tooltip='Compartir en Twitter' rel=\"noopener\"><span class='avia_hidden_link_text'>Compartir en Twitter<\/span><\/a><\/li><li class='av-share-link av-social-link-whatsapp' ><a target=\"_blank\" aria-label=\"Compartir en Whatsapp\" href='https:\/\/api.whatsapp.com\/send?text=https:\/\/radiorevelacionfm.cl\/?p=32485' aria-hidden='false' data-av_icon='\uf232' data-av_iconfont='entypo-fontello' title='' data-avia-related-tooltip='Compartir en Whatsapp' rel=\"noopener\"><span class='avia_hidden_link_text'>Compartir en Whatsapp<\/span><\/a><\/li><li class='av-share-link av-social-link-linkedin' ><a target=\"_blank\" aria-label=\"Compartir en LinkedIn\" href='https:\/\/linkedin.com\/shareArticle?mini=true&#038;title=Oficina%20del%20Campesino%20celebra%20su%20primer%20a%C3%B1o%20de%20actividades%20en%20beneficio%20de%20la%20comunidad%20rural&#038;url=https:\/\/radiorevelacionfm.cl\/?p=32485' aria-hidden='false' data-av_icon='\ue8fc' data-av_iconfont='entypo-fontello' title='' data-avia-related-tooltip='Compartir en LinkedIn' rel=\"noopener\"><span class='avia_hidden_link_text'>Compartir en LinkedIn<\/span><\/a><\/li><li class='av-share-link av-social-link-mail' ><a  aria-label=\"Compartir por correo\" href='mailto:?subject=Oficina%20del%20Campesino%20celebra%20su%20primer%20a%C3%B1o%20de%20actividades%20en%20beneficio%20de%20la%20comunidad%20rural&#038;body=https:\/\/radiorevelacionfm.cl\/?p=32485' aria-hidden='false' data-av_icon='\ue805' data-av_iconfont='entypo-fontello' title='' data-avia-related-tooltip='Compartir por correo'><span class='avia_hidden_link_text'>Compartir por correo<\/span><\/a><\/li><\/ul><\/div><\/div>\n<div  style='height:50px' class='hr hr-invisible   avia-builder-el-8  el_after_av_social_share  el_before_av_comments_list '><span class='hr-inner ' ><span class='hr-inner-style'><\/span><\/span><\/div>\n<div  class='av-buildercomment  av-blog-meta-html-info-disabled av-blog-meta-tag-disabled  '><\/div>\n","protected":false},"excerpt":{"rendered":"","protected":false},"author":1,"featured_media":32486,"comment_status":"open","ping_status":"open","sticky":false,"template":"","format":"standard","meta":{"footnotes":""},"categories":[38],"tags":[],"class_list":["post-32485","post","type-post","status-publish","format-standard","has-post-thumbnail","hentry","category-regional"],"jetpack_featured_media_url":"https:\/\/radiorevelacionfm.cl\/wp-content\/uploads\/2023\/06\/fotografia-3-2-2_optimized.jpg","_links":{"self":[{"href":"https:\/\/radiorevelacionfm.cl\/index.php?rest_route=\/wp\/v2\/posts\/32485","targetHints":{"allow":["GET"]}}],"collection":[{"href":"https:\/\/radiorevelacionfm.cl\/index.php?rest_route=\/wp\/v2\/posts"}],"about":[{"href":"https:\/\/radiorevelacionfm.cl\/index.php?rest_route=\/wp\/v2\/types\/post"}],"author":[{"embeddable":true,"href":"https:\/\/radiorevelacionfm.cl\/index.php?rest_route=\/wp\/v2\/users\/1"}],"replies":[{"embeddable":true,"href":"https:\/\/radiorevelacionfm.cl\/index.php?rest_route=%2Fwp%2Fv2%2Fcomments&post=32485"}],"version-history":[{"count":1,"href":"https:\/\/radiorevelacionfm.cl\/index.php?rest_route=\/wp\/v2\/posts\/32485\/revisions"}],"predecessor-version":[{"id":32487,"href":"https:\/\/radiorevelacionfm.cl\/index.php?rest_route=\/wp\/v2\/posts\/32485\/revisions\/32487"}],"wp:featuredmedia":[{"embeddable":true,"href":"https:\/\/radiorevelacionfm.cl\/index.php?rest_route=\/wp\/v2\/media\/32486"}],"wp:attachment":[{"href":"https:\/\/radiorevelacionfm.cl\/index.php?rest_route=%2Fwp%2Fv2%2Fmedia&parent=32485"}],"wp:term":[{"taxonomy":"category","embeddable":true,"href":"https:\/\/radiorevelacionfm.cl\/index.php?rest_route=%2Fwp%2Fv2%2Fcategories&post=32485"},{"taxonomy":"post_tag","embeddable":true,"href":"https:\/\/radiorevelacionfm.cl\/index.php?rest_route=%2Fwp%2Fv2%2Ftags&post=32485"}],"curies":[{"name":"wp","href":"https:\/\/api.w.org\/{rel}","templated":true}]}}