{"id":32482,"date":"2023-06-30T12:16:19","date_gmt":"2023-06-30T15:16:19","guid":{"rendered":"https:\/\/radiorevelacionfm.cl\/?p=32482"},"modified":"2023-06-30T12:16:19","modified_gmt":"2023-06-30T15:16:19","slug":"realizan-visita-tecnica-a-la-central-hidroelectrica-lago-atravesado-y-al-parque-eolico-alto-baguales","status":"publish","type":"post","link":"https:\/\/radiorevelacionfm.cl\/?p=32482","title":{"rendered":"Realizan visita t\u00e9cnica a la Central Hidroel\u00e9ctrica Lago Atravesado y al Parque E\u00f3lico Alto Baguales"},"content":{"rendered":"<div class=\"flex_column av_one_full  flex_column_div av-zero-column-padding first  avia-builder-el-0  el_before_av_one_full  avia-builder-el-first  \" style='border-radius:0px; '><div  class='avia-image-container  av-styling-    avia-builder-el-1  avia-builder-el-no-sibling  avia-align-center '  itemprop=\"image\" itemscope=\"itemscope\" itemtype=\"https:\/\/schema.org\/ImageObject\"  ><div class='avia-image-container-inner'><div class='avia-image-overlay-wrap'><img decoding=\"async\" class='wp-image-32483 avia-img-lazy-loading-not-32483 avia_image' src=\"https:\/\/radiorevelacionfm.cl\/wp-content\/uploads\/2023\/06\/photo1688050053-2-2.jpeg\" alt='' title='photo1688050053-2-2' height=\"600\" width=\"800\"  itemprop=\"thumbnailUrl\" srcset=\"https:\/\/radiorevelacionfm.cl\/wp-content\/uploads\/2023\/06\/photo1688050053-2-2.jpeg 800w, https:\/\/radiorevelacionfm.cl\/wp-content\/uploads\/2023\/06\/photo1688050053-2-2-300x225.jpeg 300w, https:\/\/radiorevelacionfm.cl\/wp-content\/uploads\/2023\/06\/photo1688050053-2-2-768x576.jpeg 768w, https:\/\/radiorevelacionfm.cl\/wp-content\/uploads\/2023\/06\/photo1688050053-2-2-705x529.jpeg 705w, https:\/\/radiorevelacionfm.cl\/wp-content\/uploads\/2023\/06\/photo1688050053-2-2-450x338.jpeg 450w, https:\/\/radiorevelacionfm.cl\/wp-content\/uploads\/2023\/06\/photo1688050053-2-2-600x450.jpeg 600w\" sizes=\"(max-width: 800px) 100vw, 800px\" \/><\/div><\/div><\/div><\/div><div class=\"flex_column av_one_full  flex_column_div av-zero-column-padding first  avia-builder-el-2  el_after_av_one_full  el_before_av_one_full  column-top-margin\" style='border-radius:0px; '><section class=\"av_textblock_section \"  itemscope=\"itemscope\" itemtype=\"https:\/\/schema.org\/BlogPosting\" itemprop=\"blogPost\" ><div class='avia_textblock  '   itemprop=\"text\" ><div style=\"text-align: center;\"><span style=\"font-size: 18pt;\"><b>Realizan visita t\u00e9cnica a la Central Hidroel\u00e9ctrica Lago Atravesado y al Parque E\u00f3lico Alto Baguales \u00a0<\/b><\/span><\/div>\n<div id=\"gtx-trans\" style=\"position: absolute; left: -50px; top: 4.31534px;\">\n<div class=\"gtx-trans-icon\"><\/div>\n<\/div>\n<\/div><\/section><\/div><div class=\"flex_column av_one_full  flex_column_div av-zero-column-padding first  avia-builder-el-4  el_after_av_one_full  el_before_av_hr  column-top-margin\" style='border-radius:0px; '><section class=\"av_textblock_section \"  itemscope=\"itemscope\" itemtype=\"https:\/\/schema.org\/BlogPosting\" itemprop=\"blogPost\" ><div class='avia_textblock  '   itemprop=\"text\" ><p style=\"text-align: justify;\">Los equipos t\u00e9cnicos de las Seremis de Energ\u00eda y Medio Ambiente acompa\u00f1ados por representantes de la empresa Edelays\u00e9n, realizaron una visita t\u00e9cnica a la Central Hidroel\u00e9ctrica Lago Atravesado y al Parque E\u00f3lico Alto Baguales, con la finalidad de conocer en terreno las instalaciones y la operaci\u00f3n de estas centrales de generaci\u00f3n.<\/p>\n<p style=\"text-align: justify;\">Al respecto, el Seremi de Energ\u00eda, Carlos D\u00edaz, destac\u00f3 que \u201cquisimos organizar esta visita ya que es muy importante que los equipos conozcan en terreno c\u00f3mo se genera la energ\u00eda, y lo dif\u00edcil que es mantener un sistema el\u00e9ctrico tan diverso como el nuestro. Tenemos en el Sistema Mediano de Ays\u00e9n cuatro centrales hidroel\u00e9ctricas, una fotovoltaica, una e\u00f3lica y varias di\u00e9sel de respaldo, lo que sin duda representa un desaf\u00edo\u201d.<\/p>\n<p style=\"text-align: justify;\">La jornada comenz\u00f3 en Lago Atravesado con un trayecto de navegaci\u00f3n de aproximadamente 20 minutos hasta el desag\u00fce del lago, donde se encuentra ubicada la instalaci\u00f3n de la bocatoma. Posteriormente, se descendi\u00f3 hasta el Lago Elizalde donde se emplaza la sala de m\u00e1quinas que contiene las turbinas hidr\u00e1ulicas y los elementos de regulaci\u00f3n y comando que permiten generar energ\u00eda, la que luego es conducida a la Central T\u00e9rmica Tehuelche encargada de \u00a0despachar energ\u00eda a todo el Sistema Mediano de Ays\u00e9n.<\/p>\n<p style=\"text-align: justify;\">Al respecto, el Gerente Zonal de Edelaysen, Leonardo Moran, quien dirigi\u00f3 la visita \u00a0explic\u00f3 los procesos que se desarrollan para dar funcionamiento a la central \u201cla central Lago Atravesado aprovecha el potencial energ\u00e9tico representado por un desnivel entre los lagos Atravesado y Elizalde. Entonces lo que hacemos es tomar el agua en Lago Atravesado y conducirla por tuber\u00edas hasta el Lago Elizalde, donde est\u00e1 la sala de m\u00e1quinas que recibe esas aguas y genera energ\u00eda el\u00e9ctrica para la regi\u00f3n, alrededor de 40 a 42 GWh, esto es m\u00e1s o menos un tercio de lo que se genera en este sistema mediano\u201d destac\u00f3 Mor\u00e1n.<\/p>\n<p style=\"text-align: justify;\">Posteriormente, el equipo se traslad\u00f3 hasta el Parque E\u00f3lico Alto Baguales ubicado a 7 km de la ciudad de Coyhaique, camino a Puerto Ays\u00e9n. Esta central de generaci\u00f3n e\u00f3lica entr\u00f3 en operaci\u00f3n en el a\u00f1o 2001, siendo el primer parque e\u00f3lico de escala industrial que se instal\u00f3 en el pa\u00eds.<\/p>\n<p style=\"text-align: justify;\">Durante la visita, se realiz\u00f3 un recorrido por las instalaciones donde se encuentran los dos aerogeneradores el\u00e9ctricos de 900 kW, los que funciona convirtiendo la\u00a0<a href=\"https:\/\/es.wikipedia.org\/wiki\/Energ%C3%ADa_cin%C3%A9tica\">energ\u00eda cin\u00e9tica<\/a>\u00a0del viento en energ\u00eda mec\u00e1nica y luego en energ\u00eda el\u00e9ctrica.<\/p>\n<p style=\"text-align: justify;\">Cabe se\u00f1alar, que la empresa Edelaysen present\u00f3 un proyecto al Servicio de Evaluaci\u00f3n Ambiental, que busca ampliar esta central de generaci\u00f3n existente lo cual permitir\u00eda aumentar la potencia de generaci\u00f3n del Parque E\u00f3lico a 32,2 MW.\u00a0A la fecha esta iniciativa se encuentra en proceso de Calificaci\u00f3n Ambiental.<\/p>\n<p style=\"text-align: justify;\">Finalmente, el Seremi D\u00edaz destac\u00f3 que \u201cnuestra regi\u00f3n cuenta con un gran potencial para el desarrollo de energ\u00edas limpias, por ello estamos trabajando para aumentar la capacidad de generaci\u00f3n con energ\u00edas renovables e ir dejando el di\u00e9sel de lado. De esta manera, podremos avanzar de manera certera en descarbonizar y limpiar nuestra matriz energ\u00e9tica y tener una regi\u00f3n m\u00e1s sustentable\u201d.<\/p>\n<\/div><\/section><\/div><div  style='height:50px' class='hr hr-invisible   avia-builder-el-6  el_after_av_one_full  el_before_av_social_share '><span class='hr-inner ' ><span class='hr-inner-style'><\/span><\/span><\/div><\/p>\n<div  class='av-social-sharing-box  avia-builder-el-7  el_after_av_hr  el_before_av_hr  '><div class='av-share-box'><h5 class='av-share-link-description av-no-toc '>Compartir esta noticia<\/h5><ul class='av-share-box-list noLightbox'><li class='av-share-link av-social-link-facebook' ><a target=\"_blank\" aria-label=\"Compartir en Facebook\" href='https:\/\/www.facebook.com\/sharer.php?u=https:\/\/radiorevelacionfm.cl\/?p=32482&#038;t=Realizan%20visita%20t%C3%A9cnica%20a%20la%20Central%20Hidroel%C3%A9ctrica%20Lago%20Atravesado%20y%20al%20Parque%20E%C3%B3lico%20Alto%20Baguales' aria-hidden='false' data-av_icon='\ue8f3' data-av_iconfont='entypo-fontello' title='' data-avia-related-tooltip='Compartir en Facebook' rel=\"noopener\"><span class='avia_hidden_link_text'>Compartir en Facebook<\/span><\/a><\/li><li class='av-share-link av-social-link-twitter' ><a target=\"_blank\" aria-label=\"Compartir en Twitter\" href='https:\/\/twitter.com\/share?text=Realizan%20visita%20t%C3%A9cnica%20a%20la%20Central%20Hidroel%C3%A9ctrica%20Lago%20Atravesado%20y%20al%20Parque%20E%C3%B3lico%20Alto%20Baguales&#038;url=https:\/\/radiorevelacionfm.cl\/?p=32482' aria-hidden='false' data-av_icon='\ue8f1' data-av_iconfont='entypo-fontello' title='' data-avia-related-tooltip='Compartir en Twitter' rel=\"noopener\"><span class='avia_hidden_link_text'>Compartir en Twitter<\/span><\/a><\/li><li class='av-share-link av-social-link-whatsapp' ><a target=\"_blank\" aria-label=\"Compartir en Whatsapp\" href='https:\/\/api.whatsapp.com\/send?text=https:\/\/radiorevelacionfm.cl\/?p=32482' aria-hidden='false' data-av_icon='\uf232' data-av_iconfont='entypo-fontello' title='' data-avia-related-tooltip='Compartir en Whatsapp' rel=\"noopener\"><span class='avia_hidden_link_text'>Compartir en Whatsapp<\/span><\/a><\/li><li class='av-share-link av-social-link-linkedin' ><a target=\"_blank\" aria-label=\"Compartir en LinkedIn\" href='https:\/\/linkedin.com\/shareArticle?mini=true&#038;title=Realizan%20visita%20t%C3%A9cnica%20a%20la%20Central%20Hidroel%C3%A9ctrica%20Lago%20Atravesado%20y%20al%20Parque%20E%C3%B3lico%20Alto%20Baguales&#038;url=https:\/\/radiorevelacionfm.cl\/?p=32482' aria-hidden='false' data-av_icon='\ue8fc' data-av_iconfont='entypo-fontello' title='' data-avia-related-tooltip='Compartir en LinkedIn' rel=\"noopener\"><span class='avia_hidden_link_text'>Compartir en LinkedIn<\/span><\/a><\/li><li class='av-share-link av-social-link-mail' ><a  aria-label=\"Compartir por correo\" href='mailto:?subject=Realizan%20visita%20t%C3%A9cnica%20a%20la%20Central%20Hidroel%C3%A9ctrica%20Lago%20Atravesado%20y%20al%20Parque%20E%C3%B3lico%20Alto%20Baguales&#038;body=https:\/\/radiorevelacionfm.cl\/?p=32482' aria-hidden='false' data-av_icon='\ue805' data-av_iconfont='entypo-fontello' title='' data-avia-related-tooltip='Compartir por correo'><span class='avia_hidden_link_text'>Compartir por correo<\/span><\/a><\/li><\/ul><\/div><\/div>\n<div  style='height:50px' class='hr hr-invisible   avia-builder-el-8  el_after_av_social_share  el_before_av_comments_list '><span class='hr-inner ' ><span class='hr-inner-style'><\/span><\/span><\/div>\n<div  class='av-buildercomment  av-blog-meta-html-info-disabled av-blog-meta-tag-disabled  '><\/div>\n","protected":false},"excerpt":{"rendered":"","protected":false},"author":1,"featured_media":32483,"comment_status":"open","ping_status":"open","sticky":false,"template":"","format":"standard","meta":{"footnotes":""},"categories":[39],"tags":[],"class_list":["post-32482","post","type-post","status-publish","format-standard","has-post-thumbnail","hentry","category-medio-ambiente"],"jetpack_featured_media_url":"https:\/\/radiorevelacionfm.cl\/wp-content\/uploads\/2023\/06\/photo1688050053-2-2.jpeg","_links":{"self":[{"href":"https:\/\/radiorevelacionfm.cl\/index.php?rest_route=\/wp\/v2\/posts\/32482","targetHints":{"allow":["GET"]}}],"collection":[{"href":"https:\/\/radiorevelacionfm.cl\/index.php?rest_route=\/wp\/v2\/posts"}],"about":[{"href":"https:\/\/radiorevelacionfm.cl\/index.php?rest_route=\/wp\/v2\/types\/post"}],"author":[{"embeddable":true,"href":"https:\/\/radiorevelacionfm.cl\/index.php?rest_route=\/wp\/v2\/users\/1"}],"replies":[{"embeddable":true,"href":"https:\/\/radiorevelacionfm.cl\/index.php?rest_route=%2Fwp%2Fv2%2Fcomments&post=32482"}],"version-history":[{"count":1,"href":"https:\/\/radiorevelacionfm.cl\/index.php?rest_route=\/wp\/v2\/posts\/32482\/revisions"}],"predecessor-version":[{"id":32484,"href":"https:\/\/radiorevelacionfm.cl\/index.php?rest_route=\/wp\/v2\/posts\/32482\/revisions\/32484"}],"wp:featuredmedia":[{"embeddable":true,"href":"https:\/\/radiorevelacionfm.cl\/index.php?rest_route=\/wp\/v2\/media\/32483"}],"wp:attachment":[{"href":"https:\/\/radiorevelacionfm.cl\/index.php?rest_route=%2Fwp%2Fv2%2Fmedia&parent=32482"}],"wp:term":[{"taxonomy":"category","embeddable":true,"href":"https:\/\/radiorevelacionfm.cl\/index.php?rest_route=%2Fwp%2Fv2%2Fcategories&post=32482"},{"taxonomy":"post_tag","embeddable":true,"href":"https:\/\/radiorevelacionfm.cl\/index.php?rest_route=%2Fwp%2Fv2%2Ftags&post=32482"}],"curies":[{"name":"wp","href":"https:\/\/api.w.org\/{rel}","templated":true}]}}