{"id":32480,"date":"2023-06-29T16:54:07","date_gmt":"2023-06-29T19:54:07","guid":{"rendered":"https:\/\/radiorevelacionfm.cl\/?p=32480"},"modified":"2023-06-29T16:54:07","modified_gmt":"2023-06-29T19:54:07","slug":"barcaza-la-tehuelche-se-encuentra-operativa-tras-mantencion-preventiva","status":"publish","type":"post","link":"https:\/\/radiorevelacionfm.cl\/?p=32480","title":{"rendered":"Barcaza La Tehuelche se encuentra operativa tras mantenci\u00f3n preventiva"},"content":{"rendered":"<div class=\"flex_column av_one_full  flex_column_div av-zero-column-padding first  avia-builder-el-0  el_before_av_one_full  avia-builder-el-first  \" style='border-radius:0px; '><div  class='avia-image-container  av-styling-    avia-builder-el-1  avia-builder-el-no-sibling  avia-align-center '  itemprop=\"image\" itemscope=\"itemscope\" itemtype=\"https:\/\/schema.org\/ImageObject\"  ><div class='avia-image-container-inner'><div class='avia-image-overlay-wrap'><img decoding=\"async\" class='wp-image-24961 avia-img-lazy-loading-not-24961 avia_image' src=\"https:\/\/radiorevelacionfm.cl\/wp-content\/uploads\/2022\/12\/Barcaza-La-Tehuelche-1-1.jpg\" alt='' title='Barcaza La Tehuelche (1) (1)' height=\"600\" width=\"801\"  itemprop=\"thumbnailUrl\" srcset=\"https:\/\/radiorevelacionfm.cl\/wp-content\/uploads\/2022\/12\/Barcaza-La-Tehuelche-1-1.jpg 801w, https:\/\/radiorevelacionfm.cl\/wp-content\/uploads\/2022\/12\/Barcaza-La-Tehuelche-1-1-300x225.jpg 300w, https:\/\/radiorevelacionfm.cl\/wp-content\/uploads\/2022\/12\/Barcaza-La-Tehuelche-1-1-768x575.jpg 768w, https:\/\/radiorevelacionfm.cl\/wp-content\/uploads\/2022\/12\/Barcaza-La-Tehuelche-1-1-705x528.jpg 705w, https:\/\/radiorevelacionfm.cl\/wp-content\/uploads\/2022\/12\/Barcaza-La-Tehuelche-1-1-600x449.jpg 600w\" sizes=\"(max-width: 801px) 100vw, 801px\" \/><\/div><\/div><\/div><\/div><div class=\"flex_column av_one_full  flex_column_div av-zero-column-padding first  avia-builder-el-2  el_after_av_one_full  el_before_av_one_full  column-top-margin\" style='border-radius:0px; '><section class=\"av_textblock_section \"  itemscope=\"itemscope\" itemtype=\"https:\/\/schema.org\/BlogPosting\" itemprop=\"blogPost\" ><div class='avia_textblock  '   itemprop=\"text\" ><p style=\"text-align: center;\"><strong><span style=\"font-size: 18pt;\">Barcaza La Tehuelche se encuentra operativa tras mantenci\u00f3n preventiva<\/span><\/strong><\/p>\n<div id=\"gtx-trans\" style=\"position: absolute; left: -50px; top: 4.31534px;\">\n<div class=\"gtx-trans-icon\"><\/div>\n<\/div>\n<\/div><\/section><\/div><div class=\"flex_column av_one_full  flex_column_div av-zero-column-padding first  avia-builder-el-4  el_after_av_one_full  el_before_av_hr  column-top-margin\" style='border-radius:0px; '><section class=\"av_textblock_section \"  itemscope=\"itemscope\" itemtype=\"https:\/\/schema.org\/BlogPosting\" itemprop=\"blogPost\" ><div class='avia_textblock  '   itemprop=\"text\" ><p style=\"text-align: justify;\">El Secretario Regional Ministerial de Obras P\u00fablicas, Patricio Sanhueza Ulloa junto al Director Regional de Obras Portuarias del Ministerio de Obras P\u00fablicas \u00c1lvaro D\u00edaz Contreras y el Delegado Presidencial Provincial General Carrera Crist\u00f3bal Barcel\u00f3 Veas informaron que se ha terminado la mantenci\u00f3n de las 1500 horas de servicio de la nave La Tehuelche y hoy esta embarcaci\u00f3n se encuentra en operaciones en el lago General Carrera.<\/p>\n<p style=\"text-align: justify;\">En un trabajo coordinado encomendado por el Delegado Presidencial Regional Rodrigo Araya Morales, las autoridades relevaron la importancia de realizar este tipo de mantenciones rutinarias a la embarcaci\u00f3n, destacando el Director Regional de Obras Portuarias del MOP \u00c1lvaro D\u00edaz Contreras que \u201chemos logrado hacer el mantenimiento de 1500 horas a los cuatro motores principales de la nave La Tehuelche, la que estuvo detenida aproximadamente cuatro semanas. Se hacen inspecciones rutinarias a los motores cada 1500 horas, por lo tanto en unos meses m\u00e1s vamos a volver a efectuar una inspecci\u00f3n y ver el estado en que se encuentra, porque esta es la manera que tenemos de prever y asegurar el buen funcionamiento en el largo plazo de la nave, por lo tanto es importante que la comunidad sepa que estas son mantenciones rutinarias que se hacen a la nave y que vamos a seguir procediendo de la misma forma. Antes del mes de noviembre tambi\u00e9n queremos hacer una nueva conservaci\u00f3n a la nave e incluir m\u00e1s balsas tambi\u00e9n, para que pueda aumentar la capacidad de pasajeros, as\u00ed que queremos prepararnos de la mejor forma para la temporada alta que viene en el a\u00f1o 2023-2024\u201d<\/p>\n<p style=\"text-align: justify;\">Por su parte, el Secretario Regional Ministerial de Obras P\u00fablicas, Patricio Sanhueza Ulloa, fue categ\u00f3rico al ratificar el compromiso que como gobierno tienen de realizar las mantenciones oportunamente a esta embarcaci\u00f3n. \u201cQueremos asegurar la conectividad en el lago General Carrera y tal como lo hemos hecho hasta ahora, vamos a continuar realizando las mantenciones rutinarias a la nave cada vez que esto corresponda. La nave hoy se encuentra operativa y en buenas condiciones luego de concluir este proceso de mantenimiento, \u00a0como ya lo hemos mencionado en nuestras redes sociales. Ahora estamos abocados a continuar nuestro trabajo tendiente a efectuar las siguientes mantenciones con una duraci\u00f3n m\u00e1s acotada, as\u00ed que vamos a trabajar en relaci\u00f3n a esto de tal manera de disminuir la afectaci\u00f3n a la conectividad, m\u00e1s aun considerando que se acerca la temporada alta\u201d.<\/p>\n<\/div><\/section><\/div><div  style='height:50px' class='hr hr-invisible   avia-builder-el-6  el_after_av_one_full  el_before_av_social_share '><span class='hr-inner ' ><span class='hr-inner-style'><\/span><\/span><\/div><\/p>\n<div  class='av-social-sharing-box  avia-builder-el-7  el_after_av_hr  el_before_av_hr  '><div class='av-share-box'><h5 class='av-share-link-description av-no-toc '>Compartir esta noticia<\/h5><ul class='av-share-box-list noLightbox'><li class='av-share-link av-social-link-facebook' ><a target=\"_blank\" aria-label=\"Compartir en Facebook\" href='https:\/\/www.facebook.com\/sharer.php?u=https:\/\/radiorevelacionfm.cl\/?p=32480&#038;t=Barcaza%20La%20Tehuelche%20se%20encuentra%20operativa%20tras%20mantenci%C3%B3n%20preventiva' aria-hidden='false' data-av_icon='\ue8f3' data-av_iconfont='entypo-fontello' title='' data-avia-related-tooltip='Compartir en Facebook' rel=\"noopener\"><span class='avia_hidden_link_text'>Compartir en Facebook<\/span><\/a><\/li><li class='av-share-link av-social-link-twitter' ><a target=\"_blank\" aria-label=\"Compartir en Twitter\" href='https:\/\/twitter.com\/share?text=Barcaza%20La%20Tehuelche%20se%20encuentra%20operativa%20tras%20mantenci%C3%B3n%20preventiva&#038;url=https:\/\/radiorevelacionfm.cl\/?p=32480' aria-hidden='false' data-av_icon='\ue8f1' data-av_iconfont='entypo-fontello' title='' data-avia-related-tooltip='Compartir en Twitter' rel=\"noopener\"><span class='avia_hidden_link_text'>Compartir en Twitter<\/span><\/a><\/li><li class='av-share-link av-social-link-whatsapp' ><a target=\"_blank\" aria-label=\"Compartir en Whatsapp\" href='https:\/\/api.whatsapp.com\/send?text=https:\/\/radiorevelacionfm.cl\/?p=32480' aria-hidden='false' data-av_icon='\uf232' data-av_iconfont='entypo-fontello' title='' data-avia-related-tooltip='Compartir en Whatsapp' rel=\"noopener\"><span class='avia_hidden_link_text'>Compartir en Whatsapp<\/span><\/a><\/li><li class='av-share-link av-social-link-linkedin' ><a target=\"_blank\" aria-label=\"Compartir en LinkedIn\" href='https:\/\/linkedin.com\/shareArticle?mini=true&#038;title=Barcaza%20La%20Tehuelche%20se%20encuentra%20operativa%20tras%20mantenci%C3%B3n%20preventiva&#038;url=https:\/\/radiorevelacionfm.cl\/?p=32480' aria-hidden='false' data-av_icon='\ue8fc' data-av_iconfont='entypo-fontello' title='' data-avia-related-tooltip='Compartir en LinkedIn' rel=\"noopener\"><span class='avia_hidden_link_text'>Compartir en LinkedIn<\/span><\/a><\/li><li class='av-share-link av-social-link-mail' ><a  aria-label=\"Compartir por correo\" href='mailto:?subject=Barcaza%20La%20Tehuelche%20se%20encuentra%20operativa%20tras%20mantenci%C3%B3n%20preventiva&#038;body=https:\/\/radiorevelacionfm.cl\/?p=32480' aria-hidden='false' data-av_icon='\ue805' data-av_iconfont='entypo-fontello' title='' data-avia-related-tooltip='Compartir por correo'><span class='avia_hidden_link_text'>Compartir por correo<\/span><\/a><\/li><\/ul><\/div><\/div>\n<div  style='height:50px' class='hr hr-invisible   avia-builder-el-8  el_after_av_social_share  el_before_av_comments_list '><span class='hr-inner ' ><span class='hr-inner-style'><\/span><\/span><\/div>\n<div  class='av-buildercomment  av-blog-meta-html-info-disabled av-blog-meta-tag-disabled  '><\/div>\n","protected":false},"excerpt":{"rendered":"","protected":false},"author":1,"featured_media":24961,"comment_status":"open","ping_status":"open","sticky":false,"template":"","format":"standard","meta":{"footnotes":""},"categories":[38],"tags":[],"class_list":["post-32480","post","type-post","status-publish","format-standard","has-post-thumbnail","hentry","category-regional"],"jetpack_featured_media_url":"https:\/\/radiorevelacionfm.cl\/wp-content\/uploads\/2022\/12\/Barcaza-La-Tehuelche-1-1.jpg","_links":{"self":[{"href":"https:\/\/radiorevelacionfm.cl\/index.php?rest_route=\/wp\/v2\/posts\/32480","targetHints":{"allow":["GET"]}}],"collection":[{"href":"https:\/\/radiorevelacionfm.cl\/index.php?rest_route=\/wp\/v2\/posts"}],"about":[{"href":"https:\/\/radiorevelacionfm.cl\/index.php?rest_route=\/wp\/v2\/types\/post"}],"author":[{"embeddable":true,"href":"https:\/\/radiorevelacionfm.cl\/index.php?rest_route=\/wp\/v2\/users\/1"}],"replies":[{"embeddable":true,"href":"https:\/\/radiorevelacionfm.cl\/index.php?rest_route=%2Fwp%2Fv2%2Fcomments&post=32480"}],"version-history":[{"count":1,"href":"https:\/\/radiorevelacionfm.cl\/index.php?rest_route=\/wp\/v2\/posts\/32480\/revisions"}],"predecessor-version":[{"id":32481,"href":"https:\/\/radiorevelacionfm.cl\/index.php?rest_route=\/wp\/v2\/posts\/32480\/revisions\/32481"}],"wp:featuredmedia":[{"embeddable":true,"href":"https:\/\/radiorevelacionfm.cl\/index.php?rest_route=\/wp\/v2\/media\/24961"}],"wp:attachment":[{"href":"https:\/\/radiorevelacionfm.cl\/index.php?rest_route=%2Fwp%2Fv2%2Fmedia&parent=32480"}],"wp:term":[{"taxonomy":"category","embeddable":true,"href":"https:\/\/radiorevelacionfm.cl\/index.php?rest_route=%2Fwp%2Fv2%2Fcategories&post=32480"},{"taxonomy":"post_tag","embeddable":true,"href":"https:\/\/radiorevelacionfm.cl\/index.php?rest_route=%2Fwp%2Fv2%2Ftags&post=32480"}],"curies":[{"name":"wp","href":"https:\/\/api.w.org\/{rel}","templated":true}]}}