{"id":32476,"date":"2023-07-01T11:26:34","date_gmt":"2023-07-01T14:26:34","guid":{"rendered":"https:\/\/radiorevelacionfm.cl\/?p=32476"},"modified":"2023-07-01T12:35:13","modified_gmt":"2023-07-01T15:35:13","slug":"nodo-laboratorios-naturales-subantarticos-oportunidad-para-la-ciencia-con-pertinencia-territorial-e-impacto-global","status":"publish","type":"post","link":"https:\/\/radiorevelacionfm.cl\/?p=32476","title":{"rendered":"Nodo Laboratorios Naturales Subant\u00e1rticos: Oportunidad para la ciencia con pertinencia territorial e impacto global"},"content":{"rendered":"<div class=\"flex_column av_one_full  flex_column_div av-zero-column-padding first  avia-builder-el-0  el_before_av_one_full  avia-builder-el-first  \" style='border-radius:0px; '><div  class='avia-image-container  av-styling-    avia-builder-el-1  avia-builder-el-no-sibling  avia-align-center '  itemprop=\"image\" itemscope=\"itemscope\" itemtype=\"https:\/\/schema.org\/ImageObject\"  ><div class='avia-image-container-inner'><div class='avia-image-overlay-wrap'><img decoding=\"async\" class='wp-image-32478 avia-img-lazy-loading-not-32478 avia_image' src=\"https:\/\/radiorevelacionfm.cl\/wp-content\/uploads\/2023\/06\/g-exploradores-_irarrazaval-2_optimized.jpg\" alt='' title='g-exploradores-_irarrazaval-2_optimized' height=\"600\" width=\"904\"  itemprop=\"thumbnailUrl\" srcset=\"https:\/\/radiorevelacionfm.cl\/wp-content\/uploads\/2023\/06\/g-exploradores-_irarrazaval-2_optimized.jpg 904w, https:\/\/radiorevelacionfm.cl\/wp-content\/uploads\/2023\/06\/g-exploradores-_irarrazaval-2_optimized-300x199.jpg 300w, https:\/\/radiorevelacionfm.cl\/wp-content\/uploads\/2023\/06\/g-exploradores-_irarrazaval-2_optimized-768x510.jpg 768w, https:\/\/radiorevelacionfm.cl\/wp-content\/uploads\/2023\/06\/g-exploradores-_irarrazaval-2_optimized-705x468.jpg 705w, https:\/\/radiorevelacionfm.cl\/wp-content\/uploads\/2023\/06\/g-exploradores-_irarrazaval-2_optimized-450x299.jpg 450w, https:\/\/radiorevelacionfm.cl\/wp-content\/uploads\/2023\/06\/g-exploradores-_irarrazaval-2_optimized-600x398.jpg 600w\" sizes=\"(max-width: 904px) 100vw, 904px\" \/><\/div><\/div><\/div><\/div>\n<div class=\"flex_column av_one_full  flex_column_div av-zero-column-padding first  avia-builder-el-2  el_after_av_one_full  el_before_av_one_full  column-top-margin\" style='border-radius:0px; '><section class=\"av_textblock_section \"  itemscope=\"itemscope\" itemtype=\"https:\/\/schema.org\/BlogPosting\" itemprop=\"blogPost\" ><div class='avia_textblock  '   itemprop=\"text\" ><p style=\"text-align: center;\"><strong><span style=\"font-size: 18pt;\">Nodo Laboratorios Naturales Subant\u00e1rticos: Oportunidad para la ciencia con pertinencia territorial e impacto global<\/span><\/strong><\/p>\n<div id=\"gtx-trans\" style=\"position: absolute; left: -50px; top: 4.31534px;\">\n<div class=\"gtx-trans-icon\"><\/div>\n<\/div>\n<\/div><\/section><\/div>\n<div class=\"flex_column av_one_full  flex_column_div av-zero-column-padding first  avia-builder-el-4  el_after_av_one_full  el_before_av_hr  column-top-margin\" style='border-radius:0px; '><section class=\"av_textblock_section \"  itemscope=\"itemscope\" itemtype=\"https:\/\/schema.org\/BlogPosting\" itemprop=\"blogPost\" ><div class='avia_textblock  '   itemprop=\"text\" ><p style=\"text-align: justify;\">Los laboratorios naturales son entendidos como lugares geogr\u00e1ficamente delimitados con atributos \u00fanicos en el planeta, en los cuales es posible estudiar procesos naturales, tanto geol\u00f3gicos como biol\u00f3gicos, desde m\u00faltiples disciplinas cient\u00edficas. Debido a la diversidad de ecosistemas y singularidades presentes en Chile, es posible encontrar en el territorio distintos laboratorios naturales.<\/p>\n<p style=\"text-align: justify;\">El proyecto <strong>Nodo Laboratorios Naturales Subant\u00e1rticos<\/strong> (Nodo LNS) tuvo una duraci\u00f3n de 16 meses, en los cuales su principal objetivo fue promover la actividad cient\u00edfica para el desarrollo de los Laboratorios Naturales Subant\u00e1rticos a trav\u00e9s de la articulaci\u00f3n de una red colaborativa de actores del ecosistema de de Ciencia, Tecnolog\u00eda, Conocimiento e Innovaci\u00f3n (CTCi)<\/p>\n<p style=\"text-align: justify;\">Esta iniciativa ha estado fuertemente vinculada al trabajo desarrollado por el Nodo Ciencia Austral, quienes desde su quehacer como Nodo Macrozonal, buscan identificar y validar brechas para el correcto desarrollo cient\u00edfico-tecnol\u00f3gico de cada macrozona del pa\u00eds, tal como las ha definido el Ministerio de Ciencia desde su creaci\u00f3n, estableciendo prioridades en torno a necesidades o \u00e1reas espec\u00edficas, desarrollando y proponiendo una Hoja de Ruta para abordarlas.<\/p>\n<p style=\"text-align: justify;\">El Nodo LNS<strong>, <\/strong>abarc\u00f3 los ecosistemas m\u00e1s australes del planeta, administrativamente, esto comprende los territorios de las regiones de Ays\u00e9n y Magallanes. Dentro los principales alcances de la iniciativa, se destacan la confecci\u00f3n de una <strong>Hoja de Ruta, <\/strong>que mediante un proceso participativo con diversos actores locales, ha logrado establecer iniciativas cient\u00edficas para desarrollar en el corto, mediano y largo plazo. Otro resultado relevante es el dise\u00f1o y construcci\u00f3n de un prototipo de soporte tecnol\u00f3gico, denominado <strong>Geoportal<\/strong>, el que permite visualizar, editar datos e informaci\u00f3n cient\u00edfica as\u00ed como los productos estrat\u00e9gicos del proyecto con acceso directo al p\u00fablico.<\/p>\n<p style=\"text-align: justify;\">El desarrollo de esta iniciativa fue de car\u00e1cter participativo y permiti\u00f3 conformar una red de investigadores y actores en los territorios (comunidades locales) para involucrar a la mayor parte de la sociedad en la generaci\u00f3n de conocimiento y herramientas de planificaci\u00f3n de ciencia de impacto global con pertinencia territorial.<\/p>\n<p style=\"text-align: justify;\">El Nodo LNS abord\u00f3 4 sitios pilotos que son: <strong>Isla Madre de Dios y Cabo de Hornos, en la regi\u00f3n de Magallanes y en la regi\u00f3n de Ays\u00e9n comprendi\u00f3 los sitios Pitipalena- A\u00f1ihu\u00e9 y Laguna San Rafael<\/strong><\/p>\n<p style=\"text-align: justify;\">El equipo de trabajo se compuso de personas investigadoras y profesionales de variadas instituciones y disciplinas, quienes nutren el trabajo con diferentes capacidades, habilidades y experiencias.<\/p>\n<p style=\"text-align: justify;\"><strong>Laura S\u00e1nchez Jard\u00f3n, ec\u00f3loga de la Universidad de Magallanes y directora del Nodo LNS <\/strong>se\u00f1ala que con este proyecto se logr\u00f3 aunar a un gran n\u00famero de investigadores que trabaja en Ays\u00e9n y Magallanes, mediante el desarrollo de talleres, di\u00e1logos, seminarios y trabajos colaborativos, presenciales y virtuales, con el fin de vincularse con los territorios.<\/p>\n<p style=\"text-align: justify;\">\u201cTrabajar en este nodo nos permiti\u00f3 desarrollar un espacio de confianza y colaboraci\u00f3n entre un gran n\u00famero de investigadores que actualmente est\u00e1n trabajando en ciencia \u2013 tecnolog\u00eda, para as\u00ed poder conectarnos, conocernos y trabajar juntos por objetivos comunes\u201d.<\/p>\n<p style=\"text-align: justify;\"><strong><u>Hoja de ruta y Geoportal<\/u><\/strong><\/p>\n<p style=\"text-align: justify;\">Laura Sanchez Jard\u00f3n, enfatiz\u00f3 que estos dos productos son claves para continuar trabajando en los territorios. \u201cNuestra Hoja de Ruta tiene una visi\u00f3n compartida de futuro, ya que contiene una serie de iniciativas y proyectos para continuar con el espacio colaborativo. En segundo lugar, se cre\u00f3 una plataforma inform\u00e1tica que se llama Geoportal, que es un espacio virtual para compartir datos e informaci\u00f3n entre los cient\u00edficos y tambi\u00e9n de \u00e9stos con las comunidades locales, lo que incluye adem\u00e1s de acad\u00e9micos y educadores a agrupaciones sociales, municipios y otros actores del sector p\u00fablico y del privado-productivo\u201d.<\/p>\n<p style=\"text-align: justify;\"><strong>El<\/strong> <strong>soci\u00f3logo y coordinador de la Hoja de Ruta, Patricio Padilla,<\/strong> quien es profesional del Instituto de Desarrollo Local y Regional de la Universidad de la Frontera, se\u00f1al\u00f3 que la Hoja de Ruta es un producto transversal y com\u00fan a todos los proyectos de los Laboratorios Naturales en Chile. \u201cLo que se intenta hacer es administrar de una manera racional y estrat\u00e9gica los anhelos, expectativas y objetivos. Mi rol fue coordinar metodol\u00f3gicamente\u201d.<\/p>\n<p style=\"text-align: justify;\">Por otro lado, <strong>Andr\u00e9s Adiego investigador del Centro de investigaci\u00f3n en Ecosistemas de la Patagonia (CIEP) y l\u00edder de los aspectos t\u00e9cnicos de la Comisi\u00f3n Sistemas de Monitoreo<\/strong> expres\u00f3 que la Hoja de Ruta fue un instrumento fundamental para poder implementar todas las iniciativas que salieron en el marco del proyecto. \u201cEsta Hoja de Ruta consider\u00f3 la participaci\u00f3n de las localidades y la ciudadan\u00eda a la hora de su desarrollo, dise\u00f1o de planes de acci\u00f3n y de investigaci\u00f3n asociada\u201d, dijo Adiego.<\/p>\n<p style=\"text-align: justify;\"><strong>Trace Gale, investigadora del CIEP y coordinadora del trabajo asociado al equipo Sistemas de Monitoreo<\/strong>, apunt\u00f3 que el proyecto Nodo de Laboratorios Naturales en general y especialmente en la Macrozona Austral fue muy relevante. Seg\u00fan la cient\u00edfica, estos avances han brindado una oportunidad de acercar la ciencia a las comunidades y desarrollar conversaciones en torno a c\u00f3mo se pueden articular, integrar acciones y desarrollar planes.<\/p>\n<p style=\"text-align: justify;\">Adem\u00e1s, los resultados del proyecto son un espacio donde todos pueden acercarse al territorio, compartir y acceder a la informaci\u00f3n que existe. \u201cPor ejemplo, los cient\u00edficos pueden compartir los datos de sus investigaciones y ponerlo al uso de los servicios p\u00fablicos y viceversa. Entonces, conceptualmente el Geoportal podr\u00eda solucionar y brindar un espacio muy importante para la comunicaci\u00f3n y colaboraci\u00f3n cient\u00edfica\u201d, destac\u00f3 Gale.<\/p>\n<p style=\"text-align: justify;\"><strong>Ronald Cancino, antrop\u00f3logo, doctor en Ciencias Sociales de la Universidad Frontera y l\u00edder del trabajo desarrollado por la Comisi\u00f3n Diagn\u00f3stico <\/strong>se\u00f1al\u00f3 que lo primero fue la construcci\u00f3n de una red de actores institucionales e\u00a0 investigadores y actores del entorno, el cual fue muy valorable.<\/p>\n<p style=\"text-align: justify;\">Sobre el geoportal, el antrop\u00f3logo declar\u00f3 que esta herramienta de gesti\u00f3n de informaci\u00f3n territorializada, es una herramienta \u00fanica, bastante potente, que permite sistematizar datos y poner en com\u00fan informaci\u00f3n para una diversidad de actores, adem\u00e1s de permitir abrir un espacio participativo para la caracterizaci\u00f3n de entornos territoriales.<\/p>\n<p style=\"text-align: justify;\">Uno de los puntos que m\u00e1s destaca es la articulaci\u00f3n entre el an\u00e1lisis de capacidades cient\u00edficas. \u201cMe parece que eso que fue un trabajo germinal, es muy potente de potenciar, ya que en el futuro esa articulaci\u00f3n y la herramienta geoportal como tal, ser\u00e1 clave para que distintos actores, no s\u00f3lo cient\u00edficos, sino actores que necesiten mirar pol\u00edticas p\u00fablicas y que requiera monitorear el estado de desarrollo en diversas materias\u201d, apunta Cancino.<\/p>\n<p style=\"text-align: justify;\"><strong><u>De la mano con la comunidad<\/u><\/strong><\/p>\n<p style=\"text-align: justify;\">Para la directora del Nodo, Laura S\u00e1nchez Jard\u00f3n, este proyecto permiti\u00f3 empezar a crear un espacio de confianza y colaboraci\u00f3n entre el gran n\u00famero de investigadores que actualmente est\u00e1n trabajando en ciencia y tecnolog\u00eda en las regiones de Ays\u00e9n o en la de Magallanes. \u201cHa sido una experiencia y una oportunidad para intercambiar ideas y elaborar propuestas para desarrollar una ciencia que tenga mayor pertinencia territorial, es decir, un mayor impacto en el desarrollo de los territorios\u201d.<\/p>\n<p style=\"text-align: justify;\">Adem\u00e1s, el Dr. Cancino vi\u00f3 el proyecto como una oportunidad que surge de una propuesta conceptual y metodol\u00f3gica que es la construcci\u00f3n de agendas territoriales, de CTCI. \u201cEsta propuesta consisti\u00f3 en el fondo en hacer un trabajo sistem\u00e1tico o emp\u00edrico de identificaci\u00f3n de requerimientos, demandas, brechas que existen en comunidades locales y articular desde all\u00ed cu\u00e1les son las capacidades cient\u00edficas que podr\u00edan dar respuesta a esos requerimientos.\u201d<\/p>\n<p style=\"text-align: justify;\"><strong>Lorna Moldenhauer, coordinadora de la iniciativa en Ays\u00e9n, <\/strong>destac\u00f3 que el trabajo desarrollado fue muy relevante, porque permiti\u00f3 vincular a otros grupos de actores claves diferentes a los acad\u00e9micos. \u201cEl enfoque que ha tenido el desarrollo del proyecto est\u00e1 en la pertinencia territorial y precisamente poder vincular actores de la sociedad civil que viven en localidades muy aisladas y que han podido participar tanto de las actividades telem\u00e1ticas como presenciales que se han ejecutado durante los meses de ejecuci\u00f3n\u201d.<\/p>\n<p style=\"text-align: justify;\"><strong>Carla Henr\u00edquez, coordinadora de la iniciativa en Magallanes, <\/strong>enfatiz\u00f3 que \u00e9ste permiti\u00f3 identificar los principales desaf\u00edos y oportunidades que presentan estos territorios australes en cuanto a la investigaci\u00f3n cient\u00edfica, la tecnolog\u00eda o el conocimiento en general. \u201cEste fue un proyecto que, desde su inicio, buscaba el trabajo colaborativo e integrativo de los distintos actores involucrados en la CTCi\u201d. Adem\u00e1s, relev\u00f3 que lo que se intent\u00f3 fue fortalecer su participaci\u00f3n de los distintos actores en los procesos de planificaci\u00f3n de la actividad cient\u00edfica.<\/p>\n<p style=\"text-align: justify;\">El proyecto \u201cRed colaborativa para el desarrollo de los Laboratorios Naturales Subant\u00e1rticos, enfocado en el fortalecimiento de la investigaci\u00f3n cient\u00edfica y sus impactos socioambientales y econ\u00f3micos en la Macrozona Austral\u201d, fue adjudicado en el concurso \u201cNodos para el Desarrollo en Investigaci\u00f3n de Laboratorios Naturales en Chile, Convocatoria 2021\u201d, de la Subdirecci\u00f3n de Redes, Estrategia y Conocimiento de la Agencia Nacional de Investigaci\u00f3n y Desarrollo (ANID), en el que se empezaron a desarrollar tambi\u00e9n otros Laboratorios Naturales en el pa\u00eds, como Desierto, Oc\u00e9ano y Monta\u00f1a.<\/p>\n<p style=\"text-align: justify;\">Las entidades ejecutoras fueron la Universidad de Magallanes, el Centro de Investigaci\u00f3n en Ecosistemas de la Patagonia (CIEP), la Universidad de Ays\u00e9n, la Pontificia Universidad Cat\u00f3lica de Chile y la Universidad de la Frontera.<\/p>\n<\/div><\/section><\/div><div  style='height:50px' class='hr hr-invisible   avia-builder-el-6  el_after_av_one_full  el_before_av_social_share '><span class='hr-inner ' ><span class='hr-inner-style'><\/span><\/span><\/div><\/p>\n<div  class='av-social-sharing-box  avia-builder-el-7  el_after_av_hr  el_before_av_hr  '><div class='av-share-box'><h5 class='av-share-link-description av-no-toc '>Compartir esta noticia<\/h5><ul class='av-share-box-list noLightbox'><li class='av-share-link av-social-link-facebook' ><a target=\"_blank\" aria-label=\"Compartir en Facebook\" href='https:\/\/www.facebook.com\/sharer.php?u=https:\/\/radiorevelacionfm.cl\/?p=32476&#038;t=Nodo%20Laboratorios%20Naturales%20Subant%C3%A1rticos%3A%20Oportunidad%20para%20la%20ciencia%20con%20pertinencia%20territorial%20e%20impacto%20global' aria-hidden='false' data-av_icon='\ue8f3' data-av_iconfont='entypo-fontello' title='' data-avia-related-tooltip='Compartir en Facebook' rel=\"noopener\"><span class='avia_hidden_link_text'>Compartir en Facebook<\/span><\/a><\/li><li class='av-share-link av-social-link-twitter' ><a target=\"_blank\" aria-label=\"Compartir en Twitter\" href='https:\/\/twitter.com\/share?text=Nodo%20Laboratorios%20Naturales%20Subant%C3%A1rticos%3A%20Oportunidad%20para%20la%20ciencia%20con%20pertinencia%20territorial%20e%20impacto%20global&#038;url=https:\/\/radiorevelacionfm.cl\/?p=32476' aria-hidden='false' data-av_icon='\ue8f1' data-av_iconfont='entypo-fontello' title='' data-avia-related-tooltip='Compartir en Twitter' rel=\"noopener\"><span class='avia_hidden_link_text'>Compartir en Twitter<\/span><\/a><\/li><li class='av-share-link av-social-link-whatsapp' ><a target=\"_blank\" aria-label=\"Compartir en Whatsapp\" href='https:\/\/api.whatsapp.com\/send?text=https:\/\/radiorevelacionfm.cl\/?p=32476' aria-hidden='false' data-av_icon='\uf232' data-av_iconfont='entypo-fontello' title='' data-avia-related-tooltip='Compartir en Whatsapp' rel=\"noopener\"><span class='avia_hidden_link_text'>Compartir en Whatsapp<\/span><\/a><\/li><li class='av-share-link av-social-link-linkedin' ><a target=\"_blank\" aria-label=\"Compartir en LinkedIn\" href='https:\/\/linkedin.com\/shareArticle?mini=true&#038;title=Nodo%20Laboratorios%20Naturales%20Subant%C3%A1rticos%3A%20Oportunidad%20para%20la%20ciencia%20con%20pertinencia%20territorial%20e%20impacto%20global&#038;url=https:\/\/radiorevelacionfm.cl\/?p=32476' aria-hidden='false' data-av_icon='\ue8fc' data-av_iconfont='entypo-fontello' title='' data-avia-related-tooltip='Compartir en LinkedIn' rel=\"noopener\"><span class='avia_hidden_link_text'>Compartir en LinkedIn<\/span><\/a><\/li><li class='av-share-link av-social-link-mail' ><a  aria-label=\"Compartir por correo\" href='mailto:?subject=Nodo%20Laboratorios%20Naturales%20Subant%C3%A1rticos%3A%20Oportunidad%20para%20la%20ciencia%20con%20pertinencia%20territorial%20e%20impacto%20global&#038;body=https:\/\/radiorevelacionfm.cl\/?p=32476' aria-hidden='false' data-av_icon='\ue805' data-av_iconfont='entypo-fontello' title='' data-avia-related-tooltip='Compartir por correo'><span class='avia_hidden_link_text'>Compartir por correo<\/span><\/a><\/li><\/ul><\/div><\/div>\n<div  style='height:50px' class='hr hr-invisible   avia-builder-el-8  el_after_av_social_share  el_before_av_comments_list '><span class='hr-inner ' ><span class='hr-inner-style'><\/span><\/span><\/div>\n<div  class='av-buildercomment  av-blog-meta-html-info-disabled av-blog-meta-tag-disabled  '><\/div>\n","protected":false},"excerpt":{"rendered":"","protected":false},"author":1,"featured_media":32478,"comment_status":"open","ping_status":"open","sticky":false,"template":"","format":"standard","meta":{"footnotes":""},"categories":[53],"tags":[],"class_list":["post-32476","post","type-post","status-publish","format-standard","has-post-thumbnail","hentry","category-ciencia"],"jetpack_featured_media_url":"https:\/\/radiorevelacionfm.cl\/wp-content\/uploads\/2023\/06\/g-exploradores-_irarrazaval-2_optimized.jpg","_links":{"self":[{"href":"https:\/\/radiorevelacionfm.cl\/index.php?rest_route=\/wp\/v2\/posts\/32476","targetHints":{"allow":["GET"]}}],"collection":[{"href":"https:\/\/radiorevelacionfm.cl\/index.php?rest_route=\/wp\/v2\/posts"}],"about":[{"href":"https:\/\/radiorevelacionfm.cl\/index.php?rest_route=\/wp\/v2\/types\/post"}],"author":[{"embeddable":true,"href":"https:\/\/radiorevelacionfm.cl\/index.php?rest_route=\/wp\/v2\/users\/1"}],"replies":[{"embeddable":true,"href":"https:\/\/radiorevelacionfm.cl\/index.php?rest_route=%2Fwp%2Fv2%2Fcomments&post=32476"}],"version-history":[{"count":4,"href":"https:\/\/radiorevelacionfm.cl\/index.php?rest_route=\/wp\/v2\/posts\/32476\/revisions"}],"predecessor-version":[{"id":32560,"href":"https:\/\/radiorevelacionfm.cl\/index.php?rest_route=\/wp\/v2\/posts\/32476\/revisions\/32560"}],"wp:featuredmedia":[{"embeddable":true,"href":"https:\/\/radiorevelacionfm.cl\/index.php?rest_route=\/wp\/v2\/media\/32478"}],"wp:attachment":[{"href":"https:\/\/radiorevelacionfm.cl\/index.php?rest_route=%2Fwp%2Fv2%2Fmedia&parent=32476"}],"wp:term":[{"taxonomy":"category","embeddable":true,"href":"https:\/\/radiorevelacionfm.cl\/index.php?rest_route=%2Fwp%2Fv2%2Fcategories&post=32476"},{"taxonomy":"post_tag","embeddable":true,"href":"https:\/\/radiorevelacionfm.cl\/index.php?rest_route=%2Fwp%2Fv2%2Ftags&post=32476"}],"curies":[{"name":"wp","href":"https:\/\/api.w.org\/{rel}","templated":true}]}}