{"id":32473,"date":"2023-06-29T12:14:12","date_gmt":"2023-06-29T15:14:12","guid":{"rendered":"https:\/\/radiorevelacionfm.cl\/?p=32473"},"modified":"2023-06-29T12:14:12","modified_gmt":"2023-06-29T15:14:12","slug":"abierta-convocatoria-para-escuela-de-lideres-politicas-y-sociales-2023","status":"publish","type":"post","link":"https:\/\/radiorevelacionfm.cl\/?p=32473","title":{"rendered":"Abierta convocatoria para Escuela de L\u00edderes Pol\u00edticas y Sociales 2023"},"content":{"rendered":"<div class=\"flex_column av_one_full  flex_column_div av-zero-column-padding first  avia-builder-el-0  el_before_av_one_full  avia-builder-el-first  \" style='border-radius:0px; '><div  class='avia-image-container  av-styling-    avia-builder-el-1  avia-builder-el-no-sibling  avia-align-center '  itemprop=\"image\" itemscope=\"itemscope\" itemtype=\"https:\/\/schema.org\/ImageObject\"  ><div class='avia-image-container-inner'><div class='avia-image-overlay-wrap'><img decoding=\"async\" class='wp-image-32474 avia-img-lazy-loading-not-32474 avia_image' src=\"https:\/\/radiorevelacionfm.cl\/wp-content\/uploads\/2023\/06\/image-121-2.jpg\" alt='' title='image-121-2' height=\"600\" width=\"646\"  itemprop=\"thumbnailUrl\" srcset=\"https:\/\/radiorevelacionfm.cl\/wp-content\/uploads\/2023\/06\/image-121-2.jpg 646w, https:\/\/radiorevelacionfm.cl\/wp-content\/uploads\/2023\/06\/image-121-2-300x279.jpg 300w, https:\/\/radiorevelacionfm.cl\/wp-content\/uploads\/2023\/06\/image-121-2-450x418.jpg 450w, https:\/\/radiorevelacionfm.cl\/wp-content\/uploads\/2023\/06\/image-121-2-600x557.jpg 600w\" sizes=\"(max-width: 646px) 100vw, 646px\" \/><\/div><\/div><\/div><\/div><div class=\"flex_column av_one_full  flex_column_div av-zero-column-padding first  avia-builder-el-2  el_after_av_one_full  el_before_av_one_full  column-top-margin\" style='border-radius:0px; '><section class=\"av_textblock_section \"  itemscope=\"itemscope\" itemtype=\"https:\/\/schema.org\/BlogPosting\" itemprop=\"blogPost\" ><div class='avia_textblock  '   itemprop=\"text\" ><p style=\"text-align: center;\"><strong><span style=\"font-size: 18pt;\">Abierta convocatoria para Escuela de L\u00edderes Pol\u00edticas y Sociales 2023<\/span><\/strong><\/p>\n<div id=\"gtx-trans\" style=\"position: absolute; left: -50px; top: 4.31534px;\">\n<div class=\"gtx-trans-icon\"><\/div>\n<\/div>\n<\/div><\/section><\/div><div class=\"flex_column av_one_full  flex_column_div av-zero-column-padding first  avia-builder-el-4  el_after_av_one_full  el_before_av_hr  column-top-margin\" style='border-radius:0px; '><section class=\"av_textblock_section \"  itemscope=\"itemscope\" itemtype=\"https:\/\/schema.org\/BlogPosting\" itemprop=\"blogPost\" ><div class='avia_textblock  '   itemprop=\"text\" ><p style=\"text-align: justify;\">Desde este 28 de junio y hasta el 12 de julio, el Servicio Nacional de la Mujer y la Equidad de g\u00e9nero estar\u00e1 abierta la convocatoria para postular a la Escuela de L\u00edderes Pol\u00edticas y Sociales 2023 a trav\u00e9s de este <a href=\"https:\/\/app.sernam.cl\/form\/2023\/pmpps\/escuelas\/\">link<\/a><\/p>\n<p style=\"text-align: justify;\">El espacio est\u00e1 dirigido a mujeres de todo el pa\u00eds, desde los 15 a\u00f1os en adelante y que sean parte de una organizaci\u00f3n o que tengan intenci\u00f3n de pertenecer a una, y que, a su vez, quieran fortalecer sus habilidades de liderazgo.<\/p>\n<p style=\"text-align: justify;\">Las clases se desarrollar\u00e1n en <em>e-learnning<\/em>, y contar\u00e1 con cinco m\u00f3dulos (asincr\u00f3nicos) los cuales estar\u00e1n disponibles en plataforma virtual las 24 horas, los siete d\u00edas de la semana. Cada uno de los m\u00f3dulos de la Escuela se iniciar\u00e1 con una clase sincr\u00f3nica para presentar los contenidos que se abordar\u00e1n. La Escuela considera aproximadamente 40 horas entre los meses de agosto y septiembre.<\/p>\n<p style=\"text-align: justify;\">\u201cDesde el SernamEG no interesa seguir apoyando la participaci\u00f3n de las mujeres en los espacios de poder y de toma de decisiones. Las cifras siguen evidenciando una importante brecha de g\u00e9nero en t\u00e9rminos de representatividad. El prop\u00f3sito de la Escuela es potenciar el liderazgo de la diversidad de mujeres y contribuir en su participaci\u00f3n en todos los territorios\u00a0y \u00e1mbitos de la sociedad\u201d, sostuvo la Directora Nacional del SernamEG, Priscilla Carrasco Pizarro.<\/p>\n<p style=\"text-align: justify;\">Por su parte, la Directora Regional (S) de SernamEG, Marta Godoy Carvajal, dijo: \u201cDestacamos la alta participaci\u00f3n de las lideresas en las anteriores escuelas que hemos realizado. Es importante recordar que este a\u00f1o pueden ser parte, adolescentes desde los 15 a\u00f1os en adelante y las clases son virtuales por lo que hacemos un llamado a las j\u00f3venes y mujeres de la regi\u00f3n de Ays\u00e9n a que postulen, porque la distancia no es un impedimento para ser parte\u00a0de\u00a0la\u00a0Escuela\u00bb.<\/p>\n<p style=\"text-align: justify;\"><strong>Postulaciones<\/strong><\/p>\n<p style=\"text-align: justify;\">El objetivo de la Escuela es contribuir a la capacitaci\u00f3n de las mujeres en el desarrollo de competencias y habilidades que potencien liderazgos efectivos en espacios de toma de decisi\u00f3n social y pol\u00edtica. De esta forma, las mujeres pueden compartir estrategias de influencia, redes de contactos y la posibilidad de crear comunidades en sus regiones, adem\u00e1s de recibir informaci\u00f3n para un uso \u00f3ptimo de las redes sociales y TICS en general.<\/p>\n<p style=\"text-align: justify;\">Las mujeres interesadas deben postular con la ficha de postulaci\u00f3n disponible en el link. Los resultados del proceso de selecci\u00f3n a la Escuela de L\u00edderes Pol\u00edticas y Sociales del SernamEG 2023, estar\u00e1n disponibles desde la \u00faltima semana de julio para iniciar las clases en el mes de agosto. Las participantes seleccionadas recibir\u00e1n un correo electr\u00f3nico con la confirmaci\u00f3n de su participaci\u00f3n.Para realizar consultas se dispuso el correo mujeryparticipacion@sernameg.gob.cl<\/p>\n<p style=\"text-align: justify;\">Es importante precisar que los cupos son limitados, por lo que la postulaci\u00f3n a la Escuela no implica autom\u00e1ticamente su selecci\u00f3n.<\/p>\n<\/div><\/section><\/div><div  style='height:50px' class='hr hr-invisible   avia-builder-el-6  el_after_av_one_full  el_before_av_social_share '><span class='hr-inner ' ><span class='hr-inner-style'><\/span><\/span><\/div><\/p>\n<div  class='av-social-sharing-box  avia-builder-el-7  el_after_av_hr  el_before_av_hr  '><div class='av-share-box'><h5 class='av-share-link-description av-no-toc '>Compartir esta noticia<\/h5><ul class='av-share-box-list noLightbox'><li class='av-share-link av-social-link-facebook' ><a target=\"_blank\" aria-label=\"Compartir en Facebook\" href='https:\/\/www.facebook.com\/sharer.php?u=https:\/\/radiorevelacionfm.cl\/?p=32473&#038;t=Abierta%20convocatoria%20para%20Escuela%20de%20L%C3%ADderes%20Pol%C3%ADticas%20y%20Sociales%202023' aria-hidden='false' data-av_icon='\ue8f3' data-av_iconfont='entypo-fontello' title='' data-avia-related-tooltip='Compartir en Facebook' rel=\"noopener\"><span class='avia_hidden_link_text'>Compartir en Facebook<\/span><\/a><\/li><li class='av-share-link av-social-link-twitter' ><a target=\"_blank\" aria-label=\"Compartir en Twitter\" href='https:\/\/twitter.com\/share?text=Abierta%20convocatoria%20para%20Escuela%20de%20L%C3%ADderes%20Pol%C3%ADticas%20y%20Sociales%202023&#038;url=https:\/\/radiorevelacionfm.cl\/?p=32473' aria-hidden='false' data-av_icon='\ue8f1' data-av_iconfont='entypo-fontello' title='' data-avia-related-tooltip='Compartir en Twitter' rel=\"noopener\"><span class='avia_hidden_link_text'>Compartir en Twitter<\/span><\/a><\/li><li class='av-share-link av-social-link-whatsapp' ><a target=\"_blank\" aria-label=\"Compartir en Whatsapp\" href='https:\/\/api.whatsapp.com\/send?text=https:\/\/radiorevelacionfm.cl\/?p=32473' aria-hidden='false' data-av_icon='\uf232' data-av_iconfont='entypo-fontello' title='' data-avia-related-tooltip='Compartir en Whatsapp' rel=\"noopener\"><span class='avia_hidden_link_text'>Compartir en Whatsapp<\/span><\/a><\/li><li class='av-share-link av-social-link-linkedin' ><a target=\"_blank\" aria-label=\"Compartir en LinkedIn\" href='https:\/\/linkedin.com\/shareArticle?mini=true&#038;title=Abierta%20convocatoria%20para%20Escuela%20de%20L%C3%ADderes%20Pol%C3%ADticas%20y%20Sociales%202023&#038;url=https:\/\/radiorevelacionfm.cl\/?p=32473' aria-hidden='false' data-av_icon='\ue8fc' data-av_iconfont='entypo-fontello' title='' data-avia-related-tooltip='Compartir en LinkedIn' rel=\"noopener\"><span class='avia_hidden_link_text'>Compartir en LinkedIn<\/span><\/a><\/li><li class='av-share-link av-social-link-mail' ><a  aria-label=\"Compartir por correo\" href='mailto:?subject=Abierta%20convocatoria%20para%20Escuela%20de%20L%C3%ADderes%20Pol%C3%ADticas%20y%20Sociales%202023&#038;body=https:\/\/radiorevelacionfm.cl\/?p=32473' aria-hidden='false' data-av_icon='\ue805' data-av_iconfont='entypo-fontello' title='' data-avia-related-tooltip='Compartir por correo'><span class='avia_hidden_link_text'>Compartir por correo<\/span><\/a><\/li><\/ul><\/div><\/div>\n<div  style='height:50px' class='hr hr-invisible   avia-builder-el-8  el_after_av_social_share  el_before_av_comments_list '><span class='hr-inner ' ><span class='hr-inner-style'><\/span><\/span><\/div>\n<div  class='av-buildercomment  av-blog-meta-html-info-disabled av-blog-meta-tag-disabled  '><\/div>\n","protected":false},"excerpt":{"rendered":"","protected":false},"author":1,"featured_media":32474,"comment_status":"open","ping_status":"open","sticky":false,"template":"","format":"standard","meta":{"footnotes":""},"categories":[38],"tags":[],"class_list":["post-32473","post","type-post","status-publish","format-standard","has-post-thumbnail","hentry","category-regional"],"jetpack_featured_media_url":"https:\/\/radiorevelacionfm.cl\/wp-content\/uploads\/2023\/06\/image-121-2.jpg","_links":{"self":[{"href":"https:\/\/radiorevelacionfm.cl\/index.php?rest_route=\/wp\/v2\/posts\/32473","targetHints":{"allow":["GET"]}}],"collection":[{"href":"https:\/\/radiorevelacionfm.cl\/index.php?rest_route=\/wp\/v2\/posts"}],"about":[{"href":"https:\/\/radiorevelacionfm.cl\/index.php?rest_route=\/wp\/v2\/types\/post"}],"author":[{"embeddable":true,"href":"https:\/\/radiorevelacionfm.cl\/index.php?rest_route=\/wp\/v2\/users\/1"}],"replies":[{"embeddable":true,"href":"https:\/\/radiorevelacionfm.cl\/index.php?rest_route=%2Fwp%2Fv2%2Fcomments&post=32473"}],"version-history":[{"count":1,"href":"https:\/\/radiorevelacionfm.cl\/index.php?rest_route=\/wp\/v2\/posts\/32473\/revisions"}],"predecessor-version":[{"id":32475,"href":"https:\/\/radiorevelacionfm.cl\/index.php?rest_route=\/wp\/v2\/posts\/32473\/revisions\/32475"}],"wp:featuredmedia":[{"embeddable":true,"href":"https:\/\/radiorevelacionfm.cl\/index.php?rest_route=\/wp\/v2\/media\/32474"}],"wp:attachment":[{"href":"https:\/\/radiorevelacionfm.cl\/index.php?rest_route=%2Fwp%2Fv2%2Fmedia&parent=32473"}],"wp:term":[{"taxonomy":"category","embeddable":true,"href":"https:\/\/radiorevelacionfm.cl\/index.php?rest_route=%2Fwp%2Fv2%2Fcategories&post=32473"},{"taxonomy":"post_tag","embeddable":true,"href":"https:\/\/radiorevelacionfm.cl\/index.php?rest_route=%2Fwp%2Fv2%2Ftags&post=32473"}],"curies":[{"name":"wp","href":"https:\/\/api.w.org\/{rel}","templated":true}]}}