{"id":32470,"date":"2023-06-28T22:26:54","date_gmt":"2023-06-29T01:26:54","guid":{"rendered":"https:\/\/radiorevelacionfm.cl\/?p=32470"},"modified":"2023-06-28T22:26:54","modified_gmt":"2023-06-29T01:26:54","slug":"pobladores-de-sectores-rurales-junto-a-diputado-calisto-se-reunen-con-vialidad-por-mal-estado-de-caminos","status":"publish","type":"post","link":"https:\/\/radiorevelacionfm.cl\/?p=32470","title":{"rendered":"Pobladores de sectores rurales junto a diputado Calisto se re\u00fanen con Vialidad por mal estado de caminos"},"content":{"rendered":"<div class=\"flex_column av_one_full  flex_column_div av-zero-column-padding first  avia-builder-el-0  el_before_av_one_full  avia-builder-el-first  \" style='border-radius:0px; '><div  class='avia-image-container  av-styling-    avia-builder-el-1  avia-builder-el-no-sibling  avia-align-center '  itemprop=\"image\" itemscope=\"itemscope\" itemtype=\"https:\/\/schema.org\/ImageObject\"  ><div class='avia-image-container-inner'><div class='avia-image-overlay-wrap'><img decoding=\"async\" class='wp-image-32471 avia-img-lazy-loading-not-32471 avia_image' src=\"https:\/\/radiorevelacionfm.cl\/wp-content\/uploads\/2023\/06\/image-120-2.jpg\" alt='' title='image-120-2' height=\"600\" width=\"1077\"  itemprop=\"thumbnailUrl\" srcset=\"https:\/\/radiorevelacionfm.cl\/wp-content\/uploads\/2023\/06\/image-120-2.jpg 1077w, https:\/\/radiorevelacionfm.cl\/wp-content\/uploads\/2023\/06\/image-120-2-300x167.jpg 300w, https:\/\/radiorevelacionfm.cl\/wp-content\/uploads\/2023\/06\/image-120-2-1030x574.jpg 1030w, https:\/\/radiorevelacionfm.cl\/wp-content\/uploads\/2023\/06\/image-120-2-768x428.jpg 768w, https:\/\/radiorevelacionfm.cl\/wp-content\/uploads\/2023\/06\/image-120-2-705x393.jpg 705w, https:\/\/radiorevelacionfm.cl\/wp-content\/uploads\/2023\/06\/image-120-2-450x251.jpg 450w, https:\/\/radiorevelacionfm.cl\/wp-content\/uploads\/2023\/06\/image-120-2-600x334.jpg 600w\" sizes=\"(max-width: 1077px) 100vw, 1077px\" \/><\/div><\/div><\/div><\/div><div class=\"flex_column av_one_full  flex_column_div av-zero-column-padding first  avia-builder-el-2  el_after_av_one_full  el_before_av_one_full  column-top-margin\" style='border-radius:0px; '><section class=\"av_textblock_section \"  itemscope=\"itemscope\" itemtype=\"https:\/\/schema.org\/BlogPosting\" itemprop=\"blogPost\" ><div class='avia_textblock  '   itemprop=\"text\" ><p style=\"text-align: center;\"><strong><span style=\"font-size: 18pt;\">Pobladores de sectores rurales junto a diputado Calisto se re\u00fanen con Vialidad por mal estado de caminos<\/span><\/strong><\/p>\n<div id=\"gtx-trans\" style=\"position: absolute; left: -50px; top: 4.31534px;\">\n<div class=\"gtx-trans-icon\"><\/div>\n<\/div>\n<\/div><\/section><\/div><div class=\"flex_column av_one_full  flex_column_div av-zero-column-padding first  avia-builder-el-4  el_after_av_one_full  el_before_av_hr  column-top-margin\" style='border-radius:0px; '><section class=\"av_textblock_section \"  itemscope=\"itemscope\" itemtype=\"https:\/\/schema.org\/BlogPosting\" itemprop=\"blogPost\" ><div class='avia_textblock  '   itemprop=\"text\" ><p style=\"text-align: justify;\">El diputado Miguel \u00c1ngel Calisto coordin\u00f3 una reuni\u00f3n entre pobladores de distintos sectores rurales de la regi\u00f3n y funcionarios de vialidad del MOP, con la intenci\u00f3n de abordar el estado de los caminos y los serios problemas de conectividad que afectan a las localidades m\u00e1s aisladas de la regi\u00f3n.<\/p>\n<p style=\"text-align: justify;\">Seg\u00fan el diputado Migue \u00c1ngel Calisto, \u201csostuvimos reuni\u00f3n con pobladores de distintos sectores de la regi\u00f3n de Ays\u00e9n en el Ministerio de Obras P\u00fablicas para abordar planes de mantenci\u00f3n, que son tan importantes para mantener en buen estado los caminos. Lamentablemente, hemos visto que existen rutas que est\u00e1n en p\u00e9simo estado, afectando directamente a la calidad de vida de cientos de familias\u201d.<\/p>\n<p style=\"text-align: justify;\">\u201cQueremos garantizar que los recursos en materia de obras p\u00fablicas y vialidad est\u00e9n bien destinados, como as\u00ed tambi\u00e9n los plazos comprometidos por la autoridad respecto a las mantenciones, adem\u00e1s de la necesidad de puentes mecano y otros elementos que son muy importantes en distintos sectores rurales\u201d, indic\u00f3.<\/p>\n<p style=\"text-align: justify;\">Calisto se\u00f1al\u00f3 que \u201cesta es la cuarta reuni\u00f3n que hemos sostenido con habitantes de sectores rurales y vamos a seguir buscando las garant\u00edas para que se cumpla con lo comprometido por autoridades de obras p\u00fablicas y vialidad\u201d.<\/p>\n<p style=\"text-align: justify;\">Finalmente, Nidia Aguilar, quien vive en el sector del camino a Lago Largo en R\u00edo Pedregoso, indic\u00f3 que \u201cllegamos a la reuni\u00f3n, pero el nuevo directo de vialidad no lleg\u00f3 y la idea es que \u00e9l se interiorizara en nuestros problemas graves que tenemos. Necesitamos soluciones r\u00e1pidas, porque tenemos gente aislada, cerca de 40 familias. El puente nuevo qued\u00f3 votado, porque la empresa quebr\u00f3.<\/p>\n<\/div><\/section><\/div><div  style='height:50px' class='hr hr-invisible   avia-builder-el-6  el_after_av_one_full  el_before_av_social_share '><span class='hr-inner ' ><span class='hr-inner-style'><\/span><\/span><\/div><\/p>\n<div  class='av-social-sharing-box  avia-builder-el-7  el_after_av_hr  el_before_av_hr  '><div class='av-share-box'><h5 class='av-share-link-description av-no-toc '>Compartir esta noticia<\/h5><ul class='av-share-box-list noLightbox'><li class='av-share-link av-social-link-facebook' ><a target=\"_blank\" aria-label=\"Compartir en Facebook\" href='https:\/\/www.facebook.com\/sharer.php?u=https:\/\/radiorevelacionfm.cl\/?p=32470&#038;t=Pobladores%20de%20sectores%20rurales%20junto%20a%20diputado%20Calisto%20se%20re%C3%BAnen%20con%20Vialidad%20por%20mal%20estado%20de%20caminos' aria-hidden='false' data-av_icon='\ue8f3' data-av_iconfont='entypo-fontello' title='' data-avia-related-tooltip='Compartir en Facebook' rel=\"noopener\"><span class='avia_hidden_link_text'>Compartir en Facebook<\/span><\/a><\/li><li class='av-share-link av-social-link-twitter' ><a target=\"_blank\" aria-label=\"Compartir en Twitter\" href='https:\/\/twitter.com\/share?text=Pobladores%20de%20sectores%20rurales%20junto%20a%20diputado%20Calisto%20se%20re%C3%BAnen%20con%20Vialidad%20por%20mal%20estado%20de%20caminos&#038;url=https:\/\/radiorevelacionfm.cl\/?p=32470' aria-hidden='false' data-av_icon='\ue8f1' data-av_iconfont='entypo-fontello' title='' data-avia-related-tooltip='Compartir en Twitter' rel=\"noopener\"><span class='avia_hidden_link_text'>Compartir en Twitter<\/span><\/a><\/li><li class='av-share-link av-social-link-whatsapp' ><a target=\"_blank\" aria-label=\"Compartir en Whatsapp\" href='https:\/\/api.whatsapp.com\/send?text=https:\/\/radiorevelacionfm.cl\/?p=32470' aria-hidden='false' data-av_icon='\uf232' data-av_iconfont='entypo-fontello' title='' data-avia-related-tooltip='Compartir en Whatsapp' rel=\"noopener\"><span class='avia_hidden_link_text'>Compartir en Whatsapp<\/span><\/a><\/li><li class='av-share-link av-social-link-linkedin' ><a target=\"_blank\" aria-label=\"Compartir en LinkedIn\" href='https:\/\/linkedin.com\/shareArticle?mini=true&#038;title=Pobladores%20de%20sectores%20rurales%20junto%20a%20diputado%20Calisto%20se%20re%C3%BAnen%20con%20Vialidad%20por%20mal%20estado%20de%20caminos&#038;url=https:\/\/radiorevelacionfm.cl\/?p=32470' aria-hidden='false' data-av_icon='\ue8fc' data-av_iconfont='entypo-fontello' title='' data-avia-related-tooltip='Compartir en LinkedIn' rel=\"noopener\"><span class='avia_hidden_link_text'>Compartir en LinkedIn<\/span><\/a><\/li><li class='av-share-link av-social-link-mail' ><a  aria-label=\"Compartir por correo\" href='mailto:?subject=Pobladores%20de%20sectores%20rurales%20junto%20a%20diputado%20Calisto%20se%20re%C3%BAnen%20con%20Vialidad%20por%20mal%20estado%20de%20caminos&#038;body=https:\/\/radiorevelacionfm.cl\/?p=32470' aria-hidden='false' data-av_icon='\ue805' data-av_iconfont='entypo-fontello' title='' data-avia-related-tooltip='Compartir por correo'><span class='avia_hidden_link_text'>Compartir por correo<\/span><\/a><\/li><\/ul><\/div><\/div>\n<div  style='height:50px' class='hr hr-invisible   avia-builder-el-8  el_after_av_social_share  el_before_av_comments_list '><span class='hr-inner ' ><span class='hr-inner-style'><\/span><\/span><\/div>\n<div  class='av-buildercomment  av-blog-meta-html-info-disabled av-blog-meta-tag-disabled  '><\/div>\n","protected":false},"excerpt":{"rendered":"","protected":false},"author":1,"featured_media":32471,"comment_status":"open","ping_status":"open","sticky":false,"template":"","format":"standard","meta":{"footnotes":""},"categories":[35],"tags":[],"class_list":["post-32470","post","type-post","status-publish","format-standard","has-post-thumbnail","hentry","category-politica"],"jetpack_featured_media_url":"https:\/\/radiorevelacionfm.cl\/wp-content\/uploads\/2023\/06\/image-120-2.jpg","_links":{"self":[{"href":"https:\/\/radiorevelacionfm.cl\/index.php?rest_route=\/wp\/v2\/posts\/32470","targetHints":{"allow":["GET"]}}],"collection":[{"href":"https:\/\/radiorevelacionfm.cl\/index.php?rest_route=\/wp\/v2\/posts"}],"about":[{"href":"https:\/\/radiorevelacionfm.cl\/index.php?rest_route=\/wp\/v2\/types\/post"}],"author":[{"embeddable":true,"href":"https:\/\/radiorevelacionfm.cl\/index.php?rest_route=\/wp\/v2\/users\/1"}],"replies":[{"embeddable":true,"href":"https:\/\/radiorevelacionfm.cl\/index.php?rest_route=%2Fwp%2Fv2%2Fcomments&post=32470"}],"version-history":[{"count":1,"href":"https:\/\/radiorevelacionfm.cl\/index.php?rest_route=\/wp\/v2\/posts\/32470\/revisions"}],"predecessor-version":[{"id":32472,"href":"https:\/\/radiorevelacionfm.cl\/index.php?rest_route=\/wp\/v2\/posts\/32470\/revisions\/32472"}],"wp:featuredmedia":[{"embeddable":true,"href":"https:\/\/radiorevelacionfm.cl\/index.php?rest_route=\/wp\/v2\/media\/32471"}],"wp:attachment":[{"href":"https:\/\/radiorevelacionfm.cl\/index.php?rest_route=%2Fwp%2Fv2%2Fmedia&parent=32470"}],"wp:term":[{"taxonomy":"category","embeddable":true,"href":"https:\/\/radiorevelacionfm.cl\/index.php?rest_route=%2Fwp%2Fv2%2Fcategories&post=32470"},{"taxonomy":"post_tag","embeddable":true,"href":"https:\/\/radiorevelacionfm.cl\/index.php?rest_route=%2Fwp%2Fv2%2Ftags&post=32470"}],"curies":[{"name":"wp","href":"https:\/\/api.w.org\/{rel}","templated":true}]}}