{"id":32464,"date":"2023-06-29T14:05:34","date_gmt":"2023-06-29T17:05:34","guid":{"rendered":"https:\/\/radiorevelacionfm.cl\/?p=32464"},"modified":"2023-06-29T14:05:34","modified_gmt":"2023-06-29T17:05:34","slug":"corporacion-de-asistencia-judicial-realizo-conversatorio-sobre-el-acceso-a-la-justicia","status":"publish","type":"post","link":"https:\/\/radiorevelacionfm.cl\/?p=32464","title":{"rendered":"Corporaci\u00f3n de Asistencia Judicial realiz\u00f3 conversatorio sobre el Acceso a la Justicia"},"content":{"rendered":"<div class=\"flex_column av_one_full  flex_column_div av-zero-column-padding first  avia-builder-el-0  el_before_av_one_full  avia-builder-el-first  \" style='border-radius:0px; '><div  class='avia-image-container  av-styling-    avia-builder-el-1  avia-builder-el-no-sibling  avia-align-center '  itemprop=\"image\" itemscope=\"itemscope\" itemtype=\"https:\/\/schema.org\/ImageObject\"  ><div class='avia-image-container-inner'><div class='avia-image-overlay-wrap'><img decoding=\"async\" class='wp-image-32465 avia-img-lazy-loading-not-32465 avia_image' src=\"https:\/\/radiorevelacionfm.cl\/wp-content\/uploads\/2023\/06\/dialogos-1-2_optimized.jpg\" alt='' title='dialogos-1-2_optimized' height=\"600\" width=\"1396\"  itemprop=\"thumbnailUrl\" srcset=\"https:\/\/radiorevelacionfm.cl\/wp-content\/uploads\/2023\/06\/dialogos-1-2_optimized.jpg 1396w, https:\/\/radiorevelacionfm.cl\/wp-content\/uploads\/2023\/06\/dialogos-1-2_optimized-300x129.jpg 300w, https:\/\/radiorevelacionfm.cl\/wp-content\/uploads\/2023\/06\/dialogos-1-2_optimized-1030x443.jpg 1030w, https:\/\/radiorevelacionfm.cl\/wp-content\/uploads\/2023\/06\/dialogos-1-2_optimized-768x330.jpg 768w, https:\/\/radiorevelacionfm.cl\/wp-content\/uploads\/2023\/06\/dialogos-1-2_optimized-705x303.jpg 705w, https:\/\/radiorevelacionfm.cl\/wp-content\/uploads\/2023\/06\/dialogos-1-2_optimized-450x193.jpg 450w, https:\/\/radiorevelacionfm.cl\/wp-content\/uploads\/2023\/06\/dialogos-1-2_optimized-600x258.jpg 600w\" sizes=\"(max-width: 1396px) 100vw, 1396px\" \/><\/div><\/div><\/div><\/div><div class=\"flex_column av_one_full  flex_column_div av-zero-column-padding first  avia-builder-el-2  el_after_av_one_full  el_before_av_one_full  column-top-margin\" style='border-radius:0px; '><section class=\"av_textblock_section \"  itemscope=\"itemscope\" itemtype=\"https:\/\/schema.org\/BlogPosting\" itemprop=\"blogPost\" ><div class='avia_textblock  '   itemprop=\"text\" ><p style=\"text-align: center;\"><span style=\"font-size: 18pt;\"><strong>Corporaci\u00f3n de Asistencia Judicial realiz\u00f3 conversatorio sobre el Acceso a la Justicia<\/strong><\/span><\/p>\n<div id=\"gtx-trans\" style=\"position: absolute; left: -50px; top: 4.31534px;\">\n<div class=\"gtx-trans-icon\"><\/div>\n<\/div>\n<\/div><\/section><\/div><div class=\"flex_column av_one_full  flex_column_div av-zero-column-padding first  avia-builder-el-4  el_after_av_one_full  el_before_av_hr  column-top-margin\" style='border-radius:0px; '><section class=\"av_textblock_section \"  itemscope=\"itemscope\" itemtype=\"https:\/\/schema.org\/BlogPosting\" itemprop=\"blogPost\" ><div class='avia_textblock  '   itemprop=\"text\" ><p style=\"text-align: justify;\">Con el objetivo de actualizar, modernizar y fortalecer el Acceso a la Justicia, recientemente la Corporaci\u00f3n de Asistencia Judicial del B\u00edo B\u00edo llev\u00f3 a cabo un conversatorio en torno a esta tem\u00e1tica, en la que participaron equipos de trabajo y representantes de distintos organismos relacionados.<\/p>\n<p style=\"text-align: justify;\">En dicho di\u00e1logo encabezado por la Directora Regional (s) Mar\u00eda Francisca Vilches en coordinaci\u00f3n con el Seremi de Justicia y Derechos Humanos Samuel Navarro Castro se abordaron las necesidades jur\u00eddicas satisfechas e insatisfechas de la poblaci\u00f3n, la caracterizaci\u00f3n de las personas que acuden a la Corporaci\u00f3n de Asistencia Judicial y que no pueden procurarse representaci\u00f3n jur\u00eddica por s\u00ed mismas, adem\u00e1s de la situaci\u00f3n de los postulantes al t\u00edtulo de abogado que realizan sus pr\u00e1cticas profesionales en las diversas unidades de la Instituci\u00f3n.<\/p>\n<p style=\"text-align: justify;\">Respecto a esta iniciativa, el Seremi Samuel Navarro Castro explic\u00f3 que \u201ceste trabajo se enmarca en un proyecto que se est\u00e1 trabajando a nivel nacional referente a un nuevo sistema de Acceso a la Justicia que fue anunciado por el Presidente y que son iniciativas muy relevantes para el Gobierno, toda vez que nos van a permitir actualizar y modernizar la entrega del acceso a la Justicia sobre todo para las personas que no pueden pagar un abogado o que tienen que vincularse con los procesos judiciales preferentemente de esta forma, este di\u00e1logo cont\u00f3 con la participaci\u00f3n de trabajadores y trabajadoras de la Corporaci\u00f3n y fue encabezado por su directora y el seremi, el cual se desarroll\u00f3 en un ambiente de cordialidad, donde los presentes trabajaron primero por comisiones y luego una plenaria, y donde adem\u00e1s pudieron participar operadores externos, para ver c\u00f3mo nos ven desde afuera. Ahora toda esta informaci\u00f3n se va a sistematizar y formular para hacerla llegar al Ministerio dentro de los plazos establecidos para que se consolide adem\u00e1s con la informaci\u00f3n que se est\u00e1 recogiendo en las distintas regiones respecto a la misma materia y tem\u00e1tica, esperamos que los insumos sean considerados y recogidos para mejorar y potenciar esta nueva iniciativa\u201d.<\/p>\n<p style=\"text-align: justify;\">Mientras que la Directora Regional (s) de la Caj B\u00edo B\u00edo Mar\u00eda Francisca Vilches indic\u00f3 que \u201cel conversatorio est\u00e1 enmarcado dentro de unos di\u00e1logos de Acceso a la Justicia que se est\u00e1n realizando a nivel nacional para efectos de configurar el Servicio Nacional de Acceso a la Justicia que queremos en Chile, existen 4 corporaciones de Asistencia Judicial a nivel nacional, nosotros correspondemos a la Caj B\u00edo Bio que va desde \u00d1uble a Ays\u00e9n, y la idea desde el Ministerio es formar un solo servicio que una de Arica a Magallanes, el objetivo es recoger desde la mirada interna, desde los funcionarios y tambi\u00e9n desde algunos agentes externos con los que nos relacionamos cu\u00e1les son las sensaciones que existen respecto al acceso a la Justicia, cu\u00e1les son las necesidades satisfechas o insatisfechas de la poblaci\u00f3n, cu\u00e1l es el rol que deben cumplir los postulantes y cu\u00e1l es el perfil del usuario que nosotros como corporaci\u00f3n de asistencia judicial\u00a0 tenemos\u201d.<\/p>\n<p style=\"text-align: justify;\">Finalmente, el Director Regional de Migraciones en Ays\u00e9n, Israel Villavicencio qui\u00e9n particip\u00f3 en dicho di\u00e1logo indic\u00f3 que \u201csiempre las jornadas participativas cuando se generan con estos di\u00e1logos que convocan a distintos actores del sistema, sean actores o colaboradores internos de un servicio, como tambi\u00e9n lo externo que utilizan u orientan tambi\u00e9n a los usuarios en reiteradas ocasiones son siempre buenos, y se agradece que nos hayan convocado a nosotros tambi\u00e9n como servicio para considerar nuestra opini\u00f3n y siempre dispuesto a colaborar, esperamos que obviamente esta instancia d\u00e9 los frutos positivos que todos esperamos, porque la Corporaci\u00f3n de Asistencia Judicial o el pr\u00f3ximo Servicio de Acceso a la Justicia siempre va a ser indispensable en el funcionamiento de cualquier sistema judicial dentro del pa\u00eds\u201d.<\/p>\n<\/div><\/section><\/div><div  style='height:50px' class='hr hr-invisible   avia-builder-el-6  el_after_av_one_full  el_before_av_social_share '><span class='hr-inner ' ><span class='hr-inner-style'><\/span><\/span><\/div><\/p>\n<div  class='av-social-sharing-box  avia-builder-el-7  el_after_av_hr  el_before_av_hr  '><div class='av-share-box'><h5 class='av-share-link-description av-no-toc '>Compartir esta noticia<\/h5><ul class='av-share-box-list noLightbox'><li class='av-share-link av-social-link-facebook' ><a target=\"_blank\" aria-label=\"Compartir en Facebook\" href='https:\/\/www.facebook.com\/sharer.php?u=https:\/\/radiorevelacionfm.cl\/?p=32464&#038;t=Corporaci%C3%B3n%20de%20Asistencia%20Judicial%20realiz%C3%B3%20conversatorio%20sobre%20el%20Acceso%20a%20la%20Justicia' aria-hidden='false' data-av_icon='\ue8f3' data-av_iconfont='entypo-fontello' title='' data-avia-related-tooltip='Compartir en Facebook' rel=\"noopener\"><span class='avia_hidden_link_text'>Compartir en Facebook<\/span><\/a><\/li><li class='av-share-link av-social-link-twitter' ><a target=\"_blank\" aria-label=\"Compartir en Twitter\" href='https:\/\/twitter.com\/share?text=Corporaci%C3%B3n%20de%20Asistencia%20Judicial%20realiz%C3%B3%20conversatorio%20sobre%20el%20Acceso%20a%20la%20Justicia&#038;url=https:\/\/radiorevelacionfm.cl\/?p=32464' aria-hidden='false' data-av_icon='\ue8f1' data-av_iconfont='entypo-fontello' title='' data-avia-related-tooltip='Compartir en Twitter' rel=\"noopener\"><span class='avia_hidden_link_text'>Compartir en Twitter<\/span><\/a><\/li><li class='av-share-link av-social-link-whatsapp' ><a target=\"_blank\" aria-label=\"Compartir en Whatsapp\" href='https:\/\/api.whatsapp.com\/send?text=https:\/\/radiorevelacionfm.cl\/?p=32464' aria-hidden='false' data-av_icon='\uf232' data-av_iconfont='entypo-fontello' title='' data-avia-related-tooltip='Compartir en Whatsapp' rel=\"noopener\"><span class='avia_hidden_link_text'>Compartir en Whatsapp<\/span><\/a><\/li><li class='av-share-link av-social-link-linkedin' ><a target=\"_blank\" aria-label=\"Compartir en LinkedIn\" href='https:\/\/linkedin.com\/shareArticle?mini=true&#038;title=Corporaci%C3%B3n%20de%20Asistencia%20Judicial%20realiz%C3%B3%20conversatorio%20sobre%20el%20Acceso%20a%20la%20Justicia&#038;url=https:\/\/radiorevelacionfm.cl\/?p=32464' aria-hidden='false' data-av_icon='\ue8fc' data-av_iconfont='entypo-fontello' title='' data-avia-related-tooltip='Compartir en LinkedIn' rel=\"noopener\"><span class='avia_hidden_link_text'>Compartir en LinkedIn<\/span><\/a><\/li><li class='av-share-link av-social-link-mail' ><a  aria-label=\"Compartir por correo\" href='mailto:?subject=Corporaci%C3%B3n%20de%20Asistencia%20Judicial%20realiz%C3%B3%20conversatorio%20sobre%20el%20Acceso%20a%20la%20Justicia&#038;body=https:\/\/radiorevelacionfm.cl\/?p=32464' aria-hidden='false' data-av_icon='\ue805' data-av_iconfont='entypo-fontello' title='' data-avia-related-tooltip='Compartir por correo'><span class='avia_hidden_link_text'>Compartir por correo<\/span><\/a><\/li><\/ul><\/div><\/div>\n<div  style='height:50px' class='hr hr-invisible   avia-builder-el-8  el_after_av_social_share  el_before_av_comments_list '><span class='hr-inner ' ><span class='hr-inner-style'><\/span><\/span><\/div>\n<div  class='av-buildercomment  av-blog-meta-html-info-disabled av-blog-meta-tag-disabled  '><\/div>\n","protected":false},"excerpt":{"rendered":"","protected":false},"author":1,"featured_media":32465,"comment_status":"open","ping_status":"open","sticky":false,"template":"","format":"standard","meta":{"footnotes":""},"categories":[55],"tags":[],"class_list":["post-32464","post","type-post","status-publish","format-standard","has-post-thumbnail","hentry","category-justicia"],"jetpack_featured_media_url":"https:\/\/radiorevelacionfm.cl\/wp-content\/uploads\/2023\/06\/dialogos-1-2_optimized.jpg","_links":{"self":[{"href":"https:\/\/radiorevelacionfm.cl\/index.php?rest_route=\/wp\/v2\/posts\/32464","targetHints":{"allow":["GET"]}}],"collection":[{"href":"https:\/\/radiorevelacionfm.cl\/index.php?rest_route=\/wp\/v2\/posts"}],"about":[{"href":"https:\/\/radiorevelacionfm.cl\/index.php?rest_route=\/wp\/v2\/types\/post"}],"author":[{"embeddable":true,"href":"https:\/\/radiorevelacionfm.cl\/index.php?rest_route=\/wp\/v2\/users\/1"}],"replies":[{"embeddable":true,"href":"https:\/\/radiorevelacionfm.cl\/index.php?rest_route=%2Fwp%2Fv2%2Fcomments&post=32464"}],"version-history":[{"count":1,"href":"https:\/\/radiorevelacionfm.cl\/index.php?rest_route=\/wp\/v2\/posts\/32464\/revisions"}],"predecessor-version":[{"id":32466,"href":"https:\/\/radiorevelacionfm.cl\/index.php?rest_route=\/wp\/v2\/posts\/32464\/revisions\/32466"}],"wp:featuredmedia":[{"embeddable":true,"href":"https:\/\/radiorevelacionfm.cl\/index.php?rest_route=\/wp\/v2\/media\/32465"}],"wp:attachment":[{"href":"https:\/\/radiorevelacionfm.cl\/index.php?rest_route=%2Fwp%2Fv2%2Fmedia&parent=32464"}],"wp:term":[{"taxonomy":"category","embeddable":true,"href":"https:\/\/radiorevelacionfm.cl\/index.php?rest_route=%2Fwp%2Fv2%2Fcategories&post=32464"},{"taxonomy":"post_tag","embeddable":true,"href":"https:\/\/radiorevelacionfm.cl\/index.php?rest_route=%2Fwp%2Fv2%2Ftags&post=32464"}],"curies":[{"name":"wp","href":"https:\/\/api.w.org\/{rel}","templated":true}]}}