{"id":32461,"date":"2023-06-29T10:51:54","date_gmt":"2023-06-29T13:51:54","guid":{"rendered":"https:\/\/radiorevelacionfm.cl\/?p=32461"},"modified":"2023-06-29T10:51:54","modified_gmt":"2023-06-29T13:51:54","slug":"luisa-cornejo-jara-juro-como-secretaria-titular-del-juzgado-de-letras-garantia-y-familia-de-cochrane","status":"publish","type":"post","link":"https:\/\/radiorevelacionfm.cl\/?p=32461","title":{"rendered":"Luisa Cornejo Jara jur\u00f3 como Secretaria Titular del Juzgado de Letras, Garant\u00eda y Familia de Cochrane"},"content":{"rendered":"<div class=\"flex_column av_one_full  flex_column_div av-zero-column-padding first  avia-builder-el-0  el_before_av_one_full  avia-builder-el-first  \" style='border-radius:0px; '><div  class='avia-image-container  av-styling-    avia-builder-el-1  avia-builder-el-no-sibling  avia-align-center '  itemprop=\"image\" itemscope=\"itemscope\" itemtype=\"https:\/\/schema.org\/ImageObject\"  ><div class='avia-image-container-inner'><div class='avia-image-overlay-wrap'><img decoding=\"async\" class='wp-image-32462 avia-img-lazy-loading-not-32462 avia_image' src=\"https:\/\/radiorevelacionfm.cl\/wp-content\/uploads\/2023\/06\/Juramento-2-2.jpg\" alt='' title='Juramento -2-2' height=\"600\" width=\"1067\"  itemprop=\"thumbnailUrl\" srcset=\"https:\/\/radiorevelacionfm.cl\/wp-content\/uploads\/2023\/06\/Juramento-2-2.jpg 1067w, https:\/\/radiorevelacionfm.cl\/wp-content\/uploads\/2023\/06\/Juramento-2-2-300x169.jpg 300w, https:\/\/radiorevelacionfm.cl\/wp-content\/uploads\/2023\/06\/Juramento-2-2-1030x579.jpg 1030w, https:\/\/radiorevelacionfm.cl\/wp-content\/uploads\/2023\/06\/Juramento-2-2-768x432.jpg 768w, https:\/\/radiorevelacionfm.cl\/wp-content\/uploads\/2023\/06\/Juramento-2-2-705x396.jpg 705w, https:\/\/radiorevelacionfm.cl\/wp-content\/uploads\/2023\/06\/Juramento-2-2-450x253.jpg 450w, https:\/\/radiorevelacionfm.cl\/wp-content\/uploads\/2023\/06\/Juramento-2-2-600x337.jpg 600w\" sizes=\"(max-width: 1067px) 100vw, 1067px\" \/><\/div><\/div><\/div><\/div><div class=\"flex_column av_one_full  flex_column_div av-zero-column-padding first  avia-builder-el-2  el_after_av_one_full  el_before_av_one_full  column-top-margin\" style='border-radius:0px; '><section class=\"av_textblock_section \"  itemscope=\"itemscope\" itemtype=\"https:\/\/schema.org\/BlogPosting\" itemprop=\"blogPost\" ><div class='avia_textblock  '   itemprop=\"text\" ><p style=\"text-align: center;\"><span style=\"font-size: 18pt;\"><b>Luisa Cornejo Jara jur\u00f3 como Secretaria Titular del Juzgado de Letras, Garant\u00eda y Familia de Cochrane<\/b><\/span><\/p>\n<div id=\"gtx-trans\" style=\"position: absolute; left: -50px; top: 4.31534px;\">\n<div class=\"gtx-trans-icon\"><\/div>\n<\/div>\n<\/div><\/section><\/div><div class=\"flex_column av_one_full  flex_column_div av-zero-column-padding first  avia-builder-el-4  el_after_av_one_full  el_before_av_hr  column-top-margin\" style='border-radius:0px; '><section class=\"av_textblock_section \"  itemscope=\"itemscope\" itemtype=\"https:\/\/schema.org\/BlogPosting\" itemprop=\"blogPost\" ><div class='avia_textblock  '   itemprop=\"text\" ><p class=\"v1MsoNormal\" style=\"text-align: justify;\">La jueza del Juzgado de Letras, Garant\u00eda y Familia de Cochrane, Javiera Alarc\u00f3n Zurita, tom\u00f3 juramento el pasado jueves 22 de junio a la nueva secretaria titular del tribunal, Luisa Cornejo Jara.<\/p>\n<p class=\"v1MsoNormal\" style=\"text-align: justify;\">En la ceremonia, la abogada fue acompa\u00f1ada por funcionarios y jueces de la jurisdicci\u00f3n, familiares y amigos.<\/p>\n<p class=\"v1MsoNormal\" style=\"text-align: justify;\">\u00abEn marzo de 2023 me designaron como secretaria interina del juzgado y hoy fui nombrada como titular en el cargo. Esto me enorgullece profundamente, pertenecer a un juzgado mixto que permite el acceso a la justicia a todos nuestros usuarios, incluso en comunidades m\u00e1s aisladas de la provincia. Adem\u00e1s, debo destacar que para m\u00ed es un honor pertenecer a este tribunal que se destaca por su calidad humana y profesional, tanto de la magistrada Alarc\u00f3n como de los dem\u00e1s funcionarios\u00bb, sostuvo Luisa Cornejo.<\/p>\n<p class=\"v1MsoNormal\" style=\"text-align: justify;\">En el a\u00f1o 2014, Cornejo Jara se titul\u00f3 como abogada de la Universidad de Chile y desde 2016 en adelante ha realizado diversas suplencias en el Poder Judicial, entre ellas, en el Juzgado de Letras de Colina, Juzgado Civil de Santiago, Jueza suplente del Juzgado de Garant\u00eda de Coyhaique, jueza suplente del TOP de Coyhaique y jueza de Letras del Trabajo de la misma ciudad. Hasta la fecha, desempe\u00f1\u00f3 funciones como secretaria interina en el mismo tribunal en el cual hoy jura como titular en el cargo.<\/p>\n<\/div><\/section><\/div><div  style='height:50px' class='hr hr-invisible   avia-builder-el-6  el_after_av_one_full  el_before_av_social_share '><span class='hr-inner ' ><span class='hr-inner-style'><\/span><\/span><\/div><\/p>\n<div  class='av-social-sharing-box  avia-builder-el-7  el_after_av_hr  el_before_av_hr  '><div class='av-share-box'><h5 class='av-share-link-description av-no-toc '>Compartir esta noticia<\/h5><ul class='av-share-box-list noLightbox'><li class='av-share-link av-social-link-facebook' ><a target=\"_blank\" aria-label=\"Compartir en Facebook\" href='https:\/\/www.facebook.com\/sharer.php?u=https:\/\/radiorevelacionfm.cl\/?p=32461&#038;t=Luisa%20Cornejo%20Jara%20jur%C3%B3%20como%20Secretaria%20Titular%20del%20Juzgado%20de%20Letras%2C%20Garant%C3%ADa%20y%20Familia%20de%20Cochrane' aria-hidden='false' data-av_icon='\ue8f3' data-av_iconfont='entypo-fontello' title='' data-avia-related-tooltip='Compartir en Facebook' rel=\"noopener\"><span class='avia_hidden_link_text'>Compartir en Facebook<\/span><\/a><\/li><li class='av-share-link av-social-link-twitter' ><a target=\"_blank\" aria-label=\"Compartir en Twitter\" href='https:\/\/twitter.com\/share?text=Luisa%20Cornejo%20Jara%20jur%C3%B3%20como%20Secretaria%20Titular%20del%20Juzgado%20de%20Letras%2C%20Garant%C3%ADa%20y%20Familia%20de%20Cochrane&#038;url=https:\/\/radiorevelacionfm.cl\/?p=32461' aria-hidden='false' data-av_icon='\ue8f1' data-av_iconfont='entypo-fontello' title='' data-avia-related-tooltip='Compartir en Twitter' rel=\"noopener\"><span class='avia_hidden_link_text'>Compartir en Twitter<\/span><\/a><\/li><li class='av-share-link av-social-link-whatsapp' ><a target=\"_blank\" aria-label=\"Compartir en Whatsapp\" href='https:\/\/api.whatsapp.com\/send?text=https:\/\/radiorevelacionfm.cl\/?p=32461' aria-hidden='false' data-av_icon='\uf232' data-av_iconfont='entypo-fontello' title='' data-avia-related-tooltip='Compartir en Whatsapp' rel=\"noopener\"><span class='avia_hidden_link_text'>Compartir en Whatsapp<\/span><\/a><\/li><li class='av-share-link av-social-link-linkedin' ><a target=\"_blank\" aria-label=\"Compartir en LinkedIn\" href='https:\/\/linkedin.com\/shareArticle?mini=true&#038;title=Luisa%20Cornejo%20Jara%20jur%C3%B3%20como%20Secretaria%20Titular%20del%20Juzgado%20de%20Letras%2C%20Garant%C3%ADa%20y%20Familia%20de%20Cochrane&#038;url=https:\/\/radiorevelacionfm.cl\/?p=32461' aria-hidden='false' data-av_icon='\ue8fc' data-av_iconfont='entypo-fontello' title='' data-avia-related-tooltip='Compartir en LinkedIn' rel=\"noopener\"><span class='avia_hidden_link_text'>Compartir en LinkedIn<\/span><\/a><\/li><li class='av-share-link av-social-link-mail' ><a  aria-label=\"Compartir por correo\" href='mailto:?subject=Luisa%20Cornejo%20Jara%20jur%C3%B3%20como%20Secretaria%20Titular%20del%20Juzgado%20de%20Letras%2C%20Garant%C3%ADa%20y%20Familia%20de%20Cochrane&#038;body=https:\/\/radiorevelacionfm.cl\/?p=32461' aria-hidden='false' data-av_icon='\ue805' data-av_iconfont='entypo-fontello' title='' data-avia-related-tooltip='Compartir por correo'><span class='avia_hidden_link_text'>Compartir por correo<\/span><\/a><\/li><\/ul><\/div><\/div>\n<div  style='height:50px' class='hr hr-invisible   avia-builder-el-8  el_after_av_social_share  el_before_av_comments_list '><span class='hr-inner ' ><span class='hr-inner-style'><\/span><\/span><\/div>\n<div  class='av-buildercomment  av-blog-meta-html-info-disabled av-blog-meta-tag-disabled  '><\/div>\n","protected":false},"excerpt":{"rendered":"","protected":false},"author":1,"featured_media":32462,"comment_status":"open","ping_status":"open","sticky":false,"template":"","format":"standard","meta":{"footnotes":""},"categories":[55],"tags":[],"class_list":["post-32461","post","type-post","status-publish","format-standard","has-post-thumbnail","hentry","category-justicia"],"jetpack_featured_media_url":"https:\/\/radiorevelacionfm.cl\/wp-content\/uploads\/2023\/06\/Juramento-2-2.jpg","_links":{"self":[{"href":"https:\/\/radiorevelacionfm.cl\/index.php?rest_route=\/wp\/v2\/posts\/32461","targetHints":{"allow":["GET"]}}],"collection":[{"href":"https:\/\/radiorevelacionfm.cl\/index.php?rest_route=\/wp\/v2\/posts"}],"about":[{"href":"https:\/\/radiorevelacionfm.cl\/index.php?rest_route=\/wp\/v2\/types\/post"}],"author":[{"embeddable":true,"href":"https:\/\/radiorevelacionfm.cl\/index.php?rest_route=\/wp\/v2\/users\/1"}],"replies":[{"embeddable":true,"href":"https:\/\/radiorevelacionfm.cl\/index.php?rest_route=%2Fwp%2Fv2%2Fcomments&post=32461"}],"version-history":[{"count":1,"href":"https:\/\/radiorevelacionfm.cl\/index.php?rest_route=\/wp\/v2\/posts\/32461\/revisions"}],"predecessor-version":[{"id":32463,"href":"https:\/\/radiorevelacionfm.cl\/index.php?rest_route=\/wp\/v2\/posts\/32461\/revisions\/32463"}],"wp:featuredmedia":[{"embeddable":true,"href":"https:\/\/radiorevelacionfm.cl\/index.php?rest_route=\/wp\/v2\/media\/32462"}],"wp:attachment":[{"href":"https:\/\/radiorevelacionfm.cl\/index.php?rest_route=%2Fwp%2Fv2%2Fmedia&parent=32461"}],"wp:term":[{"taxonomy":"category","embeddable":true,"href":"https:\/\/radiorevelacionfm.cl\/index.php?rest_route=%2Fwp%2Fv2%2Fcategories&post=32461"},{"taxonomy":"post_tag","embeddable":true,"href":"https:\/\/radiorevelacionfm.cl\/index.php?rest_route=%2Fwp%2Fv2%2Ftags&post=32461"}],"curies":[{"name":"wp","href":"https:\/\/api.w.org\/{rel}","templated":true}]}}