{"id":32455,"date":"2023-07-02T21:02:14","date_gmt":"2023-07-03T00:02:14","guid":{"rendered":"https:\/\/radiorevelacionfm.cl\/?p=32455"},"modified":"2023-07-02T21:02:14","modified_gmt":"2023-07-03T00:02:14","slug":"organizaciones-sociales-sin-financiamiento-por-parte-del-gobierno-regional","status":"publish","type":"post","link":"https:\/\/radiorevelacionfm.cl\/?p=32455","title":{"rendered":"Organizaciones sociales sin financiamiento por parte del Gobierno Regional"},"content":{"rendered":"<div class=\"flex_column av_one_full  flex_column_div av-zero-column-padding first  avia-builder-el-0  el_before_av_one_full  avia-builder-el-first  \" style='border-radius:0px; '><div  class='avia-image-container  av-styling-    avia-builder-el-1  avia-builder-el-no-sibling  avia-align-center '  itemprop=\"image\" itemscope=\"itemscope\" itemtype=\"https:\/\/schema.org\/ImageObject\"  ><div class='avia-image-container-inner'><div class='avia-image-overlay-wrap'><img decoding=\"async\" class='wp-image-32456 avia-img-lazy-loading-not-32456 avia_image' src=\"https:\/\/radiorevelacionfm.cl\/wp-content\/uploads\/2023\/06\/WhatsApp-Image-2022-05-11-at-5.22.42-PM-2-2.jpeg\" alt='' title='WhatsApp Image 2022-05-11 at 5.22.42 PM-2-2' height=\"600\" width=\"900\"  itemprop=\"thumbnailUrl\" srcset=\"https:\/\/radiorevelacionfm.cl\/wp-content\/uploads\/2023\/06\/WhatsApp-Image-2022-05-11-at-5.22.42-PM-2-2.jpeg 900w, https:\/\/radiorevelacionfm.cl\/wp-content\/uploads\/2023\/06\/WhatsApp-Image-2022-05-11-at-5.22.42-PM-2-2-300x200.jpeg 300w, https:\/\/radiorevelacionfm.cl\/wp-content\/uploads\/2023\/06\/WhatsApp-Image-2022-05-11-at-5.22.42-PM-2-2-768x512.jpeg 768w, https:\/\/radiorevelacionfm.cl\/wp-content\/uploads\/2023\/06\/WhatsApp-Image-2022-05-11-at-5.22.42-PM-2-2-705x470.jpeg 705w, https:\/\/radiorevelacionfm.cl\/wp-content\/uploads\/2023\/06\/WhatsApp-Image-2022-05-11-at-5.22.42-PM-2-2-450x300.jpeg 450w, https:\/\/radiorevelacionfm.cl\/wp-content\/uploads\/2023\/06\/WhatsApp-Image-2022-05-11-at-5.22.42-PM-2-2-600x400.jpeg 600w\" sizes=\"(max-width: 900px) 100vw, 900px\" \/><\/div><\/div><\/div><\/div><div class=\"flex_column av_one_full  flex_column_div av-zero-column-padding first  avia-builder-el-2  el_after_av_one_full  el_before_av_one_full  column-top-margin\" style='border-radius:0px; '><section class=\"av_textblock_section \"  itemscope=\"itemscope\" itemtype=\"https:\/\/schema.org\/BlogPosting\" itemprop=\"blogPost\" ><div class='avia_textblock  '   itemprop=\"text\" ><div style=\"text-align: center;\"><span style=\"font-size: 18pt;\"><strong>Organizaciones sociales sin financiamiento por parte del Gobierno Regional<\/strong><\/span><\/div>\n<div><\/div>\n<div><\/div>\n<div id=\"gtx-trans\" style=\"position: absolute; left: -50px; top: 4.31534px;\">\n<div class=\"gtx-trans-icon\"><\/div>\n<\/div>\n<\/div><\/section><\/div><div class=\"flex_column av_one_full  flex_column_div av-zero-column-padding first  avia-builder-el-4  el_after_av_one_full  el_before_av_hr  column-top-margin\" style='border-radius:0px; '><section class=\"av_textblock_section \"  itemscope=\"itemscope\" itemtype=\"https:\/\/schema.org\/BlogPosting\" itemprop=\"blogPost\" ><div class='avia_textblock  '   itemprop=\"text\" ><p style=\"text-align: justify;\">Luego del cierre de postulaci\u00f3n al llamado a concurso del 8% FNDR a\u00f1o 2023, el cual est\u00e1 dirigido a organizaciones privadas sin fines de lucro, municipalidades y otras entidades p\u00fablicas, son muchas las organizaciones que no lograron financiar sus iniciativas, algunas por no cumplir con los requerimientos del concurso y otras por falta de recurso por parte del gobierno regional y sus \u00edtems presupuestarios definidos para el a\u00f1o 2023.<\/p>\n<p style=\"text-align: justify;\">Si bien, esto es un concurso, situaci\u00f3n que todas las organizaciones comprenden, se logr\u00f3 dar una gran cobertura regional y muchas actividades ser\u00e1n desarrolladas tanto en el \u00e1mbito formativo, competitivo, recreativo, preventivo y otras actividades que las organizaciones estimaron convenientes postular, por otra como en todo concurso no se logr\u00f3 una intervenci\u00f3n del 100% ya que los recursos son limitados y el presupuesto regional solo permite cierto monto del 8%.<\/p>\n<p style=\"text-align: justify;\">Como se\u00f1ala la <strong>consejera regional por Ays\u00e9n Loreta Villegas A.,<\/strong> una de las atribuciones de la Gobernadora Regional es poder entregar de forma no concursable un presupuesto \u00fanico que se encuentra contenido dentro del 8% denominado\u00a0<strong><em>Asignaci\u00f3n Directa<\/em><\/strong>, correspondiente y focalizado a organizaciones que por no quedar con presupuesto por parte del concurso pudiesen ser financiadas como requerimiento urgente con estos fondos entregados y priorizados directamente por la autoridad regional.<\/p>\n<p style=\"text-align: justify;\">Dentro de toda l\u00f3gica el concurso fue un \u00e9xito, sin embargo, dentro de la denominada <strong><em>Asignaci\u00f3n Directa<\/em><\/strong>la Gobernadora Regional destin\u00f3 <strong>100 millones de pesos de un total disponible 424 millones, es decir, una organizaci\u00f3n recibi\u00f3 el 23,5% de los recursos disponibles para el a\u00f1o 2023, <\/strong>Los cuales destinopara una actividad desarrollada en la comuna de Coyhaique y que convoc\u00f3 en el mes de abril 2023 al 5\u00ba Encuentro latinoamericano y del caribe de mujeres rurales, una actividad que nadie pone en duda se deba desarrollar ya que, debemos entender que los\u00a0 pa\u00edses conviven en diferentes \u00e1mbitos tanto culturales, productivos y d\u00e1ndole un lugar privilegiado\u00a0 al trabajo, liderazgo y dedicaci\u00f3n de todas las mujeres del mundo ; teniendo presente el gran presupuesto involucrado la representatividad de los territorios donde residen\u00a0 mujeres rurales de nuestra Patagonia con una identidad propia , no se observ\u00f3 una gran convocatoria, \u00a0sin duda la actividad fue visualizada como \u00a0un \u00e9xito regional.<\/p>\n<p style=\"text-align: justify;\">Comenta el <strong>consejero Regional\u00a0 por la provincia de Capit\u00e1n Prat Victor Escobar M<\/strong>., sabemos que existen otras entidades del estado que pudiesen y debiesen hacerse cargo de esta actividad donde se involucr\u00f3 una suma considerable de recursos regionales, no dejemos de mencionar al Ministerio de Agricultura y Ministerio de la mujer y equidad de g\u00e9nero que por su propia naturaleza debiesen haber tomado un rol m\u00e1s protag\u00f3nico, ambos ministerios debiesen liderar estas iniciativas en conjunto con el gobierno regional y de esta forma evitar\u00edamos hoy tener un d\u00e9ficit en recurso disponible en la glosa de asignaciones directas para apoyar y financiar diversas iniciativas con car\u00e1cter de urgencia y\/o inmediatez que han presentado las organizaciones de nuestra regi\u00f3n de Ays\u00e9n.<\/p>\n<p style=\"text-align: justify;\">Hoy y a todas luces nos encontramos con un presupuesto de asignaci\u00f3n directa ya sin recursos, se han entregado explicaciones a muchas organizaciones regionales que han solicitado recursos por esta v\u00eda donde la cobertura y liderazgo es principalmente de mujeres de nuestra regi\u00f3n, iniciativas muy importantes como son el financiamiento para mejorar y concientizar actividades para la condici\u00f3n de espectro autista, iniciativas que fomentan la salud y el esparcimiento de due\u00f1as de casa y un sinf\u00edn de otras donde se fortalece la vida social cultural y deportiva principalmente de mujeres de la regi\u00f3n.<\/p>\n<p style=\"text-align: justify;\">Se lamenta de sobre manera no se hayan tomado resguardos serios y responsables respecto de esta asignaci\u00f3n cuantiosa, sabiendo que no todas las iniciativas que requieren de financiamiento cumplen con requisitos para postular al 8% y que esperan poder ser financiadas por una asignaci\u00f3n que ya en el primer semestre del presente a\u00f1o,\u00a0 no cuenta con sustentabilidad econ\u00f3mica para poder respaldarlas, esperamos que en una pr\u00f3xima discusi\u00f3n de este marco presupuestario se \u201cempareje la cancha\u201d y podamos bien representar las necesidades de todos los territorios y de todas las personas, donde adem\u00e1s y sin dejar de respetar la atribuci\u00f3n del ejecutivo regional, se escuche y atienda la voz de los Consejeros Regionales.<\/p>\n<\/div><\/section><\/div><div  style='height:50px' class='hr hr-invisible   avia-builder-el-6  el_after_av_one_full  el_before_av_social_share '><span class='hr-inner ' ><span class='hr-inner-style'><\/span><\/span><\/div><\/p>\n<div  class='av-social-sharing-box  avia-builder-el-7  el_after_av_hr  el_before_av_hr  '><div class='av-share-box'><h5 class='av-share-link-description av-no-toc '>Compartir esta noticia<\/h5><ul class='av-share-box-list noLightbox'><li class='av-share-link av-social-link-facebook' ><a target=\"_blank\" aria-label=\"Compartir en Facebook\" href='https:\/\/www.facebook.com\/sharer.php?u=https:\/\/radiorevelacionfm.cl\/?p=32455&#038;t=Organizaciones%20sociales%20sin%20financiamiento%20por%20parte%20del%20Gobierno%20Regional' aria-hidden='false' data-av_icon='\ue8f3' data-av_iconfont='entypo-fontello' title='' data-avia-related-tooltip='Compartir en Facebook' rel=\"noopener\"><span class='avia_hidden_link_text'>Compartir en Facebook<\/span><\/a><\/li><li class='av-share-link av-social-link-twitter' ><a target=\"_blank\" aria-label=\"Compartir en Twitter\" href='https:\/\/twitter.com\/share?text=Organizaciones%20sociales%20sin%20financiamiento%20por%20parte%20del%20Gobierno%20Regional&#038;url=https:\/\/radiorevelacionfm.cl\/?p=32455' aria-hidden='false' data-av_icon='\ue8f1' data-av_iconfont='entypo-fontello' title='' data-avia-related-tooltip='Compartir en Twitter' rel=\"noopener\"><span class='avia_hidden_link_text'>Compartir en Twitter<\/span><\/a><\/li><li class='av-share-link av-social-link-whatsapp' ><a target=\"_blank\" aria-label=\"Compartir en Whatsapp\" href='https:\/\/api.whatsapp.com\/send?text=https:\/\/radiorevelacionfm.cl\/?p=32455' aria-hidden='false' data-av_icon='\uf232' data-av_iconfont='entypo-fontello' title='' data-avia-related-tooltip='Compartir en Whatsapp' rel=\"noopener\"><span class='avia_hidden_link_text'>Compartir en Whatsapp<\/span><\/a><\/li><li class='av-share-link av-social-link-linkedin' ><a target=\"_blank\" aria-label=\"Compartir en LinkedIn\" href='https:\/\/linkedin.com\/shareArticle?mini=true&#038;title=Organizaciones%20sociales%20sin%20financiamiento%20por%20parte%20del%20Gobierno%20Regional&#038;url=https:\/\/radiorevelacionfm.cl\/?p=32455' aria-hidden='false' data-av_icon='\ue8fc' data-av_iconfont='entypo-fontello' title='' data-avia-related-tooltip='Compartir en LinkedIn' rel=\"noopener\"><span class='avia_hidden_link_text'>Compartir en LinkedIn<\/span><\/a><\/li><li class='av-share-link av-social-link-mail' ><a  aria-label=\"Compartir por correo\" href='mailto:?subject=Organizaciones%20sociales%20sin%20financiamiento%20por%20parte%20del%20Gobierno%20Regional&#038;body=https:\/\/radiorevelacionfm.cl\/?p=32455' aria-hidden='false' data-av_icon='\ue805' data-av_iconfont='entypo-fontello' title='' data-avia-related-tooltip='Compartir por correo'><span class='avia_hidden_link_text'>Compartir por correo<\/span><\/a><\/li><\/ul><\/div><\/div>\n<div  style='height:50px' class='hr hr-invisible   avia-builder-el-8  el_after_av_social_share  el_before_av_comments_list '><span class='hr-inner ' ><span class='hr-inner-style'><\/span><\/span><\/div>\n<div  class='av-buildercomment  av-blog-meta-html-info-disabled av-blog-meta-tag-disabled  '><\/div>\n","protected":false},"excerpt":{"rendered":"","protected":false},"author":1,"featured_media":32456,"comment_status":"open","ping_status":"open","sticky":false,"template":"","format":"standard","meta":{"footnotes":""},"categories":[38],"tags":[],"class_list":["post-32455","post","type-post","status-publish","format-standard","has-post-thumbnail","hentry","category-regional"],"jetpack_featured_media_url":"https:\/\/radiorevelacionfm.cl\/wp-content\/uploads\/2023\/06\/WhatsApp-Image-2022-05-11-at-5.22.42-PM-2-2.jpeg","_links":{"self":[{"href":"https:\/\/radiorevelacionfm.cl\/index.php?rest_route=\/wp\/v2\/posts\/32455","targetHints":{"allow":["GET"]}}],"collection":[{"href":"https:\/\/radiorevelacionfm.cl\/index.php?rest_route=\/wp\/v2\/posts"}],"about":[{"href":"https:\/\/radiorevelacionfm.cl\/index.php?rest_route=\/wp\/v2\/types\/post"}],"author":[{"embeddable":true,"href":"https:\/\/radiorevelacionfm.cl\/index.php?rest_route=\/wp\/v2\/users\/1"}],"replies":[{"embeddable":true,"href":"https:\/\/radiorevelacionfm.cl\/index.php?rest_route=%2Fwp%2Fv2%2Fcomments&post=32455"}],"version-history":[{"count":1,"href":"https:\/\/radiorevelacionfm.cl\/index.php?rest_route=\/wp\/v2\/posts\/32455\/revisions"}],"predecessor-version":[{"id":32457,"href":"https:\/\/radiorevelacionfm.cl\/index.php?rest_route=\/wp\/v2\/posts\/32455\/revisions\/32457"}],"wp:featuredmedia":[{"embeddable":true,"href":"https:\/\/radiorevelacionfm.cl\/index.php?rest_route=\/wp\/v2\/media\/32456"}],"wp:attachment":[{"href":"https:\/\/radiorevelacionfm.cl\/index.php?rest_route=%2Fwp%2Fv2%2Fmedia&parent=32455"}],"wp:term":[{"taxonomy":"category","embeddable":true,"href":"https:\/\/radiorevelacionfm.cl\/index.php?rest_route=%2Fwp%2Fv2%2Fcategories&post=32455"},{"taxonomy":"post_tag","embeddable":true,"href":"https:\/\/radiorevelacionfm.cl\/index.php?rest_route=%2Fwp%2Fv2%2Ftags&post=32455"}],"curies":[{"name":"wp","href":"https:\/\/api.w.org\/{rel}","templated":true}]}}