{"id":32452,"date":"2023-06-28T20:02:13","date_gmt":"2023-06-28T23:02:13","guid":{"rendered":"https:\/\/radiorevelacionfm.cl\/?p=32452"},"modified":"2023-06-28T20:02:13","modified_gmt":"2023-06-28T23:02:13","slug":"quince-familias-de-villa-ortega-y-nirehuao-recibieron-las-llaves-de-su-casa-propia","status":"publish","type":"post","link":"https:\/\/radiorevelacionfm.cl\/?p=32452","title":{"rendered":"Quince Familias de Villa Ortega y \u00d1irehuao recibieron las llaves de su casa propia"},"content":{"rendered":"<div class=\"flex_column av_one_full  flex_column_div av-zero-column-padding first  avia-builder-el-0  el_before_av_one_full  avia-builder-el-first  \" style='border-radius:0px; '><div  class='avia-image-container  av-styling-    avia-builder-el-1  avia-builder-el-no-sibling  avia-align-center '  itemprop=\"image\" itemscope=\"itemscope\" itemtype=\"https:\/\/schema.org\/ImageObject\"  ><div class='avia-image-container-inner'><div class='avia-image-overlay-wrap'><img decoding=\"async\" class='wp-image-32453 avia-img-lazy-loading-not-32453 avia_image' src=\"https:\/\/radiorevelacionfm.cl\/wp-content\/uploads\/2023\/06\/casa-nirehuao-2_optimized.jpg\" alt='' title='casa-\u00f1irehuao-2_optimized' height=\"600\" width=\"900\"  itemprop=\"thumbnailUrl\" srcset=\"https:\/\/radiorevelacionfm.cl\/wp-content\/uploads\/2023\/06\/casa-nirehuao-2_optimized.jpg 900w, https:\/\/radiorevelacionfm.cl\/wp-content\/uploads\/2023\/06\/casa-nirehuao-2_optimized-300x200.jpg 300w, https:\/\/radiorevelacionfm.cl\/wp-content\/uploads\/2023\/06\/casa-nirehuao-2_optimized-768x512.jpg 768w, https:\/\/radiorevelacionfm.cl\/wp-content\/uploads\/2023\/06\/casa-nirehuao-2_optimized-705x470.jpg 705w, https:\/\/radiorevelacionfm.cl\/wp-content\/uploads\/2023\/06\/casa-nirehuao-2_optimized-450x300.jpg 450w, https:\/\/radiorevelacionfm.cl\/wp-content\/uploads\/2023\/06\/casa-nirehuao-2_optimized-600x400.jpg 600w\" sizes=\"(max-width: 900px) 100vw, 900px\" \/><\/div><\/div><\/div><\/div><div class=\"flex_column av_one_full  flex_column_div av-zero-column-padding first  avia-builder-el-2  el_after_av_one_full  el_before_av_one_full  column-top-margin\" style='border-radius:0px; '><section class=\"av_textblock_section \"  itemscope=\"itemscope\" itemtype=\"https:\/\/schema.org\/BlogPosting\" itemprop=\"blogPost\" ><div class='avia_textblock  '   itemprop=\"text\" ><p style=\"text-align: center;\"><span style=\"font-size: 18pt;\"><strong>Quince Familias de Villa Ortega y \u00d1irehuao recibieron las llaves de su casa propia<\/strong><\/span><\/p>\n<div id=\"gtx-trans\" style=\"position: absolute; left: -50px; top: 4.31534px;\">\n<div class=\"gtx-trans-icon\"><\/div>\n<\/div>\n<\/div><\/section><\/div><div class=\"flex_column av_one_full  flex_column_div av-zero-column-padding first  avia-builder-el-4  el_after_av_one_full  el_before_av_hr  column-top-margin\" style='border-radius:0px; '><section class=\"av_textblock_section \"  itemscope=\"itemscope\" itemtype=\"https:\/\/schema.org\/BlogPosting\" itemprop=\"blogPost\" ><div class='avia_textblock  '   itemprop=\"text\" ><p style=\"text-align: justify;\">Una nueva vida, con mayor comodidad, seguridad y dignidad, iniciaron en los \u00faltimos d\u00edas nueve familias de Villa Ortega y seis de Villa \u00d1irehuao, quienes recibieron con gran alegr\u00eda las esperadas llaves de su casa propia.<\/p>\n<p style=\"text-align: justify;\">Se trata de soluciones habitacionales de gran calidad y dise\u00f1o que se hicieron realidad a trav\u00e9s del ahorro de los vecinos y los aportes asignados por el Ministerio de Vivienda y Urbanismo a trav\u00e9s de su Programa de Habitabilidad Rural. La Entidad Patrocinante de la Municipalidad de Coyhaique fue la encargada de asesorar y apoyar a las familias durante todo el proceso, en tanto que la empresa constructora Xinta, estuvo a cargo de la ejecuci\u00f3n de los proyectos en ambas localidades.<\/p>\n<p style=\"text-align: justify;\">Tras acompa\u00f1ar a las familias en este importante momento de sus vidas, el Director (S) del Servicio de Vivienda y Urbanizaci\u00f3n (Serviu), Eduardo Navarro, expres\u00f3 su satisfacci\u00f3n de poder ser parte de este momento. \u201cComo Serviu y como Ministerio de Vivienda en general estamos poniendo todas las capacidades y el esfuerzo de nuestros t\u00e9cnicos y profesionales para garantizar el derecho a la vivienda digna y adecuada de las familias de toda la regi\u00f3n. Estos momentos nos motivan y nos permiten seguir avanzando adem\u00e1s en la meta de nuestro Plan de Emergencia Habitacional, que es entregar m\u00e1s de mil 293 viviendas en la regi\u00f3n durante el actual periodo de Gobierno. Confiamos en que superaremos esa cifra, garantizando en todo momento la seguridad y la calidad de las obras para brindar un mejor futuro a nuestras familias ayseninas\u201d, manifest\u00f3.<\/p>\n<p style=\"text-align: justify;\">Por otra parte, tanto dirigentes como familias beneficiarias se mostraron felices de poder iniciar esta nueva etapa en la esperada casa propia, un sue\u00f1o que se hace realidad despu\u00e9s de varios a\u00f1os de trabajo y esfuerzo, coincidiendo en que estos hogares no solo les permitir\u00e1n mejorar su calidad de vida, sino que tambi\u00e9n es un incentivo para que las familias m\u00e1s j\u00f3venes puedan quedarse en las localidades y no tengan que trasladarse a las ciudades m\u00e1s grandes para proyectar su futuro.<\/p>\n<p style=\"text-align: justify;\">As\u00ed lo manifest\u00f3 Jorge Barr\u00eda, de Villa \u00d1irehuao, quien se mostr\u00f3 feliz de cumplir una meta tan importante para toda familia. \u201cInfinitamente agradecido, muy contento, un sue\u00f1o realizado despu\u00e9s de tantos a\u00f1os, donde pasamos muchas cosas y gracias Dios se da la oportunidad de decir que el d\u00eda de hoy tenemos nuestras llaves, tenemos nuestra casa. Vamos a empezar con un camino nuevo, donde esperamos con mucha fe que sea un camino bonito, de progreso y ojal\u00e1 podamos disfrutar de otros adelantos junto a muchas otras familias de la localidad y de la comuna\u201d, se\u00f1al\u00f3.<\/p>\n<p style=\"text-align: justify;\">Cabe consignar que las casas para el comit\u00e9 \u201cVilla R\u00edo \u00d1irehuao\u201d, se ubican en calle Francisco de Villagra con Santiago Bueras, alcanzan entre los 47,7 y 67,7 metros cuadrados de superficie, sumando una inversi\u00f3n que bordea los 420 millones de pesos. Para el Comit\u00e9 \u201cEnfrentando el Futuro\u201d de Villa Ortega, en tanto, se entregaron seis casas de 47, 7 metros cuadrados y tres viviendas con ampliaci\u00f3n, que alcanzan los 67,7 metros cuadrados, obra que alcanz\u00f3 una inversi\u00f3n cercana a los 7 mil 500 millones de pesos.<\/p>\n<\/div><\/section><\/div><div  style='height:50px' class='hr hr-invisible   avia-builder-el-6  el_after_av_one_full  el_before_av_social_share '><span class='hr-inner ' ><span class='hr-inner-style'><\/span><\/span><\/div><\/p>\n<div  class='av-social-sharing-box  avia-builder-el-7  el_after_av_hr  el_before_av_hr  '><div class='av-share-box'><h5 class='av-share-link-description av-no-toc '>Compartir esta noticia<\/h5><ul class='av-share-box-list noLightbox'><li class='av-share-link av-social-link-facebook' ><a target=\"_blank\" aria-label=\"Compartir en Facebook\" href='https:\/\/www.facebook.com\/sharer.php?u=https:\/\/radiorevelacionfm.cl\/?p=32452&#038;t=Quince%20Familias%20de%20Villa%20Ortega%20y%20%C3%91irehuao%20recibieron%20las%20llaves%20de%20su%20casa%20propia' aria-hidden='false' data-av_icon='\ue8f3' data-av_iconfont='entypo-fontello' title='' data-avia-related-tooltip='Compartir en Facebook' rel=\"noopener\"><span class='avia_hidden_link_text'>Compartir en Facebook<\/span><\/a><\/li><li class='av-share-link av-social-link-twitter' ><a target=\"_blank\" aria-label=\"Compartir en Twitter\" href='https:\/\/twitter.com\/share?text=Quince%20Familias%20de%20Villa%20Ortega%20y%20%C3%91irehuao%20recibieron%20las%20llaves%20de%20su%20casa%20propia&#038;url=https:\/\/radiorevelacionfm.cl\/?p=32452' aria-hidden='false' data-av_icon='\ue8f1' data-av_iconfont='entypo-fontello' title='' data-avia-related-tooltip='Compartir en Twitter' rel=\"noopener\"><span class='avia_hidden_link_text'>Compartir en Twitter<\/span><\/a><\/li><li class='av-share-link av-social-link-whatsapp' ><a target=\"_blank\" aria-label=\"Compartir en Whatsapp\" href='https:\/\/api.whatsapp.com\/send?text=https:\/\/radiorevelacionfm.cl\/?p=32452' aria-hidden='false' data-av_icon='\uf232' data-av_iconfont='entypo-fontello' title='' data-avia-related-tooltip='Compartir en Whatsapp' rel=\"noopener\"><span class='avia_hidden_link_text'>Compartir en Whatsapp<\/span><\/a><\/li><li class='av-share-link av-social-link-linkedin' ><a target=\"_blank\" aria-label=\"Compartir en LinkedIn\" href='https:\/\/linkedin.com\/shareArticle?mini=true&#038;title=Quince%20Familias%20de%20Villa%20Ortega%20y%20%C3%91irehuao%20recibieron%20las%20llaves%20de%20su%20casa%20propia&#038;url=https:\/\/radiorevelacionfm.cl\/?p=32452' aria-hidden='false' data-av_icon='\ue8fc' data-av_iconfont='entypo-fontello' title='' data-avia-related-tooltip='Compartir en LinkedIn' rel=\"noopener\"><span class='avia_hidden_link_text'>Compartir en LinkedIn<\/span><\/a><\/li><li class='av-share-link av-social-link-mail' ><a  aria-label=\"Compartir por correo\" href='mailto:?subject=Quince%20Familias%20de%20Villa%20Ortega%20y%20%C3%91irehuao%20recibieron%20las%20llaves%20de%20su%20casa%20propia&#038;body=https:\/\/radiorevelacionfm.cl\/?p=32452' aria-hidden='false' data-av_icon='\ue805' data-av_iconfont='entypo-fontello' title='' data-avia-related-tooltip='Compartir por correo'><span class='avia_hidden_link_text'>Compartir por correo<\/span><\/a><\/li><\/ul><\/div><\/div>\n<div  style='height:50px' class='hr hr-invisible   avia-builder-el-8  el_after_av_social_share  el_before_av_comments_list '><span class='hr-inner ' ><span class='hr-inner-style'><\/span><\/span><\/div>\n<div  class='av-buildercomment  av-blog-meta-html-info-disabled av-blog-meta-tag-disabled  '><\/div>\n","protected":false},"excerpt":{"rendered":"","protected":false},"author":1,"featured_media":32453,"comment_status":"open","ping_status":"open","sticky":false,"template":"","format":"standard","meta":{"footnotes":""},"categories":[57],"tags":[],"class_list":["post-32452","post","type-post","status-publish","format-standard","has-post-thumbnail","hentry","category-vivienda"],"jetpack_featured_media_url":"https:\/\/radiorevelacionfm.cl\/wp-content\/uploads\/2023\/06\/casa-nirehuao-2_optimized.jpg","_links":{"self":[{"href":"https:\/\/radiorevelacionfm.cl\/index.php?rest_route=\/wp\/v2\/posts\/32452","targetHints":{"allow":["GET"]}}],"collection":[{"href":"https:\/\/radiorevelacionfm.cl\/index.php?rest_route=\/wp\/v2\/posts"}],"about":[{"href":"https:\/\/radiorevelacionfm.cl\/index.php?rest_route=\/wp\/v2\/types\/post"}],"author":[{"embeddable":true,"href":"https:\/\/radiorevelacionfm.cl\/index.php?rest_route=\/wp\/v2\/users\/1"}],"replies":[{"embeddable":true,"href":"https:\/\/radiorevelacionfm.cl\/index.php?rest_route=%2Fwp%2Fv2%2Fcomments&post=32452"}],"version-history":[{"count":1,"href":"https:\/\/radiorevelacionfm.cl\/index.php?rest_route=\/wp\/v2\/posts\/32452\/revisions"}],"predecessor-version":[{"id":32454,"href":"https:\/\/radiorevelacionfm.cl\/index.php?rest_route=\/wp\/v2\/posts\/32452\/revisions\/32454"}],"wp:featuredmedia":[{"embeddable":true,"href":"https:\/\/radiorevelacionfm.cl\/index.php?rest_route=\/wp\/v2\/media\/32453"}],"wp:attachment":[{"href":"https:\/\/radiorevelacionfm.cl\/index.php?rest_route=%2Fwp%2Fv2%2Fmedia&parent=32452"}],"wp:term":[{"taxonomy":"category","embeddable":true,"href":"https:\/\/radiorevelacionfm.cl\/index.php?rest_route=%2Fwp%2Fv2%2Fcategories&post=32452"},{"taxonomy":"post_tag","embeddable":true,"href":"https:\/\/radiorevelacionfm.cl\/index.php?rest_route=%2Fwp%2Fv2%2Ftags&post=32452"}],"curies":[{"name":"wp","href":"https:\/\/api.w.org\/{rel}","templated":true}]}}