{"id":32450,"date":"2023-06-29T10:36:56","date_gmt":"2023-06-29T13:36:56","guid":{"rendered":"https:\/\/radiorevelacionfm.cl\/?p=32450"},"modified":"2023-06-29T10:36:56","modified_gmt":"2023-06-29T13:36:56","slug":"mini-central-los-maquis-ingreso-al-sistema-de-evaluacion-ambiental-tras-concluir-proceso-voluntario-de-participacion-ciudadana-anticipada","status":"publish","type":"post","link":"https:\/\/radiorevelacionfm.cl\/?p=32450","title":{"rendered":"Mini Central Los Maquis ingres\u00f3 al Sistema de Evaluaci\u00f3n Ambiental tras concluir proceso voluntario de Participaci\u00f3n Ciudadana Anticipada"},"content":{"rendered":"<div class=\"flex_column av_one_full  flex_column_div av-zero-column-padding first  avia-builder-el-0  el_before_av_one_full  avia-builder-el-first  \" style='border-radius:0px; '><div  class='avia-image-container  av-styling-    avia-builder-el-1  avia-builder-el-no-sibling  avia-align-center '  itemprop=\"image\" itemscope=\"itemscope\" itemtype=\"https:\/\/schema.org\/ImageObject\"  ><div class='avia-image-container-inner'><div class='avia-image-overlay-wrap'><img decoding=\"async\" class='wp-image-27691 avia-img-lazy-loading-not-27691 avia_image' src=\"https:\/\/radiorevelacionfm.cl\/wp-content\/uploads\/2023\/02\/los-maquis_02-1_optimized.jpg\" alt='' title='los-maquis_02-(1)_optimized' height=\"600\" width=\"960\"  itemprop=\"thumbnailUrl\" srcset=\"https:\/\/radiorevelacionfm.cl\/wp-content\/uploads\/2023\/02\/los-maquis_02-1_optimized.jpg 960w, https:\/\/radiorevelacionfm.cl\/wp-content\/uploads\/2023\/02\/los-maquis_02-1_optimized-300x188.jpg 300w, https:\/\/radiorevelacionfm.cl\/wp-content\/uploads\/2023\/02\/los-maquis_02-1_optimized-768x480.jpg 768w, https:\/\/radiorevelacionfm.cl\/wp-content\/uploads\/2023\/02\/los-maquis_02-1_optimized-705x441.jpg 705w, https:\/\/radiorevelacionfm.cl\/wp-content\/uploads\/2023\/02\/los-maquis_02-1_optimized-600x375.jpg 600w\" sizes=\"(max-width: 960px) 100vw, 960px\" \/><\/div><\/div><\/div><\/div><div class=\"flex_column av_one_full  flex_column_div av-zero-column-padding first  avia-builder-el-2  el_after_av_one_full  el_before_av_one_full  column-top-margin\" style='border-radius:0px; '><section class=\"av_textblock_section \"  itemscope=\"itemscope\" itemtype=\"https:\/\/schema.org\/BlogPosting\" itemprop=\"blogPost\" ><div class='avia_textblock  '   itemprop=\"text\" ><p style=\"text-align: center;\"><strong><span style=\"font-size: 18pt;\">Mini Central Los Maquis ingres\u00f3 al Sistema de Evaluaci\u00f3n Ambiental tras concluir proceso voluntario de Participaci\u00f3n Ciudadana Anticipada <\/span><\/strong><\/p>\n<div id=\"gtx-trans\" style=\"position: absolute; left: -50px; top: 4.31534px;\">\n<div class=\"gtx-trans-icon\"><\/div>\n<\/div>\n<\/div><\/section><\/div><div class=\"flex_column av_one_full  flex_column_div av-zero-column-padding first  avia-builder-el-4  el_after_av_one_full  el_before_av_hr  column-top-margin\" style='border-radius:0px; '><section class=\"av_textblock_section \"  itemscope=\"itemscope\" itemtype=\"https:\/\/schema.org\/BlogPosting\" itemprop=\"blogPost\" ><div class='avia_textblock  '   itemprop=\"text\" ><p style=\"text-align: justify;\">El proyecto Mini Central Hidroel\u00e9ctrica de Pasada Los Maquis de Edelaysen finaliz\u00f3 su Proceso de Participaci\u00f3n Ciudadana Anticipada (PACA), impulsado por la empresa de forma voluntaria para conocer las inquietudes de vecinos y vecinas de Puerto Guadal y sectores aleda\u00f1os, las cuales fueron incorporadas como antecedentes que forman parte del ingreso de una Declaraci\u00f3n de Impacto Ambiental (DIA) al Sistema de Evaluaci\u00f3n de Impacto Ambiental.<\/p>\n<p style=\"text-align: justify;\">El proceso de participaci\u00f3n ciudadana se desarroll\u00f3 a trav\u00e9s de cinco campa\u00f1as en Puerto Guadal, entre noviembre de 2022 y mayo 2023, en las cuales se desarrollaron reuniones ampliadas para la comunidad, reuniones con diversas organizaciones locales, visitas a terreno junto a especialistas, mesas de trabajo en diversas tem\u00e1ticas de inter\u00e9s para la comunidad, y encuestas en l\u00ednea y puerta a puerta para asegurar la representatividad del proceso, que estuvo a cargo de la consultora Engage.<\/p>\n<p style=\"text-align: justify;\">Asimismo, el proceso de preparaci\u00f3n para el ingreso del proyecto al SEIA, comenz\u00f3 en agosto de 2022 con las primeras campa\u00f1as en terreno realizadas por diferentes especialistas de temas ambientales, y contempl\u00f3 estudios para la caracterizaci\u00f3n de los diferentes componentes ambientales, como:\u00a0 suelo, ruido y vibraciones, fauna, flora y vegetaci\u00f3n, ecosistemas acu\u00e1ticos, caudal ambiental, geolog\u00eda, hidrogeolog\u00eda, hidrolog\u00eda, arqueolog\u00eda, entomolog\u00eda, hongos y l\u00edquenes, medio humano, cambio clim\u00e1tico, \u00e1reas protegidas, uso del territorio, estudio de emisiones atmosf\u00e9ricas, paisaje y turismo, instancias que estuvieron a cargo de la consultora medioambiental Foco Ambiental.<\/p>\n<p style=\"text-align: justify;\"><strong>Proceso de Participaci\u00f3n Ciudadana Anticipada<\/strong><\/p>\n<p style=\"text-align: justify;\">Durante el proceso participaron organizaciones sociales, grupos ambientalistas y otros vecinos en forma independiente. Algunas de las definiciones alcanzadas en las mesas de trabajo y encuestas desarrolladas a la comunidad, respecto a temas para trabajar o concretar en forma posterior a la obtenci\u00f3n de la RCA favorable son: la entrega del aporte comunitario comprometido en etapas previas al proceso de evaluaci\u00f3n ambiental, donde la preferencia de la comunidad fue implementar un sistema de calefacci\u00f3n el\u00e9ctrica para\u00a0 salas de la escuela Bernardo O\u2019Higgins de la localidad de Puerto Guadal, alimentado por paneles solares. Se define tambi\u00e9n la ubicaci\u00f3n y forma de rescatar las partes de la antigua central Los Maquis, y se define el dise\u00f1o de las terminaciones de paisajismo respecto a las \u00e1reas intervenidas por el proyecto. Adem\u00e1s, para poder atender algunas preocupaciones de la comunidad, se incorporan al proceso de evaluaci\u00f3n ambiental nuevos estudios y nuevas campa\u00f1as asociadas a los estudios que estaban en desarrollo. Por otra parte, respecto al sendero tur\u00edstico para acceder al Salto de agua de la zona baja del r\u00edo Los Maquis, iniciativa que se estaba desarrollando en paralelo con el proyecto de la Mini Central, se define continuar trabajando con la comunidad y autoridades locales para definir aspectos del dise\u00f1o y forma de administrarlo entre otros aspectos, ya que no hubo consenso al respecto al t\u00e9rmino del proceso de participaci\u00f3n, por lo que se seguir\u00e1 avanzando en este proyecto pero en forma independiente de la tramitaci\u00f3n ambiental de la Mini Central.<\/p>\n<p style=\"text-align: justify;\"><strong>Proyecto el\u00e9ctrico sustentable<\/strong><\/p>\n<p style=\"text-align: justify;\">Esta mini central, habilitada en el \u00e1rea donde oper\u00f3 una antigua central en la d\u00e9cada de los \u201980, busca fortalecer la actual condici\u00f3n de fragilidad del Sistema El\u00e9ctrico del General Carrera, gracias a su ubicaci\u00f3n en el centro del sistema el\u00e9ctrico y caracter\u00edsticas t\u00e9cnicas, entregando energ\u00eda renovable no convencional, en reemplazo de generaci\u00f3n que actualmente se produce con di\u00e9sel. Lo anterior considerando que las actuales unidades de generaci\u00f3n se encuentran en los extremos del sistema el\u00e9ctrico, en las comunas de Chile Chico y Cochrane, por lo que cada vez que ocurren episodios de falla en las l\u00edneas de transmisi\u00f3n producto de las condiciones clim\u00e1ticas por ejemplo, la parte central del sistema el\u00e9ctrico queda muy vulnerable. Esta central permitir\u00e1 adem\u00e1s disminuir la generaci\u00f3n de gases de efecto invernadero, rebajando la emisi\u00f3n de CO2 y MP 2.5, ya que su capacidad de generaci\u00f3n permite evitar la combusti\u00f3n de m\u00e1s de 1.600.000 litros de combustible al a\u00f1o.<\/p>\n<p style=\"text-align: justify;\">Recordemos que la construcci\u00f3n de la Minicentral Los Maquis se inici\u00f3 en 2020 conforme a las resoluciones y permisos vigentes hasta esa fecha. S\u00f3lo en mayo de 2022, luego de un proceso legal, el Servicio de Evaluaci\u00f3n Ambiental (SEA) emiti\u00f3 un informe donde concluy\u00f3 que el proyecto deb\u00eda ingresar al Sistema de Evaluaci\u00f3n de Impacto Ambiental (SEIA), momento a partir del cual Edelaysen interrumpi\u00f3 el proceso de marcha blanca de la central, paralizando todas sus actividades, a la espera de la resoluci\u00f3n de la Superintendencia de Medio Ambiente, quien finalmente confirm\u00f3 que el proyecto deb\u00eda ingresar al SEIA.<\/p>\n<p style=\"text-align: justify;\">Finalmente, tras poco m\u00e1s de un a\u00f1o desde esta definici\u00f3n, el proyecto ingres\u00f3 este viernes 16 de junio al SEIA como una Declaraci\u00f3n de Impacto Ambiental (DIA), seg\u00fan se defini\u00f3 a partir de los estudios de caracterizaci\u00f3n de los diferentes componentes ambientales, y se acogi\u00f3 a tr\u00e1mite con fecha 22 de junio de 2023.<\/p>\n<\/div><\/section><\/div><div  style='height:50px' class='hr hr-invisible   avia-builder-el-6  el_after_av_one_full  el_before_av_social_share '><span class='hr-inner ' ><span class='hr-inner-style'><\/span><\/span><\/div><\/p>\n<div  class='av-social-sharing-box  avia-builder-el-7  el_after_av_hr  el_before_av_hr  '><div class='av-share-box'><h5 class='av-share-link-description av-no-toc '>Compartir esta noticia<\/h5><ul class='av-share-box-list noLightbox'><li class='av-share-link av-social-link-facebook' ><a target=\"_blank\" aria-label=\"Compartir en Facebook\" href='https:\/\/www.facebook.com\/sharer.php?u=https:\/\/radiorevelacionfm.cl\/?p=32450&#038;t=Mini%20Central%20Los%20Maquis%20ingres%C3%B3%20al%20Sistema%20de%20Evaluaci%C3%B3n%20Ambiental%20tras%20concluir%20proceso%20voluntario%20de%20Participaci%C3%B3n%20Ciudadana%20Anticipada' aria-hidden='false' data-av_icon='\ue8f3' data-av_iconfont='entypo-fontello' title='' data-avia-related-tooltip='Compartir en Facebook' rel=\"noopener\"><span class='avia_hidden_link_text'>Compartir en Facebook<\/span><\/a><\/li><li class='av-share-link av-social-link-twitter' ><a target=\"_blank\" aria-label=\"Compartir en Twitter\" href='https:\/\/twitter.com\/share?text=Mini%20Central%20Los%20Maquis%20ingres%C3%B3%20al%20Sistema%20de%20Evaluaci%C3%B3n%20Ambiental%20tras%20concluir%20proceso%20voluntario%20de%20Participaci%C3%B3n%20Ciudadana%20Anticipada&#038;url=https:\/\/radiorevelacionfm.cl\/?p=32450' aria-hidden='false' data-av_icon='\ue8f1' data-av_iconfont='entypo-fontello' title='' data-avia-related-tooltip='Compartir en Twitter' rel=\"noopener\"><span class='avia_hidden_link_text'>Compartir en Twitter<\/span><\/a><\/li><li class='av-share-link av-social-link-whatsapp' ><a target=\"_blank\" aria-label=\"Compartir en Whatsapp\" href='https:\/\/api.whatsapp.com\/send?text=https:\/\/radiorevelacionfm.cl\/?p=32450' aria-hidden='false' data-av_icon='\uf232' data-av_iconfont='entypo-fontello' title='' data-avia-related-tooltip='Compartir en Whatsapp' rel=\"noopener\"><span class='avia_hidden_link_text'>Compartir en Whatsapp<\/span><\/a><\/li><li class='av-share-link av-social-link-linkedin' ><a target=\"_blank\" aria-label=\"Compartir en LinkedIn\" href='https:\/\/linkedin.com\/shareArticle?mini=true&#038;title=Mini%20Central%20Los%20Maquis%20ingres%C3%B3%20al%20Sistema%20de%20Evaluaci%C3%B3n%20Ambiental%20tras%20concluir%20proceso%20voluntario%20de%20Participaci%C3%B3n%20Ciudadana%20Anticipada&#038;url=https:\/\/radiorevelacionfm.cl\/?p=32450' aria-hidden='false' data-av_icon='\ue8fc' data-av_iconfont='entypo-fontello' title='' data-avia-related-tooltip='Compartir en LinkedIn' rel=\"noopener\"><span class='avia_hidden_link_text'>Compartir en LinkedIn<\/span><\/a><\/li><li class='av-share-link av-social-link-mail' ><a  aria-label=\"Compartir por correo\" href='mailto:?subject=Mini%20Central%20Los%20Maquis%20ingres%C3%B3%20al%20Sistema%20de%20Evaluaci%C3%B3n%20Ambiental%20tras%20concluir%20proceso%20voluntario%20de%20Participaci%C3%B3n%20Ciudadana%20Anticipada&#038;body=https:\/\/radiorevelacionfm.cl\/?p=32450' aria-hidden='false' data-av_icon='\ue805' data-av_iconfont='entypo-fontello' title='' data-avia-related-tooltip='Compartir por correo'><span class='avia_hidden_link_text'>Compartir por correo<\/span><\/a><\/li><\/ul><\/div><\/div>\n<div  style='height:50px' class='hr hr-invisible   avia-builder-el-8  el_after_av_social_share  el_before_av_comments_list '><span class='hr-inner ' ><span class='hr-inner-style'><\/span><\/span><\/div>\n<div  class='av-buildercomment  av-blog-meta-html-info-disabled av-blog-meta-tag-disabled  '><\/div>\n","protected":false},"excerpt":{"rendered":"","protected":false},"author":1,"featured_media":27691,"comment_status":"open","ping_status":"open","sticky":false,"template":"","format":"standard","meta":{"footnotes":""},"categories":[39],"tags":[],"class_list":["post-32450","post","type-post","status-publish","format-standard","has-post-thumbnail","hentry","category-medio-ambiente"],"jetpack_featured_media_url":"https:\/\/radiorevelacionfm.cl\/wp-content\/uploads\/2023\/02\/los-maquis_02-1_optimized.jpg","_links":{"self":[{"href":"https:\/\/radiorevelacionfm.cl\/index.php?rest_route=\/wp\/v2\/posts\/32450","targetHints":{"allow":["GET"]}}],"collection":[{"href":"https:\/\/radiorevelacionfm.cl\/index.php?rest_route=\/wp\/v2\/posts"}],"about":[{"href":"https:\/\/radiorevelacionfm.cl\/index.php?rest_route=\/wp\/v2\/types\/post"}],"author":[{"embeddable":true,"href":"https:\/\/radiorevelacionfm.cl\/index.php?rest_route=\/wp\/v2\/users\/1"}],"replies":[{"embeddable":true,"href":"https:\/\/radiorevelacionfm.cl\/index.php?rest_route=%2Fwp%2Fv2%2Fcomments&post=32450"}],"version-history":[{"count":1,"href":"https:\/\/radiorevelacionfm.cl\/index.php?rest_route=\/wp\/v2\/posts\/32450\/revisions"}],"predecessor-version":[{"id":32451,"href":"https:\/\/radiorevelacionfm.cl\/index.php?rest_route=\/wp\/v2\/posts\/32450\/revisions\/32451"}],"wp:featuredmedia":[{"embeddable":true,"href":"https:\/\/radiorevelacionfm.cl\/index.php?rest_route=\/wp\/v2\/media\/27691"}],"wp:attachment":[{"href":"https:\/\/radiorevelacionfm.cl\/index.php?rest_route=%2Fwp%2Fv2%2Fmedia&parent=32450"}],"wp:term":[{"taxonomy":"category","embeddable":true,"href":"https:\/\/radiorevelacionfm.cl\/index.php?rest_route=%2Fwp%2Fv2%2Fcategories&post=32450"},{"taxonomy":"post_tag","embeddable":true,"href":"https:\/\/radiorevelacionfm.cl\/index.php?rest_route=%2Fwp%2Fv2%2Ftags&post=32450"}],"curies":[{"name":"wp","href":"https:\/\/api.w.org\/{rel}","templated":true}]}}