{"id":32447,"date":"2023-06-28T15:36:41","date_gmt":"2023-06-28T18:36:41","guid":{"rendered":"https:\/\/radiorevelacionfm.cl\/?p=32447"},"modified":"2023-06-28T15:36:41","modified_gmt":"2023-06-28T18:36:41","slug":"seremi-de-culturas-aysen-anuncia-nueva-version-de-dialogos-en-movimiento","status":"publish","type":"post","link":"https:\/\/radiorevelacionfm.cl\/?p=32447","title":{"rendered":"Seremi de Culturas Ays\u00e9n anuncia nueva versi\u00f3n de Di\u00e1logos en Movimiento"},"content":{"rendered":"<div class=\"flex_column av_one_full  flex_column_div av-zero-column-padding first  avia-builder-el-0  el_before_av_one_full  avia-builder-el-first  \" style='border-radius:0px; '><div  class='avia-image-container  av-styling-    avia-builder-el-1  avia-builder-el-no-sibling  avia-align-center '  itemprop=\"image\" itemscope=\"itemscope\" itemtype=\"https:\/\/schema.org\/ImageObject\"  ><div class='avia-image-container-inner'><div class='avia-image-overlay-wrap'><img decoding=\"async\" class='wp-image-32448 avia-img-lazy-loading-not-32448 avia_image' src=\"https:\/\/radiorevelacionfm.cl\/wp-content\/uploads\/2023\/06\/dialogos_movimiento-2-2.jpg\" alt='' title='dialogos_movimiento-2-2' height=\"600\" width=\"1090\"  itemprop=\"thumbnailUrl\" srcset=\"https:\/\/radiorevelacionfm.cl\/wp-content\/uploads\/2023\/06\/dialogos_movimiento-2-2.jpg 1090w, https:\/\/radiorevelacionfm.cl\/wp-content\/uploads\/2023\/06\/dialogos_movimiento-2-2-300x165.jpg 300w, https:\/\/radiorevelacionfm.cl\/wp-content\/uploads\/2023\/06\/dialogos_movimiento-2-2-1030x567.jpg 1030w, https:\/\/radiorevelacionfm.cl\/wp-content\/uploads\/2023\/06\/dialogos_movimiento-2-2-768x423.jpg 768w, https:\/\/radiorevelacionfm.cl\/wp-content\/uploads\/2023\/06\/dialogos_movimiento-2-2-705x388.jpg 705w, https:\/\/radiorevelacionfm.cl\/wp-content\/uploads\/2023\/06\/dialogos_movimiento-2-2-450x248.jpg 450w, https:\/\/radiorevelacionfm.cl\/wp-content\/uploads\/2023\/06\/dialogos_movimiento-2-2-600x330.jpg 600w\" sizes=\"(max-width: 1090px) 100vw, 1090px\" \/><\/div><\/div><\/div><\/div><div class=\"flex_column av_one_full  flex_column_div av-zero-column-padding first  avia-builder-el-2  el_after_av_one_full  el_before_av_one_full  column-top-margin\" style='border-radius:0px; '><section class=\"av_textblock_section \"  itemscope=\"itemscope\" itemtype=\"https:\/\/schema.org\/BlogPosting\" itemprop=\"blogPost\" ><div class='avia_textblock  '   itemprop=\"text\" ><p style=\"text-align: center;\"><span style=\"font-size: 18pt;\"><strong>Seremi de Culturas Ays\u00e9n anuncia nueva versi\u00f3n de Di\u00e1logos en Movimiento<\/strong><\/span><\/p>\n<div id=\"gtx-trans\" style=\"position: absolute; left: -50px; top: 4.31534px;\">\n<div class=\"gtx-trans-icon\"><\/div>\n<\/div>\n<\/div><\/section><\/div><div class=\"flex_column av_one_full  flex_column_div av-zero-column-padding first  avia-builder-el-4  el_after_av_one_full  el_before_av_hr  column-top-margin\" style='border-radius:0px; '><section class=\"av_textblock_section \"  itemscope=\"itemscope\" itemtype=\"https:\/\/schema.org\/BlogPosting\" itemprop=\"blogPost\" ><div class='avia_textblock  '   itemprop=\"text\" ><p style=\"text-align: justify;\">Como parte integral del Plan Nacional de la Lectura, el programa Di\u00e1logos en Movimiento del Ministerio de las Culturas, las Artes y el Patrimonio, aterriza nuevamente en la Regi\u00f3n de Ays\u00e9n, para llevar lectura y conversaci\u00f3n a 10 establecimientos educacionales durante el segundo semestre.<\/p>\n<p style=\"text-align: justify;\">Este a\u00f1o, dado que la alerta sanitaria por la pandemia del Covid-19 se extiende hasta el 31 de agosto, Di\u00e1logos en Movimiento se ejecutar\u00e1 en modalidad mixta: presencial y virtual en las comunas de Ays\u00e9n y Coyhaique, incluidos colegios de localidades como Villa Ma\u00f1ihuales y Puerto Chacabuco.<\/p>\n<p style=\"text-align: justify;\">Cada di\u00e1logo consta del trabajo de un escritor o escritora regional, junto a la o el mediador y al grupo de estudiantes lectores que analizan y descubren obras literarias del territorio austral. Los t\u00edtulos para leer los escoge la propia comunidad educativa.<\/p>\n<p style=\"text-align: justify;\">Felipe Quiroz, seremi de Culturas Ays\u00e9n, dijo que \u201cse trata de un momento muy esperado por los colegios y liceos de nuestra regi\u00f3n. Es una actividad en que ni\u00f1os y ni\u00f1as entran en los libros de un modo muy distinto a la lectura convencional; queremos entregar espacios y herramientas para hacer de la lectura un h\u00e1bito constante y creciente en nuestros estudiantes\u201d. La autoridad cultural a\u00f1ade que \u201cesto refuerza la nueva Pol\u00edtica de la Lectura, el Libro y las Bibliotecas, recientemente lanzada por el presidente Gabriel Boric y que incorpora, entre otras cosas, enfoques de g\u00e9nero y principios de inclusi\u00f3n e interculturalidad\u201d.<\/p>\n<p style=\"text-align: justify;\">Las 3 sesiones de cada Di\u00e1logo en Movimiento son completamente participativas e incluyen lectura de pasajes literarios y una conversaci\u00f3n directa y mediada con la o el escritor.<\/p>\n<p style=\"text-align: justify;\">El programa Di\u00e1logos en Movimiento comenzar\u00e1 sus encuentros en agosto. El escritor Eleodoro Sanhueza conversar\u00e1 sobre su novela Almas en el r\u00edo con estudiantes del Liceo San Jos\u00e9 y el Colegio Sagrada Familia de Puerto Ays\u00e9n; Alejandra Mu\u00f1oz arribar\u00e1 a los liceos Ma\u00f1ihuales y Josefina Aguirre de Coyhaique con su obra \u00a1Quiero vale 4! bajo el brazo; la escritora coyhaiquina Ivonne Co\u00f1uecar presentar\u00e1 su premiada novela Coyhaiqueer en el Ceia Municipal y en el Liceo Ricardo Navarrete de Coyhaique; Anja Schencke llevar\u00e1 sus Cuentos de Tepa al Servicio Mejor Ni\u00f1ez Preescolar de Coyhaique; el escritor Jos\u00e9 Barattini presentar\u00e1 sus Mitos, leyendas y otros relatos de la Patagonia en el Servicio Mejor Ni\u00f1ez para Adolescentes de Coyhaique; Miguel Mu\u00f1oz llegar\u00e1 con Los comebasura a la Escuela Almirante Simpson de Puerto Ays\u00e9n; y Sebasti\u00e1n Cisneros trabajar\u00e1 con los y las estudiantes del Liceo Agr\u00edcola e Industrial de la Patagonia en Coyhaique con su texto Cerdos voladores.<\/p>\n<p style=\"text-align: justify;\">Los Di\u00e1logos en Movimiento 2023 coinciden con los 10 a\u00f1os de la novela de Eleodoro Sanhueza, Almas en el R\u00edo. El escritor la compartir\u00e1 con estudiantes de Puerto Ays\u00e9n: \u201cPara m\u00ed como autor es de mucha relevancia. Siento que la actividad es un gran aporte y muy relevante para el fomento lector, porque uno como lector siempre sue\u00f1a con conocer al autor de alg\u00fan libro que ley\u00f3, por lo tanto, este hecho de que los estudiantes puedan leer un libro y luego,\u00a0a los pocos d\u00edas de haberlo terminado, conocer al autor, es muy significativo. Adem\u00e1s, tambi\u00e9n es superinteresante el hecho de que el libro Almas en el r\u00edo es muy pertinente con la ciudad de Puerto Ays\u00e9n, por lo tanto, tiene un doble valor. Uno es lo literario y lo otro es el suceso real. Me parece muy interesante que a 10 a\u00f1os de haberse publicado, todav\u00eda Almas en el r\u00edo est\u00e9 siendo una historia que gusta, que interesa\u201d.<\/p>\n<\/div><\/section><\/div><div  style='height:50px' class='hr hr-invisible   avia-builder-el-6  el_after_av_one_full  el_before_av_social_share '><span class='hr-inner ' ><span class='hr-inner-style'><\/span><\/span><\/div><\/p>\n<div  class='av-social-sharing-box  avia-builder-el-7  el_after_av_hr  el_before_av_hr  '><div class='av-share-box'><h5 class='av-share-link-description av-no-toc '>Compartir esta noticia<\/h5><ul class='av-share-box-list noLightbox'><li class='av-share-link av-social-link-facebook' ><a target=\"_blank\" aria-label=\"Compartir en Facebook\" href='https:\/\/www.facebook.com\/sharer.php?u=https:\/\/radiorevelacionfm.cl\/?p=32447&#038;t=Seremi%20de%20Culturas%20Ays%C3%A9n%20anuncia%20nueva%20versi%C3%B3n%20de%20Di%C3%A1logos%20en%20Movimiento' aria-hidden='false' data-av_icon='\ue8f3' data-av_iconfont='entypo-fontello' title='' data-avia-related-tooltip='Compartir en Facebook' rel=\"noopener\"><span class='avia_hidden_link_text'>Compartir en Facebook<\/span><\/a><\/li><li class='av-share-link av-social-link-twitter' ><a target=\"_blank\" aria-label=\"Compartir en Twitter\" href='https:\/\/twitter.com\/share?text=Seremi%20de%20Culturas%20Ays%C3%A9n%20anuncia%20nueva%20versi%C3%B3n%20de%20Di%C3%A1logos%20en%20Movimiento&#038;url=https:\/\/radiorevelacionfm.cl\/?p=32447' aria-hidden='false' data-av_icon='\ue8f1' data-av_iconfont='entypo-fontello' title='' data-avia-related-tooltip='Compartir en Twitter' rel=\"noopener\"><span class='avia_hidden_link_text'>Compartir en Twitter<\/span><\/a><\/li><li class='av-share-link av-social-link-whatsapp' ><a target=\"_blank\" aria-label=\"Compartir en Whatsapp\" href='https:\/\/api.whatsapp.com\/send?text=https:\/\/radiorevelacionfm.cl\/?p=32447' aria-hidden='false' data-av_icon='\uf232' data-av_iconfont='entypo-fontello' title='' data-avia-related-tooltip='Compartir en Whatsapp' rel=\"noopener\"><span class='avia_hidden_link_text'>Compartir en Whatsapp<\/span><\/a><\/li><li class='av-share-link av-social-link-linkedin' ><a target=\"_blank\" aria-label=\"Compartir en LinkedIn\" href='https:\/\/linkedin.com\/shareArticle?mini=true&#038;title=Seremi%20de%20Culturas%20Ays%C3%A9n%20anuncia%20nueva%20versi%C3%B3n%20de%20Di%C3%A1logos%20en%20Movimiento&#038;url=https:\/\/radiorevelacionfm.cl\/?p=32447' aria-hidden='false' data-av_icon='\ue8fc' data-av_iconfont='entypo-fontello' title='' data-avia-related-tooltip='Compartir en LinkedIn' rel=\"noopener\"><span class='avia_hidden_link_text'>Compartir en LinkedIn<\/span><\/a><\/li><li class='av-share-link av-social-link-mail' ><a  aria-label=\"Compartir por correo\" href='mailto:?subject=Seremi%20de%20Culturas%20Ays%C3%A9n%20anuncia%20nueva%20versi%C3%B3n%20de%20Di%C3%A1logos%20en%20Movimiento&#038;body=https:\/\/radiorevelacionfm.cl\/?p=32447' aria-hidden='false' data-av_icon='\ue805' data-av_iconfont='entypo-fontello' title='' data-avia-related-tooltip='Compartir por correo'><span class='avia_hidden_link_text'>Compartir por correo<\/span><\/a><\/li><\/ul><\/div><\/div>\n<div  style='height:50px' class='hr hr-invisible   avia-builder-el-8  el_after_av_social_share  el_before_av_comments_list '><span class='hr-inner ' ><span class='hr-inner-style'><\/span><\/span><\/div>\n<div  class='av-buildercomment  av-blog-meta-html-info-disabled av-blog-meta-tag-disabled  '><\/div>\n","protected":false},"excerpt":{"rendered":"","protected":false},"author":1,"featured_media":32448,"comment_status":"open","ping_status":"open","sticky":false,"template":"","format":"standard","meta":{"footnotes":""},"categories":[52],"tags":[],"class_list":["post-32447","post","type-post","status-publish","format-standard","has-post-thumbnail","hentry","category-cultura"],"jetpack_featured_media_url":"https:\/\/radiorevelacionfm.cl\/wp-content\/uploads\/2023\/06\/dialogos_movimiento-2-2.jpg","_links":{"self":[{"href":"https:\/\/radiorevelacionfm.cl\/index.php?rest_route=\/wp\/v2\/posts\/32447","targetHints":{"allow":["GET"]}}],"collection":[{"href":"https:\/\/radiorevelacionfm.cl\/index.php?rest_route=\/wp\/v2\/posts"}],"about":[{"href":"https:\/\/radiorevelacionfm.cl\/index.php?rest_route=\/wp\/v2\/types\/post"}],"author":[{"embeddable":true,"href":"https:\/\/radiorevelacionfm.cl\/index.php?rest_route=\/wp\/v2\/users\/1"}],"replies":[{"embeddable":true,"href":"https:\/\/radiorevelacionfm.cl\/index.php?rest_route=%2Fwp%2Fv2%2Fcomments&post=32447"}],"version-history":[{"count":1,"href":"https:\/\/radiorevelacionfm.cl\/index.php?rest_route=\/wp\/v2\/posts\/32447\/revisions"}],"predecessor-version":[{"id":32449,"href":"https:\/\/radiorevelacionfm.cl\/index.php?rest_route=\/wp\/v2\/posts\/32447\/revisions\/32449"}],"wp:featuredmedia":[{"embeddable":true,"href":"https:\/\/radiorevelacionfm.cl\/index.php?rest_route=\/wp\/v2\/media\/32448"}],"wp:attachment":[{"href":"https:\/\/radiorevelacionfm.cl\/index.php?rest_route=%2Fwp%2Fv2%2Fmedia&parent=32447"}],"wp:term":[{"taxonomy":"category","embeddable":true,"href":"https:\/\/radiorevelacionfm.cl\/index.php?rest_route=%2Fwp%2Fv2%2Fcategories&post=32447"},{"taxonomy":"post_tag","embeddable":true,"href":"https:\/\/radiorevelacionfm.cl\/index.php?rest_route=%2Fwp%2Fv2%2Ftags&post=32447"}],"curies":[{"name":"wp","href":"https:\/\/api.w.org\/{rel}","templated":true}]}}