{"id":32444,"date":"2023-06-28T15:25:18","date_gmt":"2023-06-28T18:25:18","guid":{"rendered":"https:\/\/radiorevelacionfm.cl\/?p=32444"},"modified":"2023-06-28T15:25:18","modified_gmt":"2023-06-28T18:25:18","slug":"comite-policial-realizan-un-llamado-a-prevenir-accidentes-esta-temporada-invernal","status":"publish","type":"post","link":"https:\/\/radiorevelacionfm.cl\/?p=32444","title":{"rendered":"Comit\u00e9 policial: realizan un llamado a prevenir accidentes esta temporada invernal"},"content":{"rendered":"<div class=\"flex_column av_one_full  flex_column_div av-zero-column-padding first  avia-builder-el-0  el_before_av_one_full  avia-builder-el-first  \" style='border-radius:0px; '><div  class='avia-image-container  av-styling-    avia-builder-el-1  avia-builder-el-no-sibling  avia-align-center '  itemprop=\"image\" itemscope=\"itemscope\" itemtype=\"https:\/\/schema.org\/ImageObject\"  ><div class='avia-image-container-inner'><div class='avia-image-overlay-wrap'><img decoding=\"async\" class='wp-image-32445 avia-img-lazy-loading-not-32445 avia_image' src=\"https:\/\/radiorevelacionfm.cl\/wp-content\/uploads\/2023\/06\/20230627091449_img_9053-2_optimized.jpg\" alt='' title='20230627091449_img_9053-2_optimized' height=\"600\" width=\"900\"  itemprop=\"thumbnailUrl\" srcset=\"https:\/\/radiorevelacionfm.cl\/wp-content\/uploads\/2023\/06\/20230627091449_img_9053-2_optimized.jpg 900w, https:\/\/radiorevelacionfm.cl\/wp-content\/uploads\/2023\/06\/20230627091449_img_9053-2_optimized-300x200.jpg 300w, https:\/\/radiorevelacionfm.cl\/wp-content\/uploads\/2023\/06\/20230627091449_img_9053-2_optimized-768x512.jpg 768w, https:\/\/radiorevelacionfm.cl\/wp-content\/uploads\/2023\/06\/20230627091449_img_9053-2_optimized-705x470.jpg 705w, https:\/\/radiorevelacionfm.cl\/wp-content\/uploads\/2023\/06\/20230627091449_img_9053-2_optimized-450x300.jpg 450w, https:\/\/radiorevelacionfm.cl\/wp-content\/uploads\/2023\/06\/20230627091449_img_9053-2_optimized-600x400.jpg 600w\" sizes=\"(max-width: 900px) 100vw, 900px\" \/><\/div><\/div><\/div><\/div><div class=\"flex_column av_one_full  flex_column_div av-zero-column-padding first  avia-builder-el-2  el_after_av_one_full  el_before_av_one_full  column-top-margin\" style='border-radius:0px; '><section class=\"av_textblock_section \"  itemscope=\"itemscope\" itemtype=\"https:\/\/schema.org\/BlogPosting\" itemprop=\"blogPost\" ><div class='avia_textblock  '   itemprop=\"text\" ><p style=\"text-align: center;\"><span style=\"font-size: 18pt;\"><strong>Comit\u00e9 policial: realizan un llamado a prevenir accidentes esta temporada invernal<\/strong><\/span><\/p>\n<div id=\"gtx-trans\" style=\"position: absolute; left: -50px; top: 4.31534px;\">\n<div class=\"gtx-trans-icon\"><\/div>\n<\/div>\n<\/div><\/section><\/div><div class=\"flex_column av_one_full  flex_column_div av-zero-column-padding first  avia-builder-el-4  el_after_av_one_full  el_before_av_hr  column-top-margin\" style='border-radius:0px; '><section class=\"av_textblock_section \"  itemscope=\"itemscope\" itemtype=\"https:\/\/schema.org\/BlogPosting\" itemprop=\"blogPost\" ><div class='avia_textblock  '   itemprop=\"text\" ><p style=\"text-align: justify;\">Durante la ma\u00f1ana de este martes, el delegado presidencial regional, Rodrigo Araya, encabez\u00f3 una nueva mesa del Comit\u00e9 Policial, instancia en la que tanto Carabineros, como la Polic\u00eda de Investigaciones, entregaron un nuevo balance de sus labores y procedimientos.<\/p>\n<p style=\"text-align: justify;\">El prefecto de la prefectura Ays\u00e9n N\u00b027, coronel Fuad Chaban, confirm\u00f3 que, durante el \u00faltimo fin de semana, los servicios realizados por carabineros alcanzaron un total de \u201cmil 862 procedimientos, con 26 detenidos por diversos delitos y mil 769 controles, sumando 72 infractores, tanto a la ley del tr\u00e1nsito, como a la Ley 19.925\u201d, que contempla el ingerir alcohol en la v\u00eda p\u00fablica o estar en manifiesto estado de ebriedad. Adem\u00e1s, se refiri\u00f3 al porte de armas, se\u00f1alando que \u201cincautamos 4 armas blancas en los controles de identidad, tanto preventivos, como investigativos\u201d.<\/p>\n<p style=\"text-align: justify;\">Del mismo modo, reforz\u00f3 la idea de que, gracias a las denuncias de las personas, se ha podido responder oportunamente frente a hechos delictivos. Junto con esto, lament\u00f3 los accidentes registrados durante estos \u00faltimos d\u00edas. \u201cTuvimos un hecho lamentable, un accidente de tr\u00e1nsito con resultado de muerte. Otros tres, resultaron con lesiones leves y dos, solamente con da\u00f1os. Respecto a los robos, la \u00faltima semana hemos tenido delitos de este tipo, pero tambi\u00e9n casos con detenci\u00f3n, donde las personas han denunciado r\u00e1pidamente y nuestro accionar tambi\u00e9n ha sido r\u00e1pido. Hemos podido detener gente en este tipo de delitos\u201d, se\u00f1al\u00f3 el prefecto a cargo de la prefectura Ays\u00e9n N\u00b027.<\/p>\n<p style=\"text-align: justify;\">Por su parte, la coordinadora de Seguridad P\u00fablica, Camila Covarrubias, hizo un llamado a la precauci\u00f3n al conducir, considerando las condiciones clim\u00e1ticas que enfrenta la regi\u00f3n. Al mismo tiempo, se refiri\u00f3 a casos de violencia intrafamiliar, tambi\u00e9n poniendo el \u00e9nfasis en la importancia de denunciar. \u201cHemos ido en alza con las denuncias de violencia intrafamiliar, lo cual es caracter\u00edstico de nuestra zona, ya que, en la agrupaci\u00f3n de delitos, es el tercero dentro de nuestra regi\u00f3n en cuanto a frecuencia, por lo tanto, la invitaci\u00f3n es a seguir denunciando, pese a que son hechos que muchas veces cuesta denunciar. El *4242 es un n\u00famero en el que podemos denunciar de manera an\u00f3nima, donde no te van a preguntar tus datos personales, ni van a ser derivados al Ministerio P\u00fablico, sino, m\u00e1s bien, se te va a consultar respecto a informaci\u00f3n del delito que se est\u00e1 denunciando\u201d, afirm\u00f3 Covarrubias, fomentando esta pr\u00e1ctica que puede salvar vidas.<\/p>\n<p style=\"text-align: justify;\">La cita, que convoca las labores coordinadas de ambos cuerpos policiales, dio cuenta no solo de los esfuerzos que se est\u00e1n realizando en la regi\u00f3n para detener los delitos, sino tambi\u00e9n, para enfrentar aquellos m\u00e1s frecuentes desde la prevenci\u00f3n, con \u00e9nfasis en las incivilidades y problemas emergentes priorizados en el Plan Regional de Seguridad P\u00fablica -violencia intrafamiliar, infracci\u00f3n a la Ley de drogas, infracci\u00f3n a la Ley de Armas, ebriedad y consumo de alcohol en la v\u00eda p\u00fablica y violencia escolar-.<\/p>\n<\/div><\/section><\/div><div  style='height:50px' class='hr hr-invisible   avia-builder-el-6  el_after_av_one_full  el_before_av_social_share '><span class='hr-inner ' ><span class='hr-inner-style'><\/span><\/span><\/div><\/p>\n<div  class='av-social-sharing-box  avia-builder-el-7  el_after_av_hr  el_before_av_hr  '><div class='av-share-box'><h5 class='av-share-link-description av-no-toc '>Compartir esta noticia<\/h5><ul class='av-share-box-list noLightbox'><li class='av-share-link av-social-link-facebook' ><a target=\"_blank\" aria-label=\"Compartir en Facebook\" href='https:\/\/www.facebook.com\/sharer.php?u=https:\/\/radiorevelacionfm.cl\/?p=32444&#038;t=Comit%C3%A9%20policial%3A%20realizan%20un%20llamado%20a%20prevenir%20accidentes%20esta%20temporada%20invernal' aria-hidden='false' data-av_icon='\ue8f3' data-av_iconfont='entypo-fontello' title='' data-avia-related-tooltip='Compartir en Facebook' rel=\"noopener\"><span class='avia_hidden_link_text'>Compartir en Facebook<\/span><\/a><\/li><li class='av-share-link av-social-link-twitter' ><a target=\"_blank\" aria-label=\"Compartir en Twitter\" href='https:\/\/twitter.com\/share?text=Comit%C3%A9%20policial%3A%20realizan%20un%20llamado%20a%20prevenir%20accidentes%20esta%20temporada%20invernal&#038;url=https:\/\/radiorevelacionfm.cl\/?p=32444' aria-hidden='false' data-av_icon='\ue8f1' data-av_iconfont='entypo-fontello' title='' data-avia-related-tooltip='Compartir en Twitter' rel=\"noopener\"><span class='avia_hidden_link_text'>Compartir en Twitter<\/span><\/a><\/li><li class='av-share-link av-social-link-whatsapp' ><a target=\"_blank\" aria-label=\"Compartir en Whatsapp\" href='https:\/\/api.whatsapp.com\/send?text=https:\/\/radiorevelacionfm.cl\/?p=32444' aria-hidden='false' data-av_icon='\uf232' data-av_iconfont='entypo-fontello' title='' data-avia-related-tooltip='Compartir en Whatsapp' rel=\"noopener\"><span class='avia_hidden_link_text'>Compartir en Whatsapp<\/span><\/a><\/li><li class='av-share-link av-social-link-linkedin' ><a target=\"_blank\" aria-label=\"Compartir en LinkedIn\" href='https:\/\/linkedin.com\/shareArticle?mini=true&#038;title=Comit%C3%A9%20policial%3A%20realizan%20un%20llamado%20a%20prevenir%20accidentes%20esta%20temporada%20invernal&#038;url=https:\/\/radiorevelacionfm.cl\/?p=32444' aria-hidden='false' data-av_icon='\ue8fc' data-av_iconfont='entypo-fontello' title='' data-avia-related-tooltip='Compartir en LinkedIn' rel=\"noopener\"><span class='avia_hidden_link_text'>Compartir en LinkedIn<\/span><\/a><\/li><li class='av-share-link av-social-link-mail' ><a  aria-label=\"Compartir por correo\" href='mailto:?subject=Comit%C3%A9%20policial%3A%20realizan%20un%20llamado%20a%20prevenir%20accidentes%20esta%20temporada%20invernal&#038;body=https:\/\/radiorevelacionfm.cl\/?p=32444' aria-hidden='false' data-av_icon='\ue805' data-av_iconfont='entypo-fontello' title='' data-avia-related-tooltip='Compartir por correo'><span class='avia_hidden_link_text'>Compartir por correo<\/span><\/a><\/li><\/ul><\/div><\/div>\n<div  style='height:50px' class='hr hr-invisible   avia-builder-el-8  el_after_av_social_share  el_before_av_comments_list '><span class='hr-inner ' ><span class='hr-inner-style'><\/span><\/span><\/div>\n<div  class='av-buildercomment  av-blog-meta-html-info-disabled av-blog-meta-tag-disabled  '><\/div>\n","protected":false},"excerpt":{"rendered":"","protected":false},"author":1,"featured_media":32445,"comment_status":"open","ping_status":"open","sticky":false,"template":"","format":"standard","meta":{"footnotes":""},"categories":[38],"tags":[],"class_list":["post-32444","post","type-post","status-publish","format-standard","has-post-thumbnail","hentry","category-regional"],"jetpack_featured_media_url":"https:\/\/radiorevelacionfm.cl\/wp-content\/uploads\/2023\/06\/20230627091449_img_9053-2_optimized.jpg","_links":{"self":[{"href":"https:\/\/radiorevelacionfm.cl\/index.php?rest_route=\/wp\/v2\/posts\/32444","targetHints":{"allow":["GET"]}}],"collection":[{"href":"https:\/\/radiorevelacionfm.cl\/index.php?rest_route=\/wp\/v2\/posts"}],"about":[{"href":"https:\/\/radiorevelacionfm.cl\/index.php?rest_route=\/wp\/v2\/types\/post"}],"author":[{"embeddable":true,"href":"https:\/\/radiorevelacionfm.cl\/index.php?rest_route=\/wp\/v2\/users\/1"}],"replies":[{"embeddable":true,"href":"https:\/\/radiorevelacionfm.cl\/index.php?rest_route=%2Fwp%2Fv2%2Fcomments&post=32444"}],"version-history":[{"count":1,"href":"https:\/\/radiorevelacionfm.cl\/index.php?rest_route=\/wp\/v2\/posts\/32444\/revisions"}],"predecessor-version":[{"id":32446,"href":"https:\/\/radiorevelacionfm.cl\/index.php?rest_route=\/wp\/v2\/posts\/32444\/revisions\/32446"}],"wp:featuredmedia":[{"embeddable":true,"href":"https:\/\/radiorevelacionfm.cl\/index.php?rest_route=\/wp\/v2\/media\/32445"}],"wp:attachment":[{"href":"https:\/\/radiorevelacionfm.cl\/index.php?rest_route=%2Fwp%2Fv2%2Fmedia&parent=32444"}],"wp:term":[{"taxonomy":"category","embeddable":true,"href":"https:\/\/radiorevelacionfm.cl\/index.php?rest_route=%2Fwp%2Fv2%2Fcategories&post=32444"},{"taxonomy":"post_tag","embeddable":true,"href":"https:\/\/radiorevelacionfm.cl\/index.php?rest_route=%2Fwp%2Fv2%2Ftags&post=32444"}],"curies":[{"name":"wp","href":"https:\/\/api.w.org\/{rel}","templated":true}]}}