{"id":32441,"date":"2023-06-28T19:30:32","date_gmt":"2023-06-28T22:30:32","guid":{"rendered":"https:\/\/radiorevelacionfm.cl\/?p=32441"},"modified":"2023-06-28T19:30:32","modified_gmt":"2023-06-28T22:30:32","slug":"escuela-del-campesino-realizo-capacitacion-de-derechos-de-agua-y-proyectos-de-riego-en-villa-manihuales","status":"publish","type":"post","link":"https:\/\/radiorevelacionfm.cl\/?p=32441","title":{"rendered":"Escuela del Campesino realiz\u00f3 capacitaci\u00f3n de derechos de agua y proyectos de riego en Villa Ma\u00f1ihuales"},"content":{"rendered":"<div class=\"flex_column av_one_full  flex_column_div av-zero-column-padding first  avia-builder-el-0  el_before_av_one_full  avia-builder-el-first  \" style='border-radius:0px; '><div  class='avia-image-container  av-styling-    avia-builder-el-1  avia-builder-el-no-sibling  avia-align-center '  itemprop=\"image\" itemscope=\"itemscope\" itemtype=\"https:\/\/schema.org\/ImageObject\"  ><div class='avia-image-container-inner'><div class='avia-image-overlay-wrap'><img decoding=\"async\" class='wp-image-32442 avia-img-lazy-loading-not-32442 avia_image' src=\"https:\/\/radiorevelacionfm.cl\/wp-content\/uploads\/2023\/06\/fotografia-2_optimized.jpg\" alt='' title='fotograf\u00eda-2_optimized' height=\"600\" width=\"1058\"  itemprop=\"thumbnailUrl\" srcset=\"https:\/\/radiorevelacionfm.cl\/wp-content\/uploads\/2023\/06\/fotografia-2_optimized.jpg 1058w, https:\/\/radiorevelacionfm.cl\/wp-content\/uploads\/2023\/06\/fotografia-2_optimized-300x170.jpg 300w, https:\/\/radiorevelacionfm.cl\/wp-content\/uploads\/2023\/06\/fotografia-2_optimized-1030x584.jpg 1030w, https:\/\/radiorevelacionfm.cl\/wp-content\/uploads\/2023\/06\/fotografia-2_optimized-768x436.jpg 768w, https:\/\/radiorevelacionfm.cl\/wp-content\/uploads\/2023\/06\/fotografia-2_optimized-705x400.jpg 705w, https:\/\/radiorevelacionfm.cl\/wp-content\/uploads\/2023\/06\/fotografia-2_optimized-450x255.jpg 450w, https:\/\/radiorevelacionfm.cl\/wp-content\/uploads\/2023\/06\/fotografia-2_optimized-600x340.jpg 600w\" sizes=\"(max-width: 1058px) 100vw, 1058px\" \/><\/div><\/div><\/div><\/div><div class=\"flex_column av_one_full  flex_column_div av-zero-column-padding first  avia-builder-el-2  el_after_av_one_full  el_before_av_one_full  column-top-margin\" style='border-radius:0px; '><section class=\"av_textblock_section \"  itemscope=\"itemscope\" itemtype=\"https:\/\/schema.org\/BlogPosting\" itemprop=\"blogPost\" ><div class='avia_textblock  '   itemprop=\"text\" ><p style=\"text-align: center;\"><strong><span style=\"font-size: 18pt;\">Escuela del Campesino realiz\u00f3 capacitaci\u00f3n de derechos de agua y proyectos de riego en Villa Ma\u00f1ihuales<\/span><\/strong><\/p>\n<div id=\"gtx-trans\" style=\"position: absolute; left: -50px; top: 4.31534px;\">\n<div class=\"gtx-trans-icon\"><\/div>\n<\/div>\n<\/div><\/section><\/div><div class=\"flex_column av_one_full  flex_column_div av-zero-column-padding first  avia-builder-el-4  el_after_av_one_full  el_before_av_hr  column-top-margin\" style='border-radius:0px; '><section class=\"av_textblock_section \"  itemscope=\"itemscope\" itemtype=\"https:\/\/schema.org\/BlogPosting\" itemprop=\"blogPost\" ><div class='avia_textblock  '   itemprop=\"text\" ><p style=\"text-align: justify;\">La Oficina del Campesino de la Ilustre Municipalidad de Ays\u00e9n entreg\u00f3 una nueva capacitaci\u00f3n en el marco de la Escuela del Campesino, iniciativa que busca brindar conocimientos y herramientas a los agricultores de la regi\u00f3n. En esta ocasi\u00f3n, se llev\u00f3 a cabo la capacitaci\u00f3n sobre \u201cDerechos de agua y proyectos de riego\u201d, moderada por Carlos Flores, abogado de la Direcci\u00f3n General de Aguas, DGA.<\/p>\n<p style=\"text-align: justify;\">La capacitaci\u00f3n fue de vital importancia para las y los campesinos ya que se brind\u00f3 informaci\u00f3n sobre las modificaciones al c\u00f3digo de aguas, tanto a nivel regional como nacional.<\/p>\n<p style=\"text-align: justify;\">H\u00e9ctor C\u00f3rtes, director regional de Aguas en la Regi\u00f3n de Ays\u00e9n, destaca la relevancia que en la comunidad se conozcan las modificaciones al C\u00f3digo de Aguas, ya que esto fortalece el acceso igualitario y oportuno a recursos h\u00eddricos, adapt\u00e1ndose a las distintas situaciones y necesidades de cada persona.<\/p>\n<p style=\"text-align: justify;\">Carlos Flores, abogado de la Direcci\u00f3n General de Aguas en la Regi\u00f3n de Ays\u00e9n, explic\u00f3 que el objetivo de la capacitaci\u00f3n fue informar sobre las principales modificaciones al C\u00f3digo de Aguas realizadas el a\u00f1o pasado, en virtud de la Ley 21.435. Se\u00f1alando que recientemente se aprob\u00f3 una nueva Ley que prorroga ciertos plazos establecidos en la reforma de 2022, lo cual hace a\u00fan m\u00e1s relevante que la ciudadan\u00eda est\u00e9 al tanto de estos plazos y las obligaciones que implican. Adem\u00e1s, se abordaron inquietudes de la comunidad, especialmente en relaci\u00f3n con la obligaci\u00f3n de informar sobre las extracciones de aguas, tanto superficiales como subterr\u00e1neas. La intenci\u00f3n es intensificar las comunicaciones para que la comunidad pueda cumplir con esta nueva norma sin dificultades, espec\u00edfica Flores.<\/p>\n<p style=\"text-align: justify;\">Por otro lado, Danahe Sandoval, profesional de la Oficina del Campesino, destaca que esta capacitaci\u00f3n se llev\u00f3 a cabo en Puerto Ays\u00e9n con presencia de la comunidad de Villa Ma\u00f1ihuales, oportunidad donde expresaron la necesidad de una capacitaci\u00f3n presencial. Ahora, la profesional insta a quienes ya cuentan con sus derechos de agua aprobadas por la Direcci\u00f3n General de Aguas, a obtener el documento oficial y realizar la inscripci\u00f3n correspondiente en el Conservatorio de Bienes Ra\u00edces y en el Catastro P\u00fablico de Aguas, para evitar la p\u00e9rdida de sus derechos debido a la \u00faltima modificaci\u00f3n del C\u00f3digo de Aguas. \u201cLa verdad es que esta informaci\u00f3n no es tan f\u00e1cil de entender, pero cuando se dan los espacios y la oportunidad para contestar y resolver las dudas, queda satisfactoriamente todo resuelto y claro d\u00f3nde y qu\u00e9 tr\u00e1mite espec\u00edficamente tienen que hacer\u201d, comenta Danahe Sandoval.<\/p>\n<p style=\"text-align: justify;\">La Oficina del Campesino se muestra satisfecha por llevar esta informaci\u00f3n a las y los agricultores, resolviendo sus dudas. Asimismo, la Escuela del Campesino seguir\u00e1 capacitando en distintas tem\u00e1ticas durante este 2023 con una convocatoria abierta a toda la comunidad.<\/p>\n<\/div><\/section><\/div><div  style='height:50px' class='hr hr-invisible   avia-builder-el-6  el_after_av_one_full  el_before_av_social_share '><span class='hr-inner ' ><span class='hr-inner-style'><\/span><\/span><\/div><\/p>\n<div  class='av-social-sharing-box  avia-builder-el-7  el_after_av_hr  el_before_av_hr  '><div class='av-share-box'><h5 class='av-share-link-description av-no-toc '>Compartir esta noticia<\/h5><ul class='av-share-box-list noLightbox'><li class='av-share-link av-social-link-facebook' ><a target=\"_blank\" aria-label=\"Compartir en Facebook\" href='https:\/\/www.facebook.com\/sharer.php?u=https:\/\/radiorevelacionfm.cl\/?p=32441&#038;t=Escuela%20del%20Campesino%20realiz%C3%B3%20capacitaci%C3%B3n%20de%20derechos%20de%20agua%20y%20proyectos%20de%20riego%20en%20Villa%20Ma%C3%B1ihuales' aria-hidden='false' data-av_icon='\ue8f3' data-av_iconfont='entypo-fontello' title='' data-avia-related-tooltip='Compartir en Facebook' rel=\"noopener\"><span class='avia_hidden_link_text'>Compartir en Facebook<\/span><\/a><\/li><li class='av-share-link av-social-link-twitter' ><a target=\"_blank\" aria-label=\"Compartir en Twitter\" href='https:\/\/twitter.com\/share?text=Escuela%20del%20Campesino%20realiz%C3%B3%20capacitaci%C3%B3n%20de%20derechos%20de%20agua%20y%20proyectos%20de%20riego%20en%20Villa%20Ma%C3%B1ihuales&#038;url=https:\/\/radiorevelacionfm.cl\/?p=32441' aria-hidden='false' data-av_icon='\ue8f1' data-av_iconfont='entypo-fontello' title='' data-avia-related-tooltip='Compartir en Twitter' rel=\"noopener\"><span class='avia_hidden_link_text'>Compartir en Twitter<\/span><\/a><\/li><li class='av-share-link av-social-link-whatsapp' ><a target=\"_blank\" aria-label=\"Compartir en Whatsapp\" href='https:\/\/api.whatsapp.com\/send?text=https:\/\/radiorevelacionfm.cl\/?p=32441' aria-hidden='false' data-av_icon='\uf232' data-av_iconfont='entypo-fontello' title='' data-avia-related-tooltip='Compartir en Whatsapp' rel=\"noopener\"><span class='avia_hidden_link_text'>Compartir en Whatsapp<\/span><\/a><\/li><li class='av-share-link av-social-link-linkedin' ><a target=\"_blank\" aria-label=\"Compartir en LinkedIn\" href='https:\/\/linkedin.com\/shareArticle?mini=true&#038;title=Escuela%20del%20Campesino%20realiz%C3%B3%20capacitaci%C3%B3n%20de%20derechos%20de%20agua%20y%20proyectos%20de%20riego%20en%20Villa%20Ma%C3%B1ihuales&#038;url=https:\/\/radiorevelacionfm.cl\/?p=32441' aria-hidden='false' data-av_icon='\ue8fc' data-av_iconfont='entypo-fontello' title='' data-avia-related-tooltip='Compartir en LinkedIn' rel=\"noopener\"><span class='avia_hidden_link_text'>Compartir en LinkedIn<\/span><\/a><\/li><li class='av-share-link av-social-link-mail' ><a  aria-label=\"Compartir por correo\" href='mailto:?subject=Escuela%20del%20Campesino%20realiz%C3%B3%20capacitaci%C3%B3n%20de%20derechos%20de%20agua%20y%20proyectos%20de%20riego%20en%20Villa%20Ma%C3%B1ihuales&#038;body=https:\/\/radiorevelacionfm.cl\/?p=32441' aria-hidden='false' data-av_icon='\ue805' data-av_iconfont='entypo-fontello' title='' data-avia-related-tooltip='Compartir por correo'><span class='avia_hidden_link_text'>Compartir por correo<\/span><\/a><\/li><\/ul><\/div><\/div>\n<div  style='height:50px' class='hr hr-invisible   avia-builder-el-8  el_after_av_social_share  el_before_av_comments_list '><span class='hr-inner ' ><span class='hr-inner-style'><\/span><\/span><\/div>\n<div  class='av-buildercomment  av-blog-meta-html-info-disabled av-blog-meta-tag-disabled  '><\/div>\n","protected":false},"excerpt":{"rendered":"","protected":false},"author":1,"featured_media":32442,"comment_status":"open","ping_status":"open","sticky":false,"template":"","format":"standard","meta":{"footnotes":""},"categories":[38],"tags":[],"class_list":["post-32441","post","type-post","status-publish","format-standard","has-post-thumbnail","hentry","category-regional"],"jetpack_featured_media_url":"https:\/\/radiorevelacionfm.cl\/wp-content\/uploads\/2023\/06\/fotografia-2_optimized.jpg","_links":{"self":[{"href":"https:\/\/radiorevelacionfm.cl\/index.php?rest_route=\/wp\/v2\/posts\/32441","targetHints":{"allow":["GET"]}}],"collection":[{"href":"https:\/\/radiorevelacionfm.cl\/index.php?rest_route=\/wp\/v2\/posts"}],"about":[{"href":"https:\/\/radiorevelacionfm.cl\/index.php?rest_route=\/wp\/v2\/types\/post"}],"author":[{"embeddable":true,"href":"https:\/\/radiorevelacionfm.cl\/index.php?rest_route=\/wp\/v2\/users\/1"}],"replies":[{"embeddable":true,"href":"https:\/\/radiorevelacionfm.cl\/index.php?rest_route=%2Fwp%2Fv2%2Fcomments&post=32441"}],"version-history":[{"count":1,"href":"https:\/\/radiorevelacionfm.cl\/index.php?rest_route=\/wp\/v2\/posts\/32441\/revisions"}],"predecessor-version":[{"id":32443,"href":"https:\/\/radiorevelacionfm.cl\/index.php?rest_route=\/wp\/v2\/posts\/32441\/revisions\/32443"}],"wp:featuredmedia":[{"embeddable":true,"href":"https:\/\/radiorevelacionfm.cl\/index.php?rest_route=\/wp\/v2\/media\/32442"}],"wp:attachment":[{"href":"https:\/\/radiorevelacionfm.cl\/index.php?rest_route=%2Fwp%2Fv2%2Fmedia&parent=32441"}],"wp:term":[{"taxonomy":"category","embeddable":true,"href":"https:\/\/radiorevelacionfm.cl\/index.php?rest_route=%2Fwp%2Fv2%2Fcategories&post=32441"},{"taxonomy":"post_tag","embeddable":true,"href":"https:\/\/radiorevelacionfm.cl\/index.php?rest_route=%2Fwp%2Fv2%2Ftags&post=32441"}],"curies":[{"name":"wp","href":"https:\/\/api.w.org\/{rel}","templated":true}]}}