{"id":32438,"date":"2023-06-28T14:27:25","date_gmt":"2023-06-28T17:27:25","guid":{"rendered":"https:\/\/radiorevelacionfm.cl\/?p=32438"},"modified":"2023-06-28T14:27:25","modified_gmt":"2023-06-28T17:27:25","slug":"tras-varamiento-de-ballena-franca-austral-en-melinka-sernapesca-presenta-denuncia-ante-el-ministerio-publico","status":"publish","type":"post","link":"https:\/\/radiorevelacionfm.cl\/?p=32438","title":{"rendered":"Tras varamiento de ballena franca austral en Melinka, Sernapesca presenta denuncia ante el Ministerio P\u00fablico"},"content":{"rendered":"<div class=\"flex_column av_one_full  flex_column_div av-zero-column-padding first  avia-builder-el-0  el_before_av_one_full  avia-builder-el-first  \" style='border-radius:0px; '><div  class='avia-image-container  av-styling-    avia-builder-el-1  avia-builder-el-no-sibling  avia-align-center '  itemprop=\"image\" itemscope=\"itemscope\" itemtype=\"https:\/\/schema.org\/ImageObject\"  ><div class='avia-image-container-inner'><div class='avia-image-overlay-wrap'><img decoding=\"async\" class='wp-image-32439 avia-img-lazy-loading-not-32439 avia_image' src=\"https:\/\/radiorevelacionfm.cl\/wp-content\/uploads\/2023\/06\/image-119-2.jpg\" alt='' title='image-119-2' height=\"600\" width=\"678\"  itemprop=\"thumbnailUrl\" srcset=\"https:\/\/radiorevelacionfm.cl\/wp-content\/uploads\/2023\/06\/image-119-2.jpg 678w, https:\/\/radiorevelacionfm.cl\/wp-content\/uploads\/2023\/06\/image-119-2-300x265.jpg 300w, https:\/\/radiorevelacionfm.cl\/wp-content\/uploads\/2023\/06\/image-119-2-450x398.jpg 450w, https:\/\/radiorevelacionfm.cl\/wp-content\/uploads\/2023\/06\/image-119-2-600x531.jpg 600w\" sizes=\"(max-width: 678px) 100vw, 678px\" \/><\/div><\/div><\/div><\/div><div class=\"flex_column av_one_full  flex_column_div av-zero-column-padding first  avia-builder-el-2  el_after_av_one_full  el_before_av_one_full  column-top-margin\" style='border-radius:0px; '><section class=\"av_textblock_section \"  itemscope=\"itemscope\" itemtype=\"https:\/\/schema.org\/BlogPosting\" itemprop=\"blogPost\" ><div class='avia_textblock  '   itemprop=\"text\" ><p style=\"text-align: center;\"><strong><span style=\"font-size: 18pt;\">Tras varamiento de ballena franca austral en Melinka, Sernapesca presenta denuncia ante el Ministerio P\u00fablico<\/span><\/strong><\/p>\n<div id=\"gtx-trans\" style=\"position: absolute; left: -50px; top: 4.31534px;\">\n<div class=\"gtx-trans-icon\"><\/div>\n<\/div>\n<\/div><\/section><\/div><div class=\"flex_column av_one_full  flex_column_div av-zero-column-padding first  avia-builder-el-4  el_after_av_one_full  el_before_av_hr  column-top-margin\" style='border-radius:0px; '><section class=\"av_textblock_section \"  itemscope=\"itemscope\" itemtype=\"https:\/\/schema.org\/BlogPosting\" itemprop=\"blogPost\" ><div class='avia_textblock  '   itemprop=\"text\" ><p style=\"text-align: justify;\">Tras el varamiento de una ballena franca austral <em>(Eubalaena australis)<\/em> en Melinka, regi\u00f3n de Ays\u00e9n, el Servicio Nacional de Pesca y Acuicultura (Sernapesca) moviliz\u00f3 al profesional experto en rescate de fauna marina de la Direcci\u00f3n Nacional del servicio, Mauricio Ulloa, junto a un equipo del Centro de Conservaci\u00f3n Cet\u00e1cea, quienes viajaron hasta el lugar para realizar el procedimiento ante este tipo de eventos.<\/p>\n<p style=\"text-align: justify;\">En este sentido, el equipo se encarg\u00f3 de realizar la respectiva toma de muestras y medici\u00f3n del animal, conforme a los lineamientos establecidos en el programa de conservaci\u00f3n y manejo de la Comisi\u00f3n Ballenera Internacional (CBI), de la cual Sernapesca forma parte a trav\u00e9s de su comit\u00e9 de expertos.<\/p>\n<p style=\"text-align: justify;\">La causa de muerte de este esp\u00e9cimen no se puede confirmar sino hasta contar con los resultados del estudio histopatol\u00f3gico que se har\u00e1 en la Universidad de Las Palmas de Gran Canaria, Espa\u00f1a. Cabe destacar que la ballena franca austral, adem\u00e1s, se encuentra, seg\u00fan la clasificaci\u00f3n de la Uni\u00f3n Internacional para la Conservaci\u00f3n de la Naturaleza (UICN), en peligro cr\u00edtico de extinci\u00f3n.<\/p>\n<p style=\"text-align: justify;\">Al respecto, Jorge Padilla, director regional (s) de Sernapesca Ays\u00e9n indic\u00f3 que \u201ccon el objetivo de esclarecer los hechos, hemos presentado una denuncia ante el Ministerio P\u00fablico de Puerto Ays\u00e9n, con el fin principal de asegurar que se investigue a fondo el incidente y se determinen las responsabilidades correspondientes\u201d.<\/p>\n<p style=\"text-align: justify;\">Sernapesca reafirma su compromiso con la conservaci\u00f3n de la fauna marina y\u00a0 por ello realiza un llamado a denunciar los varamientos de fauna marina protegidas, adem\u00e1s de no acercarse ni manipular a estos ejemplares.<\/p>\n<\/div><\/section><\/div><div  style='height:50px' class='hr hr-invisible   avia-builder-el-6  el_after_av_one_full  el_before_av_social_share '><span class='hr-inner ' ><span class='hr-inner-style'><\/span><\/span><\/div><\/p>\n<div  class='av-social-sharing-box  avia-builder-el-7  el_after_av_hr  el_before_av_hr  '><div class='av-share-box'><h5 class='av-share-link-description av-no-toc '>Compartir esta noticia<\/h5><ul class='av-share-box-list noLightbox'><li class='av-share-link av-social-link-facebook' ><a target=\"_blank\" aria-label=\"Compartir en Facebook\" href='https:\/\/www.facebook.com\/sharer.php?u=https:\/\/radiorevelacionfm.cl\/?p=32438&#038;t=Tras%20varamiento%20de%20ballena%20franca%20austral%20en%20Melinka%2C%20Sernapesca%20presenta%20denuncia%20ante%20el%20Ministerio%20P%C3%BAblico' aria-hidden='false' data-av_icon='\ue8f3' data-av_iconfont='entypo-fontello' title='' data-avia-related-tooltip='Compartir en Facebook' rel=\"noopener\"><span class='avia_hidden_link_text'>Compartir en Facebook<\/span><\/a><\/li><li class='av-share-link av-social-link-twitter' ><a target=\"_blank\" aria-label=\"Compartir en Twitter\" href='https:\/\/twitter.com\/share?text=Tras%20varamiento%20de%20ballena%20franca%20austral%20en%20Melinka%2C%20Sernapesca%20presenta%20denuncia%20ante%20el%20Ministerio%20P%C3%BAblico&#038;url=https:\/\/radiorevelacionfm.cl\/?p=32438' aria-hidden='false' data-av_icon='\ue8f1' data-av_iconfont='entypo-fontello' title='' data-avia-related-tooltip='Compartir en Twitter' rel=\"noopener\"><span class='avia_hidden_link_text'>Compartir en Twitter<\/span><\/a><\/li><li class='av-share-link av-social-link-whatsapp' ><a target=\"_blank\" aria-label=\"Compartir en Whatsapp\" href='https:\/\/api.whatsapp.com\/send?text=https:\/\/radiorevelacionfm.cl\/?p=32438' aria-hidden='false' data-av_icon='\uf232' data-av_iconfont='entypo-fontello' title='' data-avia-related-tooltip='Compartir en Whatsapp' rel=\"noopener\"><span class='avia_hidden_link_text'>Compartir en Whatsapp<\/span><\/a><\/li><li class='av-share-link av-social-link-linkedin' ><a target=\"_blank\" aria-label=\"Compartir en LinkedIn\" href='https:\/\/linkedin.com\/shareArticle?mini=true&#038;title=Tras%20varamiento%20de%20ballena%20franca%20austral%20en%20Melinka%2C%20Sernapesca%20presenta%20denuncia%20ante%20el%20Ministerio%20P%C3%BAblico&#038;url=https:\/\/radiorevelacionfm.cl\/?p=32438' aria-hidden='false' data-av_icon='\ue8fc' data-av_iconfont='entypo-fontello' title='' data-avia-related-tooltip='Compartir en LinkedIn' rel=\"noopener\"><span class='avia_hidden_link_text'>Compartir en LinkedIn<\/span><\/a><\/li><li class='av-share-link av-social-link-mail' ><a  aria-label=\"Compartir por correo\" href='mailto:?subject=Tras%20varamiento%20de%20ballena%20franca%20austral%20en%20Melinka%2C%20Sernapesca%20presenta%20denuncia%20ante%20el%20Ministerio%20P%C3%BAblico&#038;body=https:\/\/radiorevelacionfm.cl\/?p=32438' aria-hidden='false' data-av_icon='\ue805' data-av_iconfont='entypo-fontello' title='' data-avia-related-tooltip='Compartir por correo'><span class='avia_hidden_link_text'>Compartir por correo<\/span><\/a><\/li><\/ul><\/div><\/div>\n<div  style='height:50px' class='hr hr-invisible   avia-builder-el-8  el_after_av_social_share  el_before_av_comments_list '><span class='hr-inner ' ><span class='hr-inner-style'><\/span><\/span><\/div>\n<div  class='av-buildercomment  av-blog-meta-html-info-disabled av-blog-meta-tag-disabled  '><\/div>\n","protected":false},"excerpt":{"rendered":"","protected":false},"author":1,"featured_media":32439,"comment_status":"open","ping_status":"open","sticky":false,"template":"","format":"standard","meta":{"footnotes":""},"categories":[60],"tags":[],"class_list":["post-32438","post","type-post","status-publish","format-standard","has-post-thumbnail","hentry","category-pesca"],"jetpack_featured_media_url":"https:\/\/radiorevelacionfm.cl\/wp-content\/uploads\/2023\/06\/image-119-2.jpg","_links":{"self":[{"href":"https:\/\/radiorevelacionfm.cl\/index.php?rest_route=\/wp\/v2\/posts\/32438","targetHints":{"allow":["GET"]}}],"collection":[{"href":"https:\/\/radiorevelacionfm.cl\/index.php?rest_route=\/wp\/v2\/posts"}],"about":[{"href":"https:\/\/radiorevelacionfm.cl\/index.php?rest_route=\/wp\/v2\/types\/post"}],"author":[{"embeddable":true,"href":"https:\/\/radiorevelacionfm.cl\/index.php?rest_route=\/wp\/v2\/users\/1"}],"replies":[{"embeddable":true,"href":"https:\/\/radiorevelacionfm.cl\/index.php?rest_route=%2Fwp%2Fv2%2Fcomments&post=32438"}],"version-history":[{"count":1,"href":"https:\/\/radiorevelacionfm.cl\/index.php?rest_route=\/wp\/v2\/posts\/32438\/revisions"}],"predecessor-version":[{"id":32440,"href":"https:\/\/radiorevelacionfm.cl\/index.php?rest_route=\/wp\/v2\/posts\/32438\/revisions\/32440"}],"wp:featuredmedia":[{"embeddable":true,"href":"https:\/\/radiorevelacionfm.cl\/index.php?rest_route=\/wp\/v2\/media\/32439"}],"wp:attachment":[{"href":"https:\/\/radiorevelacionfm.cl\/index.php?rest_route=%2Fwp%2Fv2%2Fmedia&parent=32438"}],"wp:term":[{"taxonomy":"category","embeddable":true,"href":"https:\/\/radiorevelacionfm.cl\/index.php?rest_route=%2Fwp%2Fv2%2Fcategories&post=32438"},{"taxonomy":"post_tag","embeddable":true,"href":"https:\/\/radiorevelacionfm.cl\/index.php?rest_route=%2Fwp%2Fv2%2Ftags&post=32438"}],"curies":[{"name":"wp","href":"https:\/\/api.w.org\/{rel}","templated":true}]}}