{"id":32436,"date":"2023-06-28T13:51:56","date_gmt":"2023-06-28T16:51:56","guid":{"rendered":"https:\/\/radiorevelacionfm.cl\/?p=32436"},"modified":"2023-06-28T13:51:56","modified_gmt":"2023-06-28T16:51:56","slug":"presidio-perpetuo-para-imputado-por-diversos-delitos-de-connotacion-sexual-cometidos-en-contra-de-su-hijastra","status":"publish","type":"post","link":"https:\/\/radiorevelacionfm.cl\/?p=32436","title":{"rendered":"Presidio perpetuo para imputado por diversos delitos de connotaci\u00f3n sexual cometidos en contra de su hijastra"},"content":{"rendered":"<div class=\"flex_column av_one_full  flex_column_div av-zero-column-padding first  avia-builder-el-0  el_before_av_one_full  avia-builder-el-first  \" style='border-radius:0px; '><div  class='avia-image-container  av-styling-    avia-builder-el-1  avia-builder-el-no-sibling  avia-align-center '  itemprop=\"image\" itemscope=\"itemscope\" itemtype=\"https:\/\/schema.org\/ImageObject\"  ><div class='avia-image-container-inner'><div class='avia-image-overlay-wrap'><img decoding=\"async\" class='wp-image-31966 avia-img-lazy-loading-not-31966 avia_image' src=\"https:\/\/radiorevelacionfm.cl\/wp-content\/uploads\/2023\/06\/fiscalia_aysen1-2-1_optimized.jpg\" alt='' title='fiscalia_aysen1-(2)-(1)_optimized' height=\"600\" width=\"900\"  itemprop=\"thumbnailUrl\" srcset=\"https:\/\/radiorevelacionfm.cl\/wp-content\/uploads\/2023\/06\/fiscalia_aysen1-2-1_optimized.jpg 900w, https:\/\/radiorevelacionfm.cl\/wp-content\/uploads\/2023\/06\/fiscalia_aysen1-2-1_optimized-300x200.jpg 300w, https:\/\/radiorevelacionfm.cl\/wp-content\/uploads\/2023\/06\/fiscalia_aysen1-2-1_optimized-768x512.jpg 768w, https:\/\/radiorevelacionfm.cl\/wp-content\/uploads\/2023\/06\/fiscalia_aysen1-2-1_optimized-705x470.jpg 705w, https:\/\/radiorevelacionfm.cl\/wp-content\/uploads\/2023\/06\/fiscalia_aysen1-2-1_optimized-450x300.jpg 450w, https:\/\/radiorevelacionfm.cl\/wp-content\/uploads\/2023\/06\/fiscalia_aysen1-2-1_optimized-600x400.jpg 600w\" sizes=\"(max-width: 900px) 100vw, 900px\" \/><\/div><\/div><\/div><\/div><div class=\"flex_column av_one_full  flex_column_div av-zero-column-padding first  avia-builder-el-2  el_after_av_one_full  el_before_av_one_full  column-top-margin\" style='border-radius:0px; '><section class=\"av_textblock_section \"  itemscope=\"itemscope\" itemtype=\"https:\/\/schema.org\/BlogPosting\" itemprop=\"blogPost\" ><div class='avia_textblock  '   itemprop=\"text\" ><p style=\"text-align: center;\"><strong><span style=\"font-size: 18pt;\">Presidio perpetuo para imputado por diversos delitos de connotaci\u00f3n sexual cometidos en contra de su hijastra<\/span><\/strong><\/p>\n<div id=\"gtx-trans\" style=\"position: absolute; left: -50px; top: 4.31534px;\">\n<div class=\"gtx-trans-icon\"><\/div>\n<\/div>\n<\/div><\/section><\/div><div class=\"flex_column av_one_full  flex_column_div av-zero-column-padding first  avia-builder-el-4  el_after_av_one_full  el_before_av_hr  column-top-margin\" style='border-radius:0px; '><section class=\"av_textblock_section \"  itemscope=\"itemscope\" itemtype=\"https:\/\/schema.org\/BlogPosting\" itemprop=\"blogPost\" ><div class='avia_textblock  '   itemprop=\"text\" ><p style=\"text-align: justify;\">\u201cLa Fiscal\u00eda Local de Puerto Ays\u00e9n obtuvo sentencia condenatoria ante el Tribunal de Juicio Oral en lo Penal de Coyhaique, por los delitos de violaci\u00f3n y abuso sexual reiterado cometidos por un imputado en perjuicio de una menor de 14 a\u00f1os, en el transcurso de los a\u00f1os 2019 al 2022\u201d, inform\u00f3 el fiscal jefe de Puerto Ays\u00e9n, Pedro Poblete en un caso que involucr\u00f3 diversos hechos de connotaci\u00f3n sexual perpetrados en contra de una ni\u00f1a.<\/p>\n<p style=\"text-align: justify;\">\u201cConforme al m\u00e9rito de la prueba rendida ante dicho Tribunal de Juicio Oral, se tuvo por establecido que el imputado en, a lo menos tres oportunidades, abus\u00f3 sexualmente (de la ni\u00f1a) y en otras tres, viol\u00f3 a la menor que en ese entonces era su hijastra\u201d, a\u00f1adi\u00f3 el persecutor penal.<\/p>\n<p style=\"text-align: justify;\">El fiscal Poblete agreg\u00f3 que debido a que \u201cel hecho fue cometido cuando el imputado ten\u00eda bajo su cuidado a la menor, se estableci\u00f3 como pena la de presidio perpetuo simple\u201d. Lo anterior, en consideraci\u00f3n de la gravedad de los delitos y la reiteraci\u00f3n de los mismos.<\/p>\n<p style=\"text-align: justify;\">En este caso, fue determinante el rol de la propia v\u00edctima y sus declaraciones. Las diligencias investigativas fueron solicitadas por la Fiscal\u00eda a la Polic\u00eda de Investigaciones y las pericias al Servicio M\u00e9dico Legal.<\/p>\n<p style=\"text-align: justify;\">La pena de presidio perpetuo simple significa que la sanci\u00f3n es para toda la vida y que reci\u00e9n a los 20 a\u00f1os de c\u00e1rcel, el imputado podr\u00eda solicitar beneficios extra penitenciarios, aunque esto no necesariamente determina que sus solicitudes sean acogidas.<\/p>\n<\/div><\/section><\/div><div  style='height:50px' class='hr hr-invisible   avia-builder-el-6  el_after_av_one_full  el_before_av_social_share '><span class='hr-inner ' ><span class='hr-inner-style'><\/span><\/span><\/div><\/p>\n<div  class='av-social-sharing-box  avia-builder-el-7  el_after_av_hr  el_before_av_hr  '><div class='av-share-box'><h5 class='av-share-link-description av-no-toc '>Compartir esta noticia<\/h5><ul class='av-share-box-list noLightbox'><li class='av-share-link av-social-link-facebook' ><a target=\"_blank\" aria-label=\"Compartir en Facebook\" href='https:\/\/www.facebook.com\/sharer.php?u=https:\/\/radiorevelacionfm.cl\/?p=32436&#038;t=Presidio%20perpetuo%20para%20imputado%20por%20diversos%20delitos%20de%20connotaci%C3%B3n%20sexual%20cometidos%20en%20contra%20de%20su%20hijastra' aria-hidden='false' data-av_icon='\ue8f3' data-av_iconfont='entypo-fontello' title='' data-avia-related-tooltip='Compartir en Facebook' rel=\"noopener\"><span class='avia_hidden_link_text'>Compartir en Facebook<\/span><\/a><\/li><li class='av-share-link av-social-link-twitter' ><a target=\"_blank\" aria-label=\"Compartir en Twitter\" href='https:\/\/twitter.com\/share?text=Presidio%20perpetuo%20para%20imputado%20por%20diversos%20delitos%20de%20connotaci%C3%B3n%20sexual%20cometidos%20en%20contra%20de%20su%20hijastra&#038;url=https:\/\/radiorevelacionfm.cl\/?p=32436' aria-hidden='false' data-av_icon='\ue8f1' data-av_iconfont='entypo-fontello' title='' data-avia-related-tooltip='Compartir en Twitter' rel=\"noopener\"><span class='avia_hidden_link_text'>Compartir en Twitter<\/span><\/a><\/li><li class='av-share-link av-social-link-whatsapp' ><a target=\"_blank\" aria-label=\"Compartir en Whatsapp\" href='https:\/\/api.whatsapp.com\/send?text=https:\/\/radiorevelacionfm.cl\/?p=32436' aria-hidden='false' data-av_icon='\uf232' data-av_iconfont='entypo-fontello' title='' data-avia-related-tooltip='Compartir en Whatsapp' rel=\"noopener\"><span class='avia_hidden_link_text'>Compartir en Whatsapp<\/span><\/a><\/li><li class='av-share-link av-social-link-linkedin' ><a target=\"_blank\" aria-label=\"Compartir en LinkedIn\" href='https:\/\/linkedin.com\/shareArticle?mini=true&#038;title=Presidio%20perpetuo%20para%20imputado%20por%20diversos%20delitos%20de%20connotaci%C3%B3n%20sexual%20cometidos%20en%20contra%20de%20su%20hijastra&#038;url=https:\/\/radiorevelacionfm.cl\/?p=32436' aria-hidden='false' data-av_icon='\ue8fc' data-av_iconfont='entypo-fontello' title='' data-avia-related-tooltip='Compartir en LinkedIn' rel=\"noopener\"><span class='avia_hidden_link_text'>Compartir en LinkedIn<\/span><\/a><\/li><li class='av-share-link av-social-link-mail' ><a  aria-label=\"Compartir por correo\" href='mailto:?subject=Presidio%20perpetuo%20para%20imputado%20por%20diversos%20delitos%20de%20connotaci%C3%B3n%20sexual%20cometidos%20en%20contra%20de%20su%20hijastra&#038;body=https:\/\/radiorevelacionfm.cl\/?p=32436' aria-hidden='false' data-av_icon='\ue805' data-av_iconfont='entypo-fontello' title='' data-avia-related-tooltip='Compartir por correo'><span class='avia_hidden_link_text'>Compartir por correo<\/span><\/a><\/li><\/ul><\/div><\/div>\n<div  style='height:50px' class='hr hr-invisible   avia-builder-el-8  el_after_av_social_share  el_before_av_comments_list '><span class='hr-inner ' ><span class='hr-inner-style'><\/span><\/span><\/div>\n<div  class='av-buildercomment  av-blog-meta-html-info-disabled av-blog-meta-tag-disabled  '><\/div>\n","protected":false},"excerpt":{"rendered":"","protected":false},"author":1,"featured_media":31966,"comment_status":"open","ping_status":"open","sticky":false,"template":"","format":"standard","meta":{"footnotes":""},"categories":[55],"tags":[],"class_list":["post-32436","post","type-post","status-publish","format-standard","has-post-thumbnail","hentry","category-justicia"],"jetpack_featured_media_url":"https:\/\/radiorevelacionfm.cl\/wp-content\/uploads\/2023\/06\/fiscalia_aysen1-2-1_optimized.jpg","_links":{"self":[{"href":"https:\/\/radiorevelacionfm.cl\/index.php?rest_route=\/wp\/v2\/posts\/32436","targetHints":{"allow":["GET"]}}],"collection":[{"href":"https:\/\/radiorevelacionfm.cl\/index.php?rest_route=\/wp\/v2\/posts"}],"about":[{"href":"https:\/\/radiorevelacionfm.cl\/index.php?rest_route=\/wp\/v2\/types\/post"}],"author":[{"embeddable":true,"href":"https:\/\/radiorevelacionfm.cl\/index.php?rest_route=\/wp\/v2\/users\/1"}],"replies":[{"embeddable":true,"href":"https:\/\/radiorevelacionfm.cl\/index.php?rest_route=%2Fwp%2Fv2%2Fcomments&post=32436"}],"version-history":[{"count":1,"href":"https:\/\/radiorevelacionfm.cl\/index.php?rest_route=\/wp\/v2\/posts\/32436\/revisions"}],"predecessor-version":[{"id":32437,"href":"https:\/\/radiorevelacionfm.cl\/index.php?rest_route=\/wp\/v2\/posts\/32436\/revisions\/32437"}],"wp:featuredmedia":[{"embeddable":true,"href":"https:\/\/radiorevelacionfm.cl\/index.php?rest_route=\/wp\/v2\/media\/31966"}],"wp:attachment":[{"href":"https:\/\/radiorevelacionfm.cl\/index.php?rest_route=%2Fwp%2Fv2%2Fmedia&parent=32436"}],"wp:term":[{"taxonomy":"category","embeddable":true,"href":"https:\/\/radiorevelacionfm.cl\/index.php?rest_route=%2Fwp%2Fv2%2Fcategories&post=32436"},{"taxonomy":"post_tag","embeddable":true,"href":"https:\/\/radiorevelacionfm.cl\/index.php?rest_route=%2Fwp%2Fv2%2Ftags&post=32436"}],"curies":[{"name":"wp","href":"https:\/\/api.w.org\/{rel}","templated":true}]}}