{"id":32430,"date":"2023-06-27T21:04:51","date_gmt":"2023-06-28T00:04:51","guid":{"rendered":"https:\/\/radiorevelacionfm.cl\/?p=32430"},"modified":"2023-06-27T21:04:51","modified_gmt":"2023-06-28T00:04:51","slug":"autoridades-recorren-albergue-y-ruta-protege-en-centros-urbanos-de-la-region-de-aysen","status":"publish","type":"post","link":"https:\/\/radiorevelacionfm.cl\/?p=32430","title":{"rendered":"Autoridades recorren albergue y ruta protege en centros urbanos de la regi\u00f3n de Ays\u00e9n"},"content":{"rendered":"<div class=\"flex_column av_one_full  flex_column_div av-zero-column-padding first  avia-builder-el-0  el_before_av_one_full  avia-builder-el-first  \" style='border-radius:0px; '><div  class='avia-image-container  av-styling-    avia-builder-el-1  avia-builder-el-no-sibling  avia-align-center '  itemprop=\"image\" itemscope=\"itemscope\" itemtype=\"https:\/\/schema.org\/ImageObject\"  ><div class='avia-image-container-inner'><div class='avia-image-overlay-wrap'><img decoding=\"async\" class='wp-image-32431 avia-img-lazy-loading-not-32431 avia_image' src=\"https:\/\/radiorevelacionfm.cl\/wp-content\/uploads\/2023\/06\/2-ruta-2_optimized-2.jpg\" alt='' title='2-ruta-2_optimized-2' height=\"600\" width=\"900\"  itemprop=\"thumbnailUrl\" srcset=\"https:\/\/radiorevelacionfm.cl\/wp-content\/uploads\/2023\/06\/2-ruta-2_optimized-2.jpg 900w, https:\/\/radiorevelacionfm.cl\/wp-content\/uploads\/2023\/06\/2-ruta-2_optimized-2-300x200.jpg 300w, https:\/\/radiorevelacionfm.cl\/wp-content\/uploads\/2023\/06\/2-ruta-2_optimized-2-768x512.jpg 768w, https:\/\/radiorevelacionfm.cl\/wp-content\/uploads\/2023\/06\/2-ruta-2_optimized-2-705x470.jpg 705w, https:\/\/radiorevelacionfm.cl\/wp-content\/uploads\/2023\/06\/2-ruta-2_optimized-2-450x300.jpg 450w, https:\/\/radiorevelacionfm.cl\/wp-content\/uploads\/2023\/06\/2-ruta-2_optimized-2-600x400.jpg 600w\" sizes=\"(max-width: 900px) 100vw, 900px\" \/><\/div><\/div><\/div><\/div><div class=\"flex_column av_one_full  flex_column_div av-zero-column-padding first  avia-builder-el-2  el_after_av_one_full  el_before_av_one_full  column-top-margin\" style='border-radius:0px; '><section class=\"av_textblock_section \"  itemscope=\"itemscope\" itemtype=\"https:\/\/schema.org\/BlogPosting\" itemprop=\"blogPost\" ><div class='avia_textblock  '   itemprop=\"text\" ><p style=\"text-align: center;\"><strong><span style=\"font-size: 18pt;\">Autoridades recorren albergue y ruta protege en centros urbanos de la regi\u00f3n de Ays\u00e9n<\/span><\/strong><\/p>\n<div id=\"gtx-trans\" style=\"position: absolute; left: -50px; top: 4.31534px;\">\n<div class=\"gtx-trans-icon\"><\/div>\n<\/div>\n<\/div><\/section><\/div><div class=\"flex_column av_one_full  flex_column_div av-zero-column-padding first  avia-builder-el-4  el_after_av_one_full  el_before_av_hr  column-top-margin\" style='border-radius:0px; '><section class=\"av_textblock_section \"  itemscope=\"itemscope\" itemtype=\"https:\/\/schema.org\/BlogPosting\" itemprop=\"blogPost\" ><div class='avia_textblock  '   itemprop=\"text\" ><p style=\"text-align: justify;\">Con un presupuesto hist\u00f3rico que supera los $558 millones y una cobertura sin precedentes para la Regi\u00f3n de Ays\u00e9n, este a\u00f1o vuelve a ejecutarse el Plan Protege, una estrategia nacional que busca ir en ayuda de aquellas personas que se encuentran en situaci\u00f3n de calle y que se ejecutar\u00e1 en Coyhaique, Ays\u00e9n y por primera vez en Guaitecas. La iniciativa que contempla albergues en los dos principales centros urbanos de la regi\u00f3n, cuenta con 3 rutas sociales que adem\u00e1s de Coyhaique y Ays\u00e9n permiten llegar por primera vez a Melinka y por segundo a\u00f1o consecutivo contar con una Ruta M\u00e9dica para la capital regional, hito concretado por primera vez reci\u00e9n el a\u00f1o 2022.<\/p>\n<p style=\"text-align: justify;\">Hans Zimmermann\u00a0Due\u00f1as, Seremi de Miner\u00eda y representante del delegado presidencial en el recorrido por los dispositivos y rutas del Plan Protege, destac\u00f3 el aporte de este tipo de programas en invierno. \u201cEsta \u00e9poca del a\u00f1o muestra la cara m\u00e1s dura de las desigualdades sociales, donde junto con disminuir las temperaturas la gente que vive en situaci\u00f3n de calle lo pasa m\u00e1s mal. Sin duda para nuestro Gobierno es una preocupaci\u00f3n constante el poder aportar a la dignidad de las personas, aqu\u00ed hay un estado que a trav\u00e9s del Ministerio de Desarrollo Social con diferentes instituciones generan un despliegue, aportando con espacio donde vivir, alimentaci\u00f3n, prestaciones sociales y m\u00e9dicas. Aqu\u00ed hay una articulaci\u00f3n que permite abordar las necesidades de quienes m\u00e1s lo necesitan\u201d.<\/p>\n<p style=\"text-align: justify;\">Por su parte, Carola Rojas, coordinadora del albergue y ruta Protege Coyhaique, explic\u00f3 que el valor de esta iniciativa lo dan los beneficiarios y que tanto ONG CIDETS en Coyhaique o la Municipalidad en la comuna de Ays\u00e9n, son los ejecutores de este programa. \u201cLas personas que est\u00e1n en situaci\u00f3n de calle en Coyhaique pueden acceder tanto al albergue y la Ruta Protege, iniciativas que se diferencian ya que en la Ruta se entrega las prestaciones directamente en calle.\u00a0 Si no existiera este tipo de instancia, los factores de riesgo y las condiciones clim\u00e1ticas a las que est\u00e1n expuestos nuestros usuarios los har\u00eda estar a\u00fan m\u00e1s d\u00e9biles y el hecho de tener comida y cuidados b\u00e1sicos de salud e higiene y en el albergue abrigo hace que resguardemos la vida de nuestros participantes, que no fallezcan en calle\u00a0 producto de las bajas temperaturas\u201d.<\/p>\n<p style=\"text-align: justify;\">Respecto al Plan Protege, los dos albergues en la regi\u00f3n, la incorporaci\u00f3n de una nueva Ruta Social y la continuaci\u00f3n por segundo a\u00f1o de la Ruta M\u00e9dica para Coyhaique, adem\u00e1s de suma una Ruta Social en Guaitecas, Karina Acevedo Auad, Seremi de Desarrollo Social y Familia en Ays\u00e9n, ministerio a cargo de ejecutar los dispositivos a trav\u00e9s de la alianzas con otras instituciones, dijo que \u201cel desaf\u00edo que nos plante\u00f3 el Delegado Regional fue traer programas atingentes al territorio y por primera vez el a\u00f1o pasado trajimos la Ruta M\u00e9dica ejecutada junto al Servicios de Salud y el Consultorio V\u00edctor Domingo Silva que no s\u00f3lo permite la atenci\u00f3n m\u00e9dica, sino hacerle un\u00a0 seguimiento a su condici\u00f3n. Hoy, adem\u00e1s estamos dando garant\u00edas que donde existen personas en situaci\u00f3n de calle: Coyhaique, Ays\u00e9n y Guaitecas se cuente con la protecci\u00f3n de un Estado que est\u00e1 preocupados por ellos\u201d.<\/p>\n<p style=\"text-align: justify;\">Finalmente Ignacio Vel\u00e1zquez, monitor de la Ruta Social Coyhaique, fue enf\u00e1tico en destacar la importancia de la ruta porque es el primer acercamiento para la reinserci\u00f3n social de personas que ni siquiera acceden a los dispositivos de emergencia como albergues u hospeder\u00edas. \u201cEsta oferta est\u00e1 orientado a la marginalidad de las personas en situaci\u00f3n de calle, llevando directamente la oferta p\u00fablica a la calle. La situaci\u00f3n de calle no es una opci\u00f3n, la gente no est\u00e1 porque quiere, es una consecuencia, la expresi\u00f3n m\u00e1s cruda de la pobreza extrema\u201d.<\/p>\n<\/div><\/section><\/div><div  style='height:50px' class='hr hr-invisible   avia-builder-el-6  el_after_av_one_full  el_before_av_social_share '><span class='hr-inner ' ><span class='hr-inner-style'><\/span><\/span><\/div><\/p>\n<div  class='av-social-sharing-box  avia-builder-el-7  el_after_av_hr  el_before_av_hr  '><div class='av-share-box'><h5 class='av-share-link-description av-no-toc '>Compartir esta noticia<\/h5><ul class='av-share-box-list noLightbox'><li class='av-share-link av-social-link-facebook' ><a target=\"_blank\" aria-label=\"Compartir en Facebook\" href='https:\/\/www.facebook.com\/sharer.php?u=https:\/\/radiorevelacionfm.cl\/?p=32430&#038;t=Autoridades%20recorren%20albergue%20y%20ruta%20protege%20en%20centros%20urbanos%20de%20la%20regi%C3%B3n%20de%20Ays%C3%A9n' aria-hidden='false' data-av_icon='\ue8f3' data-av_iconfont='entypo-fontello' title='' data-avia-related-tooltip='Compartir en Facebook' rel=\"noopener\"><span class='avia_hidden_link_text'>Compartir en Facebook<\/span><\/a><\/li><li class='av-share-link av-social-link-twitter' ><a target=\"_blank\" aria-label=\"Compartir en Twitter\" href='https:\/\/twitter.com\/share?text=Autoridades%20recorren%20albergue%20y%20ruta%20protege%20en%20centros%20urbanos%20de%20la%20regi%C3%B3n%20de%20Ays%C3%A9n&#038;url=https:\/\/radiorevelacionfm.cl\/?p=32430' aria-hidden='false' data-av_icon='\ue8f1' data-av_iconfont='entypo-fontello' title='' data-avia-related-tooltip='Compartir en Twitter' rel=\"noopener\"><span class='avia_hidden_link_text'>Compartir en Twitter<\/span><\/a><\/li><li class='av-share-link av-social-link-whatsapp' ><a target=\"_blank\" aria-label=\"Compartir en Whatsapp\" href='https:\/\/api.whatsapp.com\/send?text=https:\/\/radiorevelacionfm.cl\/?p=32430' aria-hidden='false' data-av_icon='\uf232' data-av_iconfont='entypo-fontello' title='' data-avia-related-tooltip='Compartir en Whatsapp' rel=\"noopener\"><span class='avia_hidden_link_text'>Compartir en Whatsapp<\/span><\/a><\/li><li class='av-share-link av-social-link-linkedin' ><a target=\"_blank\" aria-label=\"Compartir en LinkedIn\" href='https:\/\/linkedin.com\/shareArticle?mini=true&#038;title=Autoridades%20recorren%20albergue%20y%20ruta%20protege%20en%20centros%20urbanos%20de%20la%20regi%C3%B3n%20de%20Ays%C3%A9n&#038;url=https:\/\/radiorevelacionfm.cl\/?p=32430' aria-hidden='false' data-av_icon='\ue8fc' data-av_iconfont='entypo-fontello' title='' data-avia-related-tooltip='Compartir en LinkedIn' rel=\"noopener\"><span class='avia_hidden_link_text'>Compartir en LinkedIn<\/span><\/a><\/li><li class='av-share-link av-social-link-mail' ><a  aria-label=\"Compartir por correo\" href='mailto:?subject=Autoridades%20recorren%20albergue%20y%20ruta%20protege%20en%20centros%20urbanos%20de%20la%20regi%C3%B3n%20de%20Ays%C3%A9n&#038;body=https:\/\/radiorevelacionfm.cl\/?p=32430' aria-hidden='false' data-av_icon='\ue805' data-av_iconfont='entypo-fontello' title='' data-avia-related-tooltip='Compartir por correo'><span class='avia_hidden_link_text'>Compartir por correo<\/span><\/a><\/li><\/ul><\/div><\/div>\n<div  style='height:50px' class='hr hr-invisible   avia-builder-el-8  el_after_av_social_share  el_before_av_comments_list '><span class='hr-inner ' ><span class='hr-inner-style'><\/span><\/span><\/div>\n<div  class='av-buildercomment  av-blog-meta-html-info-disabled av-blog-meta-tag-disabled  '><\/div>\n","protected":false},"excerpt":{"rendered":"","protected":false},"author":1,"featured_media":32431,"comment_status":"open","ping_status":"open","sticky":false,"template":"","format":"standard","meta":{"footnotes":""},"categories":[38],"tags":[],"class_list":["post-32430","post","type-post","status-publish","format-standard","has-post-thumbnail","hentry","category-regional"],"jetpack_featured_media_url":"https:\/\/radiorevelacionfm.cl\/wp-content\/uploads\/2023\/06\/2-ruta-2_optimized-2.jpg","_links":{"self":[{"href":"https:\/\/radiorevelacionfm.cl\/index.php?rest_route=\/wp\/v2\/posts\/32430","targetHints":{"allow":["GET"]}}],"collection":[{"href":"https:\/\/radiorevelacionfm.cl\/index.php?rest_route=\/wp\/v2\/posts"}],"about":[{"href":"https:\/\/radiorevelacionfm.cl\/index.php?rest_route=\/wp\/v2\/types\/post"}],"author":[{"embeddable":true,"href":"https:\/\/radiorevelacionfm.cl\/index.php?rest_route=\/wp\/v2\/users\/1"}],"replies":[{"embeddable":true,"href":"https:\/\/radiorevelacionfm.cl\/index.php?rest_route=%2Fwp%2Fv2%2Fcomments&post=32430"}],"version-history":[{"count":1,"href":"https:\/\/radiorevelacionfm.cl\/index.php?rest_route=\/wp\/v2\/posts\/32430\/revisions"}],"predecessor-version":[{"id":32432,"href":"https:\/\/radiorevelacionfm.cl\/index.php?rest_route=\/wp\/v2\/posts\/32430\/revisions\/32432"}],"wp:featuredmedia":[{"embeddable":true,"href":"https:\/\/radiorevelacionfm.cl\/index.php?rest_route=\/wp\/v2\/media\/32431"}],"wp:attachment":[{"href":"https:\/\/radiorevelacionfm.cl\/index.php?rest_route=%2Fwp%2Fv2%2Fmedia&parent=32430"}],"wp:term":[{"taxonomy":"category","embeddable":true,"href":"https:\/\/radiorevelacionfm.cl\/index.php?rest_route=%2Fwp%2Fv2%2Fcategories&post=32430"},{"taxonomy":"post_tag","embeddable":true,"href":"https:\/\/radiorevelacionfm.cl\/index.php?rest_route=%2Fwp%2Fv2%2Ftags&post=32430"}],"curies":[{"name":"wp","href":"https:\/\/api.w.org\/{rel}","templated":true}]}}