{"id":3243,"date":"2021-04-18T18:17:33","date_gmt":"2021-04-18T21:17:33","guid":{"rendered":"https:\/\/radiorevelacionfm.cl\/?p=3243"},"modified":"2021-04-18T18:17:33","modified_gmt":"2021-04-18T21:17:33","slug":"construccion-de-miradores-turisticos-en-cajon-rio-cisnes-y-el-salto-rio-ibanez-resaltaran-belleza-escenica-de-la-region","status":"publish","type":"post","link":"https:\/\/radiorevelacionfm.cl\/?p=3243","title":{"rendered":"Construcci\u00f3n de miradores tur\u00edsticos en Caj\u00f3n R\u00edo Cisnes y el Salto R\u00edo Ib\u00e1\u00f1ez resaltar\u00e1n belleza esc\u00e9nica de la regi\u00f3n"},"content":{"rendered":"<div class=\"flex_column av_one_full  flex_column_div av-zero-column-padding first  avia-builder-el-0  el_before_av_one_full  avia-builder-el-first  \" style='border-radius:0px; '><div  class='avia-image-container  av-styling-    avia-builder-el-1  avia-builder-el-no-sibling  avia-align-center '  itemprop=\"image\" itemscope=\"itemscope\" itemtype=\"https:\/\/schema.org\/ImageObject\"  ><div class='avia-image-container-inner'><div class='avia-image-overlay-wrap'><img decoding=\"async\" class='wp-image-0 avia-img-lazy-loading-not-0 avia_image' src=\"https:\/\/radiorevelacionfm.cl\/wp-content\/uploads\/2021\/04\/M3_CAJON-RIO-CISNES_VISTA_02-1-1.jpg\" alt='' title=''   itemprop=\"thumbnailUrl\"  \/><\/div><\/div><\/div><\/div><div class=\"flex_column av_one_full  flex_column_div av-zero-column-padding first  avia-builder-el-2  el_after_av_one_full  el_before_av_one_full  column-top-margin\" style='border-radius:0px; '><section class=\"av_textblock_section \"  itemscope=\"itemscope\" itemtype=\"https:\/\/schema.org\/BlogPosting\" itemprop=\"blogPost\" ><div class='avia_textblock  '   itemprop=\"text\" ><p style=\"text-align: center;\"><span style=\"font-size: 18pt;\"><strong>Construcci\u00f3n de miradores tur\u00edsticos en Caj\u00f3n R\u00edo Cisnes y el Salto R\u00edo Ib\u00e1\u00f1ez resaltar\u00e1n belleza esc\u00e9nica de la regi\u00f3n<\/strong><\/span><\/p>\n<div id=\"gtx-trans\" style=\"position: absolute; left: -50px; top: 4.31534px;\">\n<div class=\"gtx-trans-icon\"><\/div>\n<\/div>\n<\/div><\/section><\/div><div class=\"flex_column av_one_full  flex_column_div av-zero-column-padding first  avia-builder-el-4  el_after_av_one_full  el_before_av_hr  column-top-margin\" style='border-radius:0px; '><section class=\"av_textblock_section \"  itemscope=\"itemscope\" itemtype=\"https:\/\/schema.org\/BlogPosting\" itemprop=\"blogPost\" ><div class='avia_textblock  '   itemprop=\"text\" ><p style=\"text-align: justify;\">Proyecto que considera construir nueve Miradores Tur\u00edsticos con una inversi\u00f3n total de $3.700 millones, pone en valor la belleza esc\u00e9nica de la regi\u00f3n de Ays\u00e9n, generando infraestructura con la impronta de cada zona que se va a intervenir para dar un nuevo impulso al sector tur\u00edstico y crear empleo en el marco de la ejecuci\u00f3n del plan Paso a Paso Chile se Recupera que impulsa el gobierno del presidente Sebasti\u00e1n Pi\u00f1era.<\/p>\n<p style=\"text-align: justify;\">El Secretario Regional Ministerial de Obras P\u00fablicas, N\u00e9stor Mera Mu\u00f1oz, inform\u00f3 que se encuentra pr\u00f3xima a efectuar la apertura de las Ofertas T\u00e9cnicas y Econ\u00f3micas para construir los Miradores Tur\u00edsticos Caj\u00f3n R\u00edo Cisnes ubicado en la provincia de Ays\u00e9n y el Salto R\u00edo Ib\u00e1\u00f1ez ubicado en la provincia General Carrera.<\/p>\n<p style=\"text-align: justify;\">\u201cComo una forma de reactivar la econom\u00eda en un escenario de pandemia y servir de apoyo al turismo, en el marco del plan Paso a Paso Chile se Recupera, nuestro gobierno a trav\u00e9s de la Direcci\u00f3n Regional de Arquitectura del MOP se encuentra licitando la construcci\u00f3n de dos Miradores Tur\u00edsticos que destacar\u00e1n en forma definitiva estos sectores de la regi\u00f3n de Ays\u00e9n por su belleza esc\u00e9nica, por lo que estamos contentos de poder construir estas obras y potenciar las econom\u00edas locales con la entrega de empleo para 70 personas mensuales. Para nosotros es muy importante \u00a0contribuir desde la ejecuci\u00f3n de nueva infraestructura para crear desarrollo de nuevas oportunidades de emprendimientos econ\u00f3micos\/productivos a ra\u00edz de la generaci\u00f3n de estos Miradores y fomentar el desarrollo del turismo con una infraestructura que est\u00e9 acorde a ello y a las necesidades de las comunidades, porque nos interesa poner en valor estas zonas de nuestra regi\u00f3n que por muchos a\u00f1os han sido disfrutadas por los ayseninos \u00a0y abrirlas a los turistas con mejores condiciones e infraestructura, as\u00ed tambi\u00e9n le estaremos dando un sello o la impronta particular de cada sector\/territorio. Este es un proyecto m\u00e1s amplio, que se va a desarrollar por etapas y que considerar\u00e1 construir en total 9 Miradores Tur\u00edsticos con financiamiento conjunto entre el Gobierno Regional de Ays\u00e9n y mediante convenio entre la Direcci\u00f3n Regional de Arquitectura del MOP y el Servicio Nacional de Turismo en la regi\u00f3n de Ays\u00e9n (SERNATUR) que alcanzar\u00e1\u00a0 en total una inversi\u00f3n de $3.700 millones\u201d, afirm\u00f3 el SEREMI del MOP.<\/p>\n<p style=\"text-align: justify;\">\u201cEl 23 de abril y el 03 de mayo se realizan las aperturas de las Ofertas T\u00e9cnicas y Econ\u00f3micas para construir el Mirador Tur\u00edstico Caj\u00f3n R\u00edo Cisnes, y el Mirador Tur\u00edstico Salto R\u00edo Ib\u00e1\u00f1ez tendr\u00e1 la apertura de sus Ofertas T\u00e9cnicas y Econ\u00f3micas el 21 de abril y el 28 de abril. El presupuesto estimado para el Mirador Caj\u00f3n R\u00edo Cisnes es de $522 millones\u00a0 y el Mirador Salto Ib\u00e1\u00f1ez considera una inversi\u00f3n estimada de $397 millones. En el caso del<strong> Mirador \u00a0Caj\u00f3n R\u00edo Cisnes,<\/strong> ubicado en la Ruta 7, km 185, se considera construir 267 m2 de pasarelas, 685 de estacionamiento, 313m2 de veredas y 1717m2 de paisajismo. En tanto, en el <strong>Mirador Salto R\u00edo Ib\u00e1\u00f1ez <\/strong>que se encuentra \u00a0ubicado en la \u00a0Ruta X-723, km 5,3, se contempla construir 203 m2 de pasarelas, 162m2 de estacionamiento, 76m2 de veredas y 558m2 de paisajismo\u201d, se\u00f1al\u00f3 el Director Regional de Arquitectura del MOP Claudio Correa Barahona.<\/p>\n<p style=\"text-align: justify;\">Por su parte, el presidente de la comisi\u00f3n de Infraestructura, Transportes y Telecomunicaciones, Jorge Abello, destac\u00f3 la importancia de esta inversi\u00f3n para las comunidades locales y para el rubro tur\u00edstico. \u201cEs una muy buena noticia este avance en los procesos de licitaci\u00f3n. Tanto nuestra comisi\u00f3n de Infraestructura, Transportes y Telecomunicaciones como el pleno del Consejo Regional, tenemos la certeza de que se trata de un mirador de gran belleza esc\u00e9nica y, adem\u00e1s, ser\u00e1 un aporte en la oferta tur\u00edstica en la comuna de R\u00edo Ib\u00e1\u00f1ez. Por ello no hubo dudas de que era necesario su financiamiento\u201d, expres\u00f3.<\/p>\n<p style=\"text-align: justify;\"><strong><u>OTROS PROYECTOS DE MIRADORES <\/u><\/strong><\/p>\n<p style=\"text-align: justify;\"><strong>MIRADOR CANAL PUYUHUAPI:<\/strong> Ubicado en la \u00a0ruta 7, km 204. Considera 197 m2 de pasarelas, 288m2 de estacionamiento, 142m2 de veredas y 1492m2 de paisaje.<\/p>\n<p style=\"text-align: justify;\"><strong>MIRADOR R\u00cdO CISNES:<\/strong> Ubicado en la\u00a0 ruta X-24, km 4,5. Considera 165 m2 de pasarelas, 244 de estacionamiento, 100 de veredas y 571 de paisaje.<\/p>\n<p style=\"text-align: justify;\"><strong>MIRADOR SALTO DE LA VIRGEN:<\/strong> Ubicado en la \u00a0ruta 240, km 25. Considera 94 m2 de pasarelas, 161m2 de estacionamiento, 149m2 de veredas y 347m2 de paisaje.<\/p>\n<p style=\"text-align: justify;\"><strong>MIRADOR \u00d1IREHUAO:<\/strong> Ubicado en la \u00a0ruta x-445, km 27. Contar\u00e1 con 87 m2 de pasarelas, 323m2 de estacionamiento, 219m2 de veredas y 1135m2 de paisaje.<\/p>\n<p style=\"text-align: justify;\"><strong>MIRADOR GENERAL MARCHANT<\/strong>: Ubicado en la ruta 7, km 5,5. Considera 197 m2 de pasarelas, 969m2 de estacionamiento, 489m2 de veredas y 1370m2 de paisaje.<\/p>\n<p style=\"text-align: justify;\"><strong>MIRADOR CERRO CASTILLO-CUESTA EL DIABLO<\/strong>: Ubicado en la ruta 7, km 85. Considera 103 m2 de pasarelas, 232m2 de estacionamiento, 156m2 de veredas y 914m2 de paisaje.<\/p>\n<p style=\"text-align: justify;\"><strong>MIRADOR CERRO CASTILLO:<\/strong> Ubicado en la \u00a0ruta 7, km 102. Considera 204 m2 de pasarelas, 1244m2 de estacionamiento, 333m2 de veredas y 1889m2 de paisaje.<\/p>\n<\/div><\/section><\/div><div  style='height:50px' class='hr hr-invisible   avia-builder-el-6  el_after_av_one_full  el_before_av_social_share '><span class='hr-inner ' ><span class='hr-inner-style'><\/span><\/span><\/div><\/p>\n<div  class='av-social-sharing-box  avia-builder-el-7  el_after_av_hr  el_before_av_hr  '><div class='av-share-box'><h5 class='av-share-link-description av-no-toc '>Compartir esta noticia<\/h5><ul class='av-share-box-list noLightbox'><li class='av-share-link av-social-link-facebook' ><a target=\"_blank\" aria-label=\"Compartir en Facebook\" href='https:\/\/www.facebook.com\/sharer.php?u=https:\/\/radiorevelacionfm.cl\/?p=3243&#038;t=Construcci%C3%B3n%20de%20miradores%20tur%C3%ADsticos%20en%20Caj%C3%B3n%20R%C3%ADo%20Cisnes%20y%20el%20Salto%20R%C3%ADo%20Ib%C3%A1%C3%B1ez%20resaltar%C3%A1n%20belleza%20esc%C3%A9nica%20de%20la%20regi%C3%B3n' aria-hidden='false' data-av_icon='\ue8f3' data-av_iconfont='entypo-fontello' title='' data-avia-related-tooltip='Compartir en Facebook' rel=\"noopener\"><span class='avia_hidden_link_text'>Compartir en Facebook<\/span><\/a><\/li><li class='av-share-link av-social-link-twitter' ><a target=\"_blank\" aria-label=\"Compartir en Twitter\" href='https:\/\/twitter.com\/share?text=Construcci%C3%B3n%20de%20miradores%20tur%C3%ADsticos%20en%20Caj%C3%B3n%20R%C3%ADo%20Cisnes%20y%20el%20Salto%20R%C3%ADo%20Ib%C3%A1%C3%B1ez%20resaltar%C3%A1n%20belleza%20esc%C3%A9nica%20de%20la%20regi%C3%B3n&#038;url=https:\/\/radiorevelacionfm.cl\/?p=3243' aria-hidden='false' data-av_icon='\ue8f1' data-av_iconfont='entypo-fontello' title='' data-avia-related-tooltip='Compartir en Twitter' rel=\"noopener\"><span class='avia_hidden_link_text'>Compartir en Twitter<\/span><\/a><\/li><li class='av-share-link av-social-link-whatsapp' ><a target=\"_blank\" aria-label=\"Compartir en Whatsapp\" href='https:\/\/api.whatsapp.com\/send?text=https:\/\/radiorevelacionfm.cl\/?p=3243' aria-hidden='false' data-av_icon='\uf232' data-av_iconfont='entypo-fontello' title='' data-avia-related-tooltip='Compartir en Whatsapp' rel=\"noopener\"><span class='avia_hidden_link_text'>Compartir en Whatsapp<\/span><\/a><\/li><li class='av-share-link av-social-link-linkedin' ><a target=\"_blank\" aria-label=\"Compartir en LinkedIn\" href='https:\/\/linkedin.com\/shareArticle?mini=true&#038;title=Construcci%C3%B3n%20de%20miradores%20tur%C3%ADsticos%20en%20Caj%C3%B3n%20R%C3%ADo%20Cisnes%20y%20el%20Salto%20R%C3%ADo%20Ib%C3%A1%C3%B1ez%20resaltar%C3%A1n%20belleza%20esc%C3%A9nica%20de%20la%20regi%C3%B3n&#038;url=https:\/\/radiorevelacionfm.cl\/?p=3243' aria-hidden='false' data-av_icon='\ue8fc' data-av_iconfont='entypo-fontello' title='' data-avia-related-tooltip='Compartir en LinkedIn' rel=\"noopener\"><span class='avia_hidden_link_text'>Compartir en LinkedIn<\/span><\/a><\/li><li class='av-share-link av-social-link-mail' ><a  aria-label=\"Compartir por correo\" href='mailto:?subject=Construcci%C3%B3n%20de%20miradores%20tur%C3%ADsticos%20en%20Caj%C3%B3n%20R%C3%ADo%20Cisnes%20y%20el%20Salto%20R%C3%ADo%20Ib%C3%A1%C3%B1ez%20resaltar%C3%A1n%20belleza%20esc%C3%A9nica%20de%20la%20regi%C3%B3n&#038;body=https:\/\/radiorevelacionfm.cl\/?p=3243' aria-hidden='false' data-av_icon='\ue805' data-av_iconfont='entypo-fontello' title='' data-avia-related-tooltip='Compartir por correo'><span class='avia_hidden_link_text'>Compartir por correo<\/span><\/a><\/li><\/ul><\/div><\/div>\n<div  style='height:50px' class='hr hr-invisible   avia-builder-el-8  el_after_av_social_share  el_before_av_comments_list '><span class='hr-inner ' ><span class='hr-inner-style'><\/span><\/span><\/div>\n<div  class='av-buildercomment  av-blog-meta-html-info-disabled av-blog-meta-tag-disabled  '><\/div>\n","protected":false},"excerpt":{"rendered":"","protected":false},"author":1,"featured_media":0,"comment_status":"open","ping_status":"open","sticky":false,"template":"","format":"standard","meta":{"footnotes":""},"categories":[54],"tags":[],"class_list":["post-3243","post","type-post","status-publish","format-standard","hentry","category-turismo"],"jetpack_featured_media_url":"","_links":{"self":[{"href":"https:\/\/radiorevelacionfm.cl\/index.php?rest_route=\/wp\/v2\/posts\/3243","targetHints":{"allow":["GET"]}}],"collection":[{"href":"https:\/\/radiorevelacionfm.cl\/index.php?rest_route=\/wp\/v2\/posts"}],"about":[{"href":"https:\/\/radiorevelacionfm.cl\/index.php?rest_route=\/wp\/v2\/types\/post"}],"author":[{"embeddable":true,"href":"https:\/\/radiorevelacionfm.cl\/index.php?rest_route=\/wp\/v2\/users\/1"}],"replies":[{"embeddable":true,"href":"https:\/\/radiorevelacionfm.cl\/index.php?rest_route=%2Fwp%2Fv2%2Fcomments&post=3243"}],"version-history":[{"count":1,"href":"https:\/\/radiorevelacionfm.cl\/index.php?rest_route=\/wp\/v2\/posts\/3243\/revisions"}],"predecessor-version":[{"id":3245,"href":"https:\/\/radiorevelacionfm.cl\/index.php?rest_route=\/wp\/v2\/posts\/3243\/revisions\/3245"}],"wp:attachment":[{"href":"https:\/\/radiorevelacionfm.cl\/index.php?rest_route=%2Fwp%2Fv2%2Fmedia&parent=3243"}],"wp:term":[{"taxonomy":"category","embeddable":true,"href":"https:\/\/radiorevelacionfm.cl\/index.php?rest_route=%2Fwp%2Fv2%2Fcategories&post=3243"},{"taxonomy":"post_tag","embeddable":true,"href":"https:\/\/radiorevelacionfm.cl\/index.php?rest_route=%2Fwp%2Fv2%2Ftags&post=3243"}],"curies":[{"name":"wp","href":"https:\/\/api.w.org\/{rel}","templated":true}]}}