{"id":32427,"date":"2023-06-27T18:36:55","date_gmt":"2023-06-27T21:36:55","guid":{"rendered":"https:\/\/radiorevelacionfm.cl\/?p=32427"},"modified":"2023-06-27T18:36:55","modified_gmt":"2023-06-27T21:36:55","slug":"salud-promueve-implementacion-de-almacenes-farmaceuticos-municipales-en-aysen","status":"publish","type":"post","link":"https:\/\/radiorevelacionfm.cl\/?p=32427","title":{"rendered":"Salud promueve implementaci\u00f3n de Almacenes Farmace\u00faticos Municipales en Ays\u00e9n"},"content":{"rendered":"<div class=\"flex_column av_one_full  flex_column_div av-zero-column-padding first  avia-builder-el-0  el_before_av_one_full  avia-builder-el-first  \" style='border-radius:0px; '><div  class='avia-image-container  av-styling-    avia-builder-el-1  avia-builder-el-no-sibling  avia-align-center '  itemprop=\"image\" itemscope=\"itemscope\" itemtype=\"https:\/\/schema.org\/ImageObject\"  ><div class='avia-image-container-inner'><div class='avia-image-overlay-wrap'><img decoding=\"async\" class='wp-image-32428 avia-img-lazy-loading-not-32428 avia_image' src=\"https:\/\/radiorevelacionfm.cl\/wp-content\/uploads\/2023\/06\/encuentro-cenabast-2_optimized-2.jpeg\" alt='' title='encuentro-cenabast-2_optimized-2' height=\"600\" width=\"1067\"  itemprop=\"thumbnailUrl\" srcset=\"https:\/\/radiorevelacionfm.cl\/wp-content\/uploads\/2023\/06\/encuentro-cenabast-2_optimized-2.jpeg 1067w, https:\/\/radiorevelacionfm.cl\/wp-content\/uploads\/2023\/06\/encuentro-cenabast-2_optimized-2-300x169.jpeg 300w, https:\/\/radiorevelacionfm.cl\/wp-content\/uploads\/2023\/06\/encuentro-cenabast-2_optimized-2-1030x579.jpeg 1030w, https:\/\/radiorevelacionfm.cl\/wp-content\/uploads\/2023\/06\/encuentro-cenabast-2_optimized-2-768x432.jpeg 768w, https:\/\/radiorevelacionfm.cl\/wp-content\/uploads\/2023\/06\/encuentro-cenabast-2_optimized-2-705x396.jpeg 705w, https:\/\/radiorevelacionfm.cl\/wp-content\/uploads\/2023\/06\/encuentro-cenabast-2_optimized-2-450x253.jpeg 450w, https:\/\/radiorevelacionfm.cl\/wp-content\/uploads\/2023\/06\/encuentro-cenabast-2_optimized-2-600x337.jpeg 600w\" sizes=\"(max-width: 1067px) 100vw, 1067px\" \/><\/div><\/div><\/div><\/div><div class=\"flex_column av_one_full  flex_column_div av-zero-column-padding first  avia-builder-el-2  el_after_av_one_full  el_before_av_one_full  column-top-margin\" style='border-radius:0px; '><section class=\"av_textblock_section \"  itemscope=\"itemscope\" itemtype=\"https:\/\/schema.org\/BlogPosting\" itemprop=\"blogPost\" ><div class='avia_textblock  '   itemprop=\"text\" ><p style=\"text-align: center;\"><span style=\"font-size: 18pt;\"><strong>Salud promueve implementaci\u00f3n de Almacenes Farmace\u00faticos Municipales en Ays\u00e9n<\/strong><\/span><\/p>\n<div id=\"gtx-trans\" style=\"position: absolute; left: -50px; top: 4.31534px;\">\n<div class=\"gtx-trans-icon\"><\/div>\n<\/div>\n<\/div><\/section><\/div><div class=\"flex_column av_one_full  flex_column_div av-zero-column-padding first  avia-builder-el-4  el_after_av_one_full  el_before_av_hr  column-top-margin\" style='border-radius:0px; '><section class=\"av_textblock_section \"  itemscope=\"itemscope\" itemtype=\"https:\/\/schema.org\/BlogPosting\" itemprop=\"blogPost\" ><div class='avia_textblock  '   itemprop=\"text\" ><p style=\"text-align: justify;\">Con la finalidad de avanzar en la materializaci\u00f3n de Almacenes Farmace\u00faticos en todas las municipalidades de la regi\u00f3n, que permitan a los habitantes de cada comuna acceder oportunamente a medicamentos de calidad y bajo costo, es que la Seremi de Salud y la Central de Abastecimientos del Sistema Nacional de Servicios de Salud (CENABAST), dependiente del Ministerio de Salud, han estado sosteniendo reuniones con la Asociaci\u00f3n Regional de Municipalidades (AREMU) y el Gobierno Regional de Ays\u00e9n, con el objetivo de generar las instancias que permitan la pronta implementaci\u00f3n de esta iniciativa en favor de las comunidades m\u00e1s aisladas de Ays\u00e9n.<\/p>\n<p style=\"text-align: justify;\">Antecedentes que fueron ratificados por el Jefe del Subdepartamento Atenci\u00f3n a Usuarios de CENABAST, Fabi\u00e1n Garay Delgado, quien adem\u00e1s destac\u00f3 la importancia de estas acciones para los habitantes de Ays\u00e9n, especialmente en la rebaja de f\u00e1rmacos e insumos. \u201cA esta regi\u00f3n la est\u00e1bamos tratando igual que a zonas como Valpara\u00edso, O\u201dHiggins o Santiago, y aqu\u00ed hay un tema con el acceso de las personas a los medicamentos, hay un tema con los precios que pagan los habitantes de esta regi\u00f3n por los medicamentos, por lo tanto, el Director de CENABAST est\u00e1 desplegando un trabajo territorial en Ays\u00e9n, donde a trav\u00e9s de una reuni\u00f3n entre la Gobernadora Regional, el Director de CENABAST y la Seremi de Salud, se busca trabajar y avanzar en la instalaci\u00f3n de Almacenes Farmace\u00faticos Municipales, lo cual va a permitir que las personas tengan acceso oportuno a medicamentos, sin tener que recorrer largas distancias para comprarlos; segundo, podr\u00e1n acceder a los medicamentos a precio CENABAST, que es diez veces por debajo a lo que habitualmente se transa en una farmacia de cadena; y tercero, estamos aportando y apoyando a la salud de las personas que habitan esta regi\u00f3n\u201d.<\/p>\n<p style=\"text-align: justify;\">En este sentido, la Gobernadora Regional de Ays\u00e9n, Andrea Mac\u00edas Palma, junto con destacar esta iniciativa, enfatiz\u00f3 el importante ahorro en medicamentos que implicar\u00eda para los ayseninos. \u201cEl trabajo que estamos desarrollando, tanto con CENABAST, como con el sector salud, han sido relevantes. Una de las dificultades que tenemos como regi\u00f3n tiene que ver con el alto costo de la vida, y dentro de ello fuimos viendo como la regi\u00f3n no cuenta con almacenes farmac\u00e9uticos que permitan reducir la tarifa que pagan los usuarios por distintos medicamentos que se comercializan en las grandes farmac\u00e9uticas a un costo mucho mayor, donde hemos detectado que productos que son entregados por CENABAST a mil 700 pesos, podemos encontrarlos en el mercado a m\u00e1s de 30 mil pesos, por lo tanto, la diferencia es abismante y creemos una tremenda oportunidad para el bolsillo de las personas que viven en nuestra regi\u00f3n, garantizando incluso el acceso a los tratamientos de personas que hoy requieren de ciertos medicamentos.\u201d<\/p>\n<p style=\"text-align: justify;\">Puesta en marcha de estos Almacenes Farmace\u00faticos que, junto con articular voluntades en favor de las familias ayseninas, tendr\u00eda como principal objetivo garantizar el acceso y oportunidad a medicamentos de calidad y bajo costo, tal como lo manifest\u00f3 la Seremi de Salud Ays\u00e9n, Carmen Monsalve G\u00f3mez.\u00a0 \u201cEstamos muy contentos porque hemos podido avanzar en coordinaciones estrat\u00e9gicas que podr\u00edan permitir que los habitantes de las localidades m\u00e1s aisladas de Ays\u00e9n, puedan acceder a f\u00e1rmacos e insumos a precios justos y dignos. Esta ha sido una iniciativa que ha nacido a nivel territorial, donde proponemos la implementaci\u00f3n de Almacenes Farmace\u00faticos bajo la administraci\u00f3n de los municipios, es por eso que quiero relevar el inter\u00e9s de nuestros alcaldes que han manifestado su voluntad para avanzar en esta iniciativa, donde los montos pueden disminuir incluso hasta un 80% en f\u00e1rmacos o insumos a trav\u00e9s de CENABAST. Contamos con todo el inter\u00e9s del Gobierno Regional para apoyar esta iniciativa, y con muchos alcaldes que han puesto su voluntad sobre la mesa para poder concretar estas iniciativas en algunas localidades de la regi\u00f3n\u201d.<\/p>\n<p style=\"text-align: justify;\">Finalmente, el Presidente de la Asociaci\u00f3n Regional de Municipalidades (AREMU), Alcalde Marcelo Santana Vargas, expres\u00f3 el inter\u00e9s y alcances de esta iniciativa para las municipalidades de la regi\u00f3n. \u201cComo municipios de la regi\u00f3n de Ays\u00e9n, estamos muy motivados con este proceso que estamos llevando a cabo con el Ministerio de Salud, particularmente con la Central Nacional de Abastecimientos (CENABAST) y la Seremi de Salud Ays\u00e9n, que busca llevar almacenes farmace\u00faticos a las comunas y localidades m\u00e1s extremas y rurales de la regi\u00f3n donde no existen servicios de farmacia, con esto pretendemos llegar con medicamentos a un precio accesible para nuestros vecinos, porque entendemos que avanzar en descentralizaci\u00f3n, tambi\u00e9n es avanzar en servicios para los lugares m\u00e1s apartados de la regi\u00f3n\u201d.<\/p>\n<p style=\"text-align: justify;\">A nivel regional, cabe se\u00f1alar que los equipos de la Seremi de Salud y CENABAST contin\u00faan sosteniendo coordinaciones con la Asociaci\u00f3n Regional de Municipalidades y el Gobierno Regional de Ays\u00e9n, con el objeto de avanzar en la pronta implementaci\u00f3n de Almacenes Farmace\u00faticos Municipales en el transcurso de este a\u00f1o.<\/p>\n<\/div><\/section><\/div><div  style='height:50px' class='hr hr-invisible   avia-builder-el-6  el_after_av_one_full  el_before_av_social_share '><span class='hr-inner ' ><span class='hr-inner-style'><\/span><\/span><\/div><\/p>\n<div  class='av-social-sharing-box  avia-builder-el-7  el_after_av_hr  el_before_av_hr  '><div class='av-share-box'><h5 class='av-share-link-description av-no-toc '>Compartir esta noticia<\/h5><ul class='av-share-box-list noLightbox'><li class='av-share-link av-social-link-facebook' ><a target=\"_blank\" aria-label=\"Compartir en Facebook\" href='https:\/\/www.facebook.com\/sharer.php?u=https:\/\/radiorevelacionfm.cl\/?p=32427&#038;t=Salud%20promueve%20implementaci%C3%B3n%20de%20Almacenes%20Farmace%C3%BAticos%20Municipales%20en%20Ays%C3%A9n' aria-hidden='false' data-av_icon='\ue8f3' data-av_iconfont='entypo-fontello' title='' data-avia-related-tooltip='Compartir en Facebook' rel=\"noopener\"><span class='avia_hidden_link_text'>Compartir en Facebook<\/span><\/a><\/li><li class='av-share-link av-social-link-twitter' ><a target=\"_blank\" aria-label=\"Compartir en Twitter\" href='https:\/\/twitter.com\/share?text=Salud%20promueve%20implementaci%C3%B3n%20de%20Almacenes%20Farmace%C3%BAticos%20Municipales%20en%20Ays%C3%A9n&#038;url=https:\/\/radiorevelacionfm.cl\/?p=32427' aria-hidden='false' data-av_icon='\ue8f1' data-av_iconfont='entypo-fontello' title='' data-avia-related-tooltip='Compartir en Twitter' rel=\"noopener\"><span class='avia_hidden_link_text'>Compartir en Twitter<\/span><\/a><\/li><li class='av-share-link av-social-link-whatsapp' ><a target=\"_blank\" aria-label=\"Compartir en Whatsapp\" href='https:\/\/api.whatsapp.com\/send?text=https:\/\/radiorevelacionfm.cl\/?p=32427' aria-hidden='false' data-av_icon='\uf232' data-av_iconfont='entypo-fontello' title='' data-avia-related-tooltip='Compartir en Whatsapp' rel=\"noopener\"><span class='avia_hidden_link_text'>Compartir en Whatsapp<\/span><\/a><\/li><li class='av-share-link av-social-link-linkedin' ><a target=\"_blank\" aria-label=\"Compartir en LinkedIn\" href='https:\/\/linkedin.com\/shareArticle?mini=true&#038;title=Salud%20promueve%20implementaci%C3%B3n%20de%20Almacenes%20Farmace%C3%BAticos%20Municipales%20en%20Ays%C3%A9n&#038;url=https:\/\/radiorevelacionfm.cl\/?p=32427' aria-hidden='false' data-av_icon='\ue8fc' data-av_iconfont='entypo-fontello' title='' data-avia-related-tooltip='Compartir en LinkedIn' rel=\"noopener\"><span class='avia_hidden_link_text'>Compartir en LinkedIn<\/span><\/a><\/li><li class='av-share-link av-social-link-mail' ><a  aria-label=\"Compartir por correo\" href='mailto:?subject=Salud%20promueve%20implementaci%C3%B3n%20de%20Almacenes%20Farmace%C3%BAticos%20Municipales%20en%20Ays%C3%A9n&#038;body=https:\/\/radiorevelacionfm.cl\/?p=32427' aria-hidden='false' data-av_icon='\ue805' data-av_iconfont='entypo-fontello' title='' data-avia-related-tooltip='Compartir por correo'><span class='avia_hidden_link_text'>Compartir por correo<\/span><\/a><\/li><\/ul><\/div><\/div>\n<div  style='height:50px' class='hr hr-invisible   avia-builder-el-8  el_after_av_social_share  el_before_av_comments_list '><span class='hr-inner ' ><span class='hr-inner-style'><\/span><\/span><\/div>\n<div  class='av-buildercomment  av-blog-meta-html-info-disabled av-blog-meta-tag-disabled  '><\/div>\n","protected":false},"excerpt":{"rendered":"","protected":false},"author":1,"featured_media":32428,"comment_status":"open","ping_status":"open","sticky":false,"template":"","format":"standard","meta":{"footnotes":""},"categories":[46],"tags":[],"class_list":["post-32427","post","type-post","status-publish","format-standard","has-post-thumbnail","hentry","category-salud"],"jetpack_featured_media_url":"https:\/\/radiorevelacionfm.cl\/wp-content\/uploads\/2023\/06\/encuentro-cenabast-2_optimized-2.jpeg","_links":{"self":[{"href":"https:\/\/radiorevelacionfm.cl\/index.php?rest_route=\/wp\/v2\/posts\/32427","targetHints":{"allow":["GET"]}}],"collection":[{"href":"https:\/\/radiorevelacionfm.cl\/index.php?rest_route=\/wp\/v2\/posts"}],"about":[{"href":"https:\/\/radiorevelacionfm.cl\/index.php?rest_route=\/wp\/v2\/types\/post"}],"author":[{"embeddable":true,"href":"https:\/\/radiorevelacionfm.cl\/index.php?rest_route=\/wp\/v2\/users\/1"}],"replies":[{"embeddable":true,"href":"https:\/\/radiorevelacionfm.cl\/index.php?rest_route=%2Fwp%2Fv2%2Fcomments&post=32427"}],"version-history":[{"count":1,"href":"https:\/\/radiorevelacionfm.cl\/index.php?rest_route=\/wp\/v2\/posts\/32427\/revisions"}],"predecessor-version":[{"id":32429,"href":"https:\/\/radiorevelacionfm.cl\/index.php?rest_route=\/wp\/v2\/posts\/32427\/revisions\/32429"}],"wp:featuredmedia":[{"embeddable":true,"href":"https:\/\/radiorevelacionfm.cl\/index.php?rest_route=\/wp\/v2\/media\/32428"}],"wp:attachment":[{"href":"https:\/\/radiorevelacionfm.cl\/index.php?rest_route=%2Fwp%2Fv2%2Fmedia&parent=32427"}],"wp:term":[{"taxonomy":"category","embeddable":true,"href":"https:\/\/radiorevelacionfm.cl\/index.php?rest_route=%2Fwp%2Fv2%2Fcategories&post=32427"},{"taxonomy":"post_tag","embeddable":true,"href":"https:\/\/radiorevelacionfm.cl\/index.php?rest_route=%2Fwp%2Fv2%2Ftags&post=32427"}],"curies":[{"name":"wp","href":"https:\/\/api.w.org\/{rel}","templated":true}]}}