{"id":32424,"date":"2023-06-29T11:18:16","date_gmt":"2023-06-29T14:18:16","guid":{"rendered":"https:\/\/radiorevelacionfm.cl\/?p=32424"},"modified":"2023-06-29T11:18:16","modified_gmt":"2023-06-29T14:18:16","slug":"comediante-javier-doering-se-presenta-por-primera-vez-en-coyhaique","status":"publish","type":"post","link":"https:\/\/radiorevelacionfm.cl\/?p=32424","title":{"rendered":"Comediante Javier Doering se presenta por primera vez en Coyhaique"},"content":{"rendered":"<div class=\"flex_column av_one_full  flex_column_div av-zero-column-padding first  avia-builder-el-0  el_before_av_one_full  avia-builder-el-first  \" style='border-radius:0px; '><div  class='avia-image-container  av-styling-    avia-builder-el-1  avia-builder-el-no-sibling  avia-align-center '  itemprop=\"image\" itemscope=\"itemscope\" itemtype=\"https:\/\/schema.org\/ImageObject\"  ><div class='avia-image-container-inner'><div class='avia-image-overlay-wrap'><img decoding=\"async\" class='wp-image-32425 avia-img-lazy-loading-not-32425 avia_image' src=\"https:\/\/radiorevelacionfm.cl\/wp-content\/uploads\/2023\/06\/image-114-2-2-2.jpg\" alt='' title='image-114-2-2-2' height=\"600\" width=\"680\"  itemprop=\"thumbnailUrl\" srcset=\"https:\/\/radiorevelacionfm.cl\/wp-content\/uploads\/2023\/06\/image-114-2-2-2.jpg 680w, https:\/\/radiorevelacionfm.cl\/wp-content\/uploads\/2023\/06\/image-114-2-2-2-300x265.jpg 300w, https:\/\/radiorevelacionfm.cl\/wp-content\/uploads\/2023\/06\/image-114-2-2-2-450x397.jpg 450w, https:\/\/radiorevelacionfm.cl\/wp-content\/uploads\/2023\/06\/image-114-2-2-2-600x529.jpg 600w\" sizes=\"(max-width: 680px) 100vw, 680px\" \/><\/div><\/div><\/div><\/div><div class=\"flex_column av_one_full  flex_column_div av-zero-column-padding first  avia-builder-el-2  el_after_av_one_full  el_before_av_one_full  column-top-margin\" style='border-radius:0px; '><section class=\"av_textblock_section \"  itemscope=\"itemscope\" itemtype=\"https:\/\/schema.org\/BlogPosting\" itemprop=\"blogPost\" ><div class='avia_textblock  '   itemprop=\"text\" ><p style=\"text-align: center;\"><strong><span style=\"font-size: 18pt;\">Comediante Javier Doering se presenta por primera vez en Coyhaique<\/span><\/strong><\/p>\n<div id=\"gtx-trans\" style=\"position: absolute; left: -50px; top: 4.31534px;\">\n<div class=\"gtx-trans-icon\"><\/div>\n<\/div>\n<\/div><\/section><\/div><div class=\"flex_column av_one_full  flex_column_div av-zero-column-padding first  avia-builder-el-4  el_after_av_one_full  el_before_av_hr  column-top-margin\" style='border-radius:0px; '><section class=\"av_textblock_section \"  itemscope=\"itemscope\" itemtype=\"https:\/\/schema.org\/BlogPosting\" itemprop=\"blogPost\" ><div class='avia_textblock  '   itemprop=\"text\" ><p style=\"text-align: justify;\">Luego de una gira de casi dos meses en los escenarios m\u00e1s destacados de Ciudad de\u00a0M\u00e9xico, donde tuvo cerca de 30 presentaciones, el comediante Javier Doering aterriza\u00a0directamente en Bartolomeo Restobar de Coyhaique, donde se presentar\u00e1 este 5 y 6 de\u00a0julio a las 21.00 hrs.<\/p>\n<p style=\"text-align: justify;\">En nuestro pa\u00eds, Javier ha compartido escenarios con reconocidos comediantes como\u00a0Pedro Ruminot, Bel\u00e9n Mora, Don Comedia, Edo Caroe, entre otros. Para Javier- quien dej\u00f3\u00a0la publicidad para dedicarse desde hace ocho a\u00f1os de lleno al stand up &#8211; llegar a\u00a0Coyhaique, significa \u201cun nuevo desaf\u00edo en el espero dejar lo mejor de m\u00ed y donde nos\u00a0demos permiso para re\u00edrnos de cosas que a veces son prohibidas\u201d.<\/p>\n<p style=\"text-align: justify;\">En cuanto a sus referentes en el humor, Javier Doering destaca a nivel internacional a Bill\u00a0Burr y Louis CK, comediantes que han desafiado las formas tradicionales de la comedia.<\/p>\n<p style=\"text-align: justify;\">No es casualidad que sean residentes de Nueva York, misma ciudad donde Javier se\u00a0present\u00f3 durante 2022 con gran \u00e9xito. Mientras que en Chile, admira a Coco Legrand y a\u00a0Mauricio Medina (el Indio), a quien de cierta manera considera como un padre en la\u00a0comedia.<\/p>\n<p style=\"text-align: justify;\">Su forma de hacer standup la define como una en que desaf\u00eda los c\u00f3digos, \u201ccon tintes de\u00a0humor negro, y la crudeza de un millenial\u201d.<\/p>\n<p style=\"text-align: justify;\">Visi\u00f3n con la que se luci\u00f3 entre mayo y junio, en importantes escenarios de Ciudad de\u00a0Mexico como Foro Shakespeare, 139, Marketeatro, entre muchos otros, y comparti\u00f3 con\u00a0importantes representantes del humor azteca como Cojo Feliz, Juan Jos\u00e9 Covarrubias,\u00a0Roberto Chairez y recibi\u00f3 aplausos por montones de mexicanos, y chilenos por igual, entre\u00a0\u00e9stos de la embajadora en ese pa\u00eds, Beatriz S\u00e1nchez.<\/p>\n<p style=\"text-align: justify;\">Luego de Coyhaique, Javier Doering se presentar\u00e1 en regi\u00f3n del Biob\u00edo, Vi\u00f1a del Mar y la\u00a0regi\u00f3n de O\u00b4Higgins.<\/p>\n<\/div><\/section><\/div><div  style='height:50px' class='hr hr-invisible   avia-builder-el-6  el_after_av_one_full  el_before_av_social_share '><span class='hr-inner ' ><span class='hr-inner-style'><\/span><\/span><\/div><\/p>\n<div  class='av-social-sharing-box  avia-builder-el-7  el_after_av_hr  el_before_av_hr  '><div class='av-share-box'><h5 class='av-share-link-description av-no-toc '>Compartir esta noticia<\/h5><ul class='av-share-box-list noLightbox'><li class='av-share-link av-social-link-facebook' ><a target=\"_blank\" aria-label=\"Compartir en Facebook\" href='https:\/\/www.facebook.com\/sharer.php?u=https:\/\/radiorevelacionfm.cl\/?p=32424&#038;t=Comediante%20Javier%20Doering%20se%20presenta%20por%20primera%20vez%20en%20Coyhaique' aria-hidden='false' data-av_icon='\ue8f3' data-av_iconfont='entypo-fontello' title='' data-avia-related-tooltip='Compartir en Facebook' rel=\"noopener\"><span class='avia_hidden_link_text'>Compartir en Facebook<\/span><\/a><\/li><li class='av-share-link av-social-link-twitter' ><a target=\"_blank\" aria-label=\"Compartir en Twitter\" href='https:\/\/twitter.com\/share?text=Comediante%20Javier%20Doering%20se%20presenta%20por%20primera%20vez%20en%20Coyhaique&#038;url=https:\/\/radiorevelacionfm.cl\/?p=32424' aria-hidden='false' data-av_icon='\ue8f1' data-av_iconfont='entypo-fontello' title='' data-avia-related-tooltip='Compartir en Twitter' rel=\"noopener\"><span class='avia_hidden_link_text'>Compartir en Twitter<\/span><\/a><\/li><li class='av-share-link av-social-link-whatsapp' ><a target=\"_blank\" aria-label=\"Compartir en Whatsapp\" href='https:\/\/api.whatsapp.com\/send?text=https:\/\/radiorevelacionfm.cl\/?p=32424' aria-hidden='false' data-av_icon='\uf232' data-av_iconfont='entypo-fontello' title='' data-avia-related-tooltip='Compartir en Whatsapp' rel=\"noopener\"><span class='avia_hidden_link_text'>Compartir en Whatsapp<\/span><\/a><\/li><li class='av-share-link av-social-link-linkedin' ><a target=\"_blank\" aria-label=\"Compartir en LinkedIn\" href='https:\/\/linkedin.com\/shareArticle?mini=true&#038;title=Comediante%20Javier%20Doering%20se%20presenta%20por%20primera%20vez%20en%20Coyhaique&#038;url=https:\/\/radiorevelacionfm.cl\/?p=32424' aria-hidden='false' data-av_icon='\ue8fc' data-av_iconfont='entypo-fontello' title='' data-avia-related-tooltip='Compartir en LinkedIn' rel=\"noopener\"><span class='avia_hidden_link_text'>Compartir en LinkedIn<\/span><\/a><\/li><li class='av-share-link av-social-link-mail' ><a  aria-label=\"Compartir por correo\" href='mailto:?subject=Comediante%20Javier%20Doering%20se%20presenta%20por%20primera%20vez%20en%20Coyhaique&#038;body=https:\/\/radiorevelacionfm.cl\/?p=32424' aria-hidden='false' data-av_icon='\ue805' data-av_iconfont='entypo-fontello' title='' data-avia-related-tooltip='Compartir por correo'><span class='avia_hidden_link_text'>Compartir por correo<\/span><\/a><\/li><\/ul><\/div><\/div>\n<div  style='height:50px' class='hr hr-invisible   avia-builder-el-8  el_after_av_social_share  el_before_av_comments_list '><span class='hr-inner ' ><span class='hr-inner-style'><\/span><\/span><\/div>\n<div  class='av-buildercomment  av-blog-meta-html-info-disabled av-blog-meta-tag-disabled  '><\/div>\n","protected":false},"excerpt":{"rendered":"","protected":false},"author":1,"featured_media":32425,"comment_status":"open","ping_status":"open","sticky":false,"template":"","format":"standard","meta":{"footnotes":""},"categories":[38],"tags":[],"class_list":["post-32424","post","type-post","status-publish","format-standard","has-post-thumbnail","hentry","category-regional"],"jetpack_featured_media_url":"https:\/\/radiorevelacionfm.cl\/wp-content\/uploads\/2023\/06\/image-114-2-2-2.jpg","_links":{"self":[{"href":"https:\/\/radiorevelacionfm.cl\/index.php?rest_route=\/wp\/v2\/posts\/32424","targetHints":{"allow":["GET"]}}],"collection":[{"href":"https:\/\/radiorevelacionfm.cl\/index.php?rest_route=\/wp\/v2\/posts"}],"about":[{"href":"https:\/\/radiorevelacionfm.cl\/index.php?rest_route=\/wp\/v2\/types\/post"}],"author":[{"embeddable":true,"href":"https:\/\/radiorevelacionfm.cl\/index.php?rest_route=\/wp\/v2\/users\/1"}],"replies":[{"embeddable":true,"href":"https:\/\/radiorevelacionfm.cl\/index.php?rest_route=%2Fwp%2Fv2%2Fcomments&post=32424"}],"version-history":[{"count":1,"href":"https:\/\/radiorevelacionfm.cl\/index.php?rest_route=\/wp\/v2\/posts\/32424\/revisions"}],"predecessor-version":[{"id":32426,"href":"https:\/\/radiorevelacionfm.cl\/index.php?rest_route=\/wp\/v2\/posts\/32424\/revisions\/32426"}],"wp:featuredmedia":[{"embeddable":true,"href":"https:\/\/radiorevelacionfm.cl\/index.php?rest_route=\/wp\/v2\/media\/32425"}],"wp:attachment":[{"href":"https:\/\/radiorevelacionfm.cl\/index.php?rest_route=%2Fwp%2Fv2%2Fmedia&parent=32424"}],"wp:term":[{"taxonomy":"category","embeddable":true,"href":"https:\/\/radiorevelacionfm.cl\/index.php?rest_route=%2Fwp%2Fv2%2Fcategories&post=32424"},{"taxonomy":"post_tag","embeddable":true,"href":"https:\/\/radiorevelacionfm.cl\/index.php?rest_route=%2Fwp%2Fv2%2Ftags&post=32424"}],"curies":[{"name":"wp","href":"https:\/\/api.w.org\/{rel}","templated":true}]}}