{"id":32418,"date":"2023-06-28T10:22:54","date_gmt":"2023-06-28T13:22:54","guid":{"rendered":"https:\/\/radiorevelacionfm.cl\/?p=32418"},"modified":"2023-06-28T10:22:54","modified_gmt":"2023-06-28T13:22:54","slug":"jardines-infantiles-de-coyhaique-participan-de-jornada-interculturalidad-y-practicas-pedagogicas","status":"publish","type":"post","link":"https:\/\/radiorevelacionfm.cl\/?p=32418","title":{"rendered":"Jardines Infantiles de Coyhaique participan de jornada Interculturalidad y pr\u00e1cticas pedag\u00f3gicas"},"content":{"rendered":"<div class=\"flex_column av_one_full  flex_column_div av-zero-column-padding first  avia-builder-el-0  el_before_av_one_full  avia-builder-el-first  \" style='border-radius:0px; '><div  class='avia-image-container  av-styling-    avia-builder-el-1  avia-builder-el-no-sibling  avia-align-center '  itemprop=\"image\" itemscope=\"itemscope\" itemtype=\"https:\/\/schema.org\/ImageObject\"  ><div class='avia-image-container-inner'><div class='avia-image-overlay-wrap'><img decoding=\"async\" class='wp-image-32419 avia-img-lazy-loading-not-32419 avia_image' src=\"https:\/\/radiorevelacionfm.cl\/wp-content\/uploads\/2023\/06\/IMG_2196-min-2-2.jpg\" alt='' title='IMG_2196-min-2-2' height=\"600\" width=\"902\"  itemprop=\"thumbnailUrl\" srcset=\"https:\/\/radiorevelacionfm.cl\/wp-content\/uploads\/2023\/06\/IMG_2196-min-2-2.jpg 902w, https:\/\/radiorevelacionfm.cl\/wp-content\/uploads\/2023\/06\/IMG_2196-min-2-2-300x200.jpg 300w, https:\/\/radiorevelacionfm.cl\/wp-content\/uploads\/2023\/06\/IMG_2196-min-2-2-768x511.jpg 768w, https:\/\/radiorevelacionfm.cl\/wp-content\/uploads\/2023\/06\/IMG_2196-min-2-2-705x469.jpg 705w, https:\/\/radiorevelacionfm.cl\/wp-content\/uploads\/2023\/06\/IMG_2196-min-2-2-450x299.jpg 450w, https:\/\/radiorevelacionfm.cl\/wp-content\/uploads\/2023\/06\/IMG_2196-min-2-2-600x399.jpg 600w\" sizes=\"(max-width: 902px) 100vw, 902px\" \/><\/div><\/div><\/div><\/div><div class=\"flex_column av_one_full  flex_column_div av-zero-column-padding first  avia-builder-el-2  el_after_av_one_full  el_before_av_one_full  column-top-margin\" style='border-radius:0px; '><section class=\"av_textblock_section \"  itemscope=\"itemscope\" itemtype=\"https:\/\/schema.org\/BlogPosting\" itemprop=\"blogPost\" ><div class='avia_textblock  '   itemprop=\"text\" ><p style=\"text-align: center;\"><span style=\"font-size: 18pt;\"><strong>Jardines Infantiles de Coyhaique participan de jornada Interculturalidad y pr\u00e1cticas pedag\u00f3gicas<\/strong><\/span><\/p>\n<div id=\"gtx-trans\" style=\"position: absolute; left: -50px; top: 4.31534px;\">\n<div class=\"gtx-trans-icon\"><\/div>\n<\/div>\n<\/div><\/section><\/div><div class=\"flex_column av_one_full  flex_column_div av-zero-column-padding first  avia-builder-el-4  el_after_av_one_full  el_before_av_hr  column-top-margin\" style='border-radius:0px; '><section class=\"av_textblock_section \"  itemscope=\"itemscope\" itemtype=\"https:\/\/schema.org\/BlogPosting\" itemprop=\"blogPost\" ><div class='avia_textblock  '   itemprop=\"text\" ><p style=\"text-align: justify;\">En un esfuerzo por enriquecer las pr\u00e1cticas pedag\u00f3gicas y fomentar la incorporaci\u00f3n del enfoque intercultural en el \u00e1mbito educativo, Fundaci\u00f3n Integra de la regi\u00f3n de Ays\u00e9n llev\u00f3 a cabo una Jornada de Reflexi\u00f3n de Interculturalidad y Pr\u00e1cticas Pedag\u00f3gicas. El evento reuni\u00f3 a los equipos educativos de los cuatro jardines infantiles de Integra de la ciudad de Coyhaique, adem\u00e1s de profesionales de Oficina Regional y a una experta en diversidad cultural.<\/p>\n<p style=\"text-align: justify;\">Leticia Araya Norambuena, directora regional de Fundaci\u00f3n Integra en Ays\u00e9n destac\u00f3 que en este conversatorio pudieron abordar tem\u00e1ticas respecto de la interculturalidad y pluriculturalidad y la importancia de poder reconocerla, enfatizando que \u201clo que nosotros buscamos con este proceso, es hacer una conversaci\u00f3n que sea mucho m\u00e1s abierta y que permita hablar de la interculturalidad de manera permanente y no solo para fechas espec\u00edficas, sino que entendiendo que la construcci\u00f3n de la identidad que hacemos con los ni\u00f1os y con las ni\u00f1as parten por ese reconocimiento\u201d. A la vez remarca que esto habla m\u00e1s bien de \u201cc\u00f3mo vamos reconstruyendo y reconociendo a nuestros pueblos originarios y la importancia que ellos tienen en el desarrollo de nuestra cultura\u201d.<\/p>\n<p style=\"text-align: justify;\">La jornada se organiz\u00f3 con el prop\u00f3sito de fomentar gradualmente la incorporaci\u00f3n del enfoque intercultural en las pr\u00e1cticas de aula a trav\u00e9s de la reflexi\u00f3n cr\u00edtica. La interculturalidad, como enfoque educativo, busca valorar y respetar la diversidad cultural presente en las comunidades escolares, fomentando as\u00ed la convivencia pac\u00edfica, el di\u00e1logo intercultural y la igualdad de oportunidades.<\/p>\n<p style=\"text-align: justify;\">Yorka Cheuquian Gallardo, concejala por Coyhaique tras el fin de este encuentro destac\u00f3 que \u201ctuvimos un primer acercamiento con los equipos educativos y familias de Fundaci\u00f3n Integra la que deja en evidencia el inter\u00e9s de la instituci\u00f3n por abordar estos tema y con el desaf\u00edo de seguir trabajando la Interculturalidad desde las primeras infancias pero con una mirada m\u00e1s transversal y no s\u00f3lo en una fecha determinada\u201d.<\/p>\n<p style=\"text-align: justify;\">En esta jornada se compartieron sus conocimientos y experiencias sobre pr\u00e1cticas pedag\u00f3gicas para abordar la diversidad en el aula. A trav\u00e9s de un taller y una mesa redonda, se abordaron temas como la importancia del respeto y la valoraci\u00f3n de las diferencias culturales, estrategias para promover la participaci\u00f3n activa de los p\u00e1rvulos y herramientas para construir entornos inclusivos.<\/p>\n<p style=\"text-align: justify;\">Durante la jornada, se destac\u00f3 la necesidad de que los docentes adquieran competencias interculturales y reflexionen cr\u00edticamente sobre sus propias pr\u00e1cticas pedag\u00f3gicas. Se subray\u00f3 la importancia de promover una educaci\u00f3n inclusiva que reconozca y valore la diversidad como una riqueza en el proceso de aprendizaje.<\/p>\n<p style=\"text-align: justify;\">Leticia Araya Norambuena se\u00f1al\u00f3 que con esta \u201cl\u00f3gica de trabajo vamos construyendo un pa\u00eds que efectivamente respete a sus pueblos originarios y que esto se logre involucrar de manera permanente en el trabajo que se desarrolla en los jardines infantiles tanto en ni\u00f1os, ni\u00f1as como en sus familias y que permitan reconocer nuestra historia\u201d.<\/p>\n<p style=\"text-align: justify;\">La concejala por Coyhaique destac\u00f3 la importancia de estos espacios reforzando que \u201cla voluntad est\u00e1 y tenemos que aprovecharla. Afortunadamente, pudimos concretar este encuentro en la que ense\u00f1amos y aclaramos algunos t\u00e9rminos que nos permitan tener un Chile m\u00e1s igualitario y con una mirada transversal\u201d.<\/p>\n<p style=\"text-align: justify;\">El evento fue un espacio de encuentro e intercambio de ideas, en el que los participantes tuvieron la oportunidad de compartir sus experiencias, plantear desaf\u00edos y buscar soluciones conjuntas para mejorar la calidad educativa desde una perspectiva intercultural. Adem\u00e1s, se generaron redes de colaboraci\u00f3n entre los asistentes con el objetivo de continuar trabajando en el fortalecimiento de la interculturalidad en el \u00e1mbito educativo.<\/p>\n<p style=\"text-align: justify;\">Fundaci\u00f3n Integra pertenece a la Red de Fundaciones de la Presidencia de la Rep\u00fablica. Con 32 a\u00f1os de experiencia, cuenta con m\u00e1s de 1.230 jardines infantiles y salas cuna gratuitos a los que asisten m\u00e1s de 91 mil ni\u00f1os y ni\u00f1as en todo Chile.<\/p>\n<\/div><\/section><\/div><div  style='height:50px' class='hr hr-invisible   avia-builder-el-6  el_after_av_one_full  el_before_av_social_share '><span class='hr-inner ' ><span class='hr-inner-style'><\/span><\/span><\/div><\/p>\n<div  class='av-social-sharing-box  avia-builder-el-7  el_after_av_hr  el_before_av_hr  '><div class='av-share-box'><h5 class='av-share-link-description av-no-toc '>Compartir esta noticia<\/h5><ul class='av-share-box-list noLightbox'><li class='av-share-link av-social-link-facebook' ><a target=\"_blank\" aria-label=\"Compartir en Facebook\" href='https:\/\/www.facebook.com\/sharer.php?u=https:\/\/radiorevelacionfm.cl\/?p=32418&#038;t=Jardines%20Infantiles%20de%20Coyhaique%20participan%20de%20jornada%20Interculturalidad%20y%20pr%C3%A1cticas%20pedag%C3%B3gicas' aria-hidden='false' data-av_icon='\ue8f3' data-av_iconfont='entypo-fontello' title='' data-avia-related-tooltip='Compartir en Facebook' rel=\"noopener\"><span class='avia_hidden_link_text'>Compartir en Facebook<\/span><\/a><\/li><li class='av-share-link av-social-link-twitter' ><a target=\"_blank\" aria-label=\"Compartir en Twitter\" href='https:\/\/twitter.com\/share?text=Jardines%20Infantiles%20de%20Coyhaique%20participan%20de%20jornada%20Interculturalidad%20y%20pr%C3%A1cticas%20pedag%C3%B3gicas&#038;url=https:\/\/radiorevelacionfm.cl\/?p=32418' aria-hidden='false' data-av_icon='\ue8f1' data-av_iconfont='entypo-fontello' title='' data-avia-related-tooltip='Compartir en Twitter' rel=\"noopener\"><span class='avia_hidden_link_text'>Compartir en Twitter<\/span><\/a><\/li><li class='av-share-link av-social-link-whatsapp' ><a target=\"_blank\" aria-label=\"Compartir en Whatsapp\" href='https:\/\/api.whatsapp.com\/send?text=https:\/\/radiorevelacionfm.cl\/?p=32418' aria-hidden='false' data-av_icon='\uf232' data-av_iconfont='entypo-fontello' title='' data-avia-related-tooltip='Compartir en Whatsapp' rel=\"noopener\"><span class='avia_hidden_link_text'>Compartir en Whatsapp<\/span><\/a><\/li><li class='av-share-link av-social-link-linkedin' ><a target=\"_blank\" aria-label=\"Compartir en LinkedIn\" href='https:\/\/linkedin.com\/shareArticle?mini=true&#038;title=Jardines%20Infantiles%20de%20Coyhaique%20participan%20de%20jornada%20Interculturalidad%20y%20pr%C3%A1cticas%20pedag%C3%B3gicas&#038;url=https:\/\/radiorevelacionfm.cl\/?p=32418' aria-hidden='false' data-av_icon='\ue8fc' data-av_iconfont='entypo-fontello' title='' data-avia-related-tooltip='Compartir en LinkedIn' rel=\"noopener\"><span class='avia_hidden_link_text'>Compartir en LinkedIn<\/span><\/a><\/li><li class='av-share-link av-social-link-mail' ><a  aria-label=\"Compartir por correo\" href='mailto:?subject=Jardines%20Infantiles%20de%20Coyhaique%20participan%20de%20jornada%20Interculturalidad%20y%20pr%C3%A1cticas%20pedag%C3%B3gicas&#038;body=https:\/\/radiorevelacionfm.cl\/?p=32418' aria-hidden='false' data-av_icon='\ue805' data-av_iconfont='entypo-fontello' title='' data-avia-related-tooltip='Compartir por correo'><span class='avia_hidden_link_text'>Compartir por correo<\/span><\/a><\/li><\/ul><\/div><\/div>\n<div  style='height:50px' class='hr hr-invisible   avia-builder-el-8  el_after_av_social_share  el_before_av_comments_list '><span class='hr-inner ' ><span class='hr-inner-style'><\/span><\/span><\/div>\n<div  class='av-buildercomment  av-blog-meta-html-info-disabled av-blog-meta-tag-disabled  '><\/div>\n<div class=\"flex_column av_one_full  flex_column_div av-zero-column-padding first  avia-builder-el-10  el_after_av_comments_list  el_before_av_one_full  \" style='border-radius:0px; '><div  class='avia-image-container  av-styling-    avia-builder-el-11  avia-builder-el-no-sibling  avia-align-center '  itemprop=\"image\" itemscope=\"itemscope\" itemtype=\"https:\/\/schema.org\/ImageObject\"  ><div class='avia-image-container-inner'><div class='avia-image-overlay-wrap'><img decoding=\"async\" class='wp-image-0 avia-img-lazy-loading-not-0 avia_image' src=\"http:\/\/radiorevelacionfm.cl\/wp-content\/uploads\/2020\/12\/7ee21_th2.jpg\" alt='' title=''   itemprop=\"thumbnailUrl\"  \/><\/div><\/div><\/div><\/div>\n<div class=\"flex_column av_one_full  flex_column_div av-zero-column-padding first  avia-builder-el-12  el_after_av_one_full  el_before_av_one_full  column-top-margin\" style='border-radius:0px; '><section class=\"av_textblock_section \"  itemscope=\"itemscope\" itemtype=\"https:\/\/schema.org\/BlogPosting\" itemprop=\"blogPost\" ><div class='avia_textblock  '   itemprop=\"text\" ><h2 class=\"title\" style=\"text-align: center;\">SENDA entrega equipos de Narcotest a Carabineros para aumentar controles de Tolerancia Cero<\/h2>\n<div id=\"gtx-trans\" style=\"position: absolute; left: -50px; top: 4.31534px;\">\n<div class=\"gtx-trans-icon\"><\/div>\n<\/div>\n<\/div><\/section><\/div>\n<div class=\"flex_column av_one_full  flex_column_div av-zero-column-padding first  avia-builder-el-14  el_after_av_one_full  el_before_av_hr  column-top-margin\" style='border-radius:0px; '><section class=\"av_textblock_section \"  itemscope=\"itemscope\" itemtype=\"https:\/\/schema.org\/BlogPosting\" itemprop=\"blogPost\" ><div class='avia_textblock  '   itemprop=\"text\" ><p style=\"text-align: justify;\"><span style=\"font-size: 14pt;\">El objetivo es aumentar la cobertura del Programa Tolerancia Cero y realizar controles en otras comunas de la Regi\u00f3n de Ays\u00e9n, junto con seguir generando conciencias en los conductores, con respecto a las consecuencias negativas asociadas a la conducci\u00f3n bajo los efectos de la droga.<\/span><\/p>\n<p style=\"text-align: justify;\"><span style=\"font-size: 14pt;\">Con la participaci\u00f3n de la Intendente Regional de Ays\u00e9n Sra. Geoconda Navarrete, este martes, en dependencias de su direcci\u00f3n regional, SENDA hizo entrega al nuevo Jefe de la XI Zona Ays\u00e9n de Carabineros de Chile, General Hugo Zenteno V\u00e1squez de dos equipos para detectar la presencia de Drogas il\u00edcitas en los conductores que circulen por la Regi\u00f3n de Ays\u00e9n, en el contexto del trabajo permanente del Programa Tolerancia Cero de SENDA que se ejecuta en colaboraci\u00f3n estrat\u00e9gica con Carabineros de Chile y con el prop\u00f3sito claro de fortalecer el trabajo territorial.<\/span><\/p>\n<p><span style=\"font-size: 14pt;\">En la ocasi\u00f3n la Directora Regional de SENDA Annie Katherine Hunter Guti\u00e9rrez manifest\u00f3 \u201cEsta entrega que SENDA hace a Carabineros de Chile, marca un segundo hito, de suma relevancia en el Programa Tolerancia Cero, bajo la direcci\u00f3n de nuestro Director Carlos Charme, quien plante\u00f3 como objetivo, al asumir su cargo, sumar a los hist\u00f3ricos test de alcohol, el control de otras drogas en los conductores. Es as\u00ed como al aparato Narcotest que el a\u00f1o 2019 lleg\u00f3 a la regi\u00f3n bajo administraci\u00f3n de SENDA Ays\u00e9n, hoy se suma dos aparatos que con mucha satisfacci\u00f3n entregamos hoy a Carabineros, con una inversi\u00f3n sectorial de m\u00e1s de $9.000.000\u201d.<\/span><\/p>\n<p><span style=\"font-size: 14pt;\">Por su parte, el Jefe de la XI zona de Carabineros de Ays\u00e9n, General Hugo Zenteno V\u00e1squez se\u00f1al\u00f3: \u201cEsto es una estrategia de una pol\u00edtica de seguridad, donde con estos equipos vamos a hacer nuestro trabajo de mejor forma para poder llevar los medios de prueba al Ministerio P\u00fablico. Todo equipo detector de alguna sustancia il\u00edcita, es esencial para nuestra funci\u00f3n policial. Nuestras estrategias operativas est\u00e1n enfocadas en los puntos m\u00e1s cr\u00edticos y en especial, llega esto, pr\u00f3ximo a las fiestas navide\u00f1as y de fin de a\u00f1o, donde vamos a tener un control m\u00e1s exhaustivo en la ruta para prevenir accidentes y tambi\u00e9n para que las personas est\u00e9n en paz y tranquilidad y no tengamos hechos que lamentar, estamos para brindar un servicio \u00f3ptimo y ese es el enfoque que queremos dar para el a\u00f1o 2021.\u201d<\/span><\/p>\n<p><span style=\"font-size: 14pt;\">A partir de la inversi\u00f3n sectorial de SENDA, Carabineros de Chile de la XI Zona Ays\u00e9n podr\u00e1 someter a cualquier conductor a un examen de saliva, a trav\u00e9s de un kit de prueba desechable, en forma independiente al dispositivo Tolerancia Cero de SENDA, abarcando un territorio mayor, contribuyendo con ello no solo a l control de conductores y fiscalizaci\u00f3n del cumplimiento de la Ley de Tr\u00e1nsito, sino tambi\u00e9n a la labor preventiva que desarrolla SENDA a trav\u00e9s de su programa.<\/span><\/p>\n<p><span style=\"font-size: 14pt;\">Cabe recordar que los Narcotest permiten detectar en terreno la presencia de 5 drogas en el cuerpo de los conductores; coca\u00edna, marihuana, opi\u00e1cidos, metanfetaminas y anfetaminas, hecho que constituye un delito al igual que la conducci\u00f3n en estado de ebriedad.<\/span><\/p>\n<\/div><\/section><\/div>\n<div  style='height:50px' class='hr hr-invisible   avia-builder-el-16  el_after_av_one_full  el_before_av_social_share '><span class='hr-inner ' ><span class='hr-inner-style'><\/span><\/span><\/div>\n<div  class='av-social-sharing-box  avia-builder-el-17  el_after_av_hr  el_before_av_hr  '><div class='av-share-box'><h5 class='av-share-link-description av-no-toc '>Compartir esta noticia<\/h5><ul class='av-share-box-list noLightbox'><li class='av-share-link av-social-link-facebook' ><a target=\"_blank\" aria-label=\"Compartir en Facebook\" href='https:\/\/www.facebook.com\/sharer.php?u=https:\/\/radiorevelacionfm.cl\/?p=32418&#038;t=Jardines%20Infantiles%20de%20Coyhaique%20participan%20de%20jornada%20Interculturalidad%20y%20pr%C3%A1cticas%20pedag%C3%B3gicas' aria-hidden='false' data-av_icon='\ue8f3' data-av_iconfont='entypo-fontello' title='' data-avia-related-tooltip='Compartir en Facebook' rel=\"noopener\"><span class='avia_hidden_link_text'>Compartir en Facebook<\/span><\/a><\/li><li class='av-share-link av-social-link-twitter' ><a target=\"_blank\" aria-label=\"Compartir en Twitter\" href='https:\/\/twitter.com\/share?text=Jardines%20Infantiles%20de%20Coyhaique%20participan%20de%20jornada%20Interculturalidad%20y%20pr%C3%A1cticas%20pedag%C3%B3gicas&#038;url=https:\/\/radiorevelacionfm.cl\/?p=32418' aria-hidden='false' data-av_icon='\ue8f1' data-av_iconfont='entypo-fontello' title='' data-avia-related-tooltip='Compartir en Twitter' rel=\"noopener\"><span class='avia_hidden_link_text'>Compartir en Twitter<\/span><\/a><\/li><li class='av-share-link av-social-link-whatsapp' ><a target=\"_blank\" aria-label=\"Compartir en Whatsapp\" href='https:\/\/api.whatsapp.com\/send?text=https:\/\/radiorevelacionfm.cl\/?p=32418' aria-hidden='false' data-av_icon='\uf232' data-av_iconfont='entypo-fontello' title='' data-avia-related-tooltip='Compartir en Whatsapp' rel=\"noopener\"><span class='avia_hidden_link_text'>Compartir en Whatsapp<\/span><\/a><\/li><li class='av-share-link av-social-link-linkedin' ><a target=\"_blank\" aria-label=\"Compartir en LinkedIn\" href='https:\/\/linkedin.com\/shareArticle?mini=true&#038;title=Jardines%20Infantiles%20de%20Coyhaique%20participan%20de%20jornada%20Interculturalidad%20y%20pr%C3%A1cticas%20pedag%C3%B3gicas&#038;url=https:\/\/radiorevelacionfm.cl\/?p=32418' aria-hidden='false' data-av_icon='\ue8fc' data-av_iconfont='entypo-fontello' title='' data-avia-related-tooltip='Compartir en LinkedIn' rel=\"noopener\"><span class='avia_hidden_link_text'>Compartir en LinkedIn<\/span><\/a><\/li><li class='av-share-link av-social-link-mail' ><a  aria-label=\"Compartir por correo\" href='mailto:?subject=Jardines%20Infantiles%20de%20Coyhaique%20participan%20de%20jornada%20Interculturalidad%20y%20pr%C3%A1cticas%20pedag%C3%B3gicas&#038;body=https:\/\/radiorevelacionfm.cl\/?p=32418' aria-hidden='false' data-av_icon='\ue805' data-av_iconfont='entypo-fontello' title='' data-avia-related-tooltip='Compartir por correo'><span class='avia_hidden_link_text'>Compartir por correo<\/span><\/a><\/li><\/ul><\/div><\/div>\n<div  style='height:50px' class='hr hr-invisible   avia-builder-el-18  el_after_av_social_share  el_before_av_comments_list '><span class='hr-inner ' ><span class='hr-inner-style'><\/span><\/span><\/div>\n<div  class='av-buildercomment  av-blog-meta-html-info-disabled av-blog-meta-tag-disabled  '><\/div>\n","protected":false},"excerpt":{"rendered":"","protected":false},"author":1,"featured_media":32419,"comment_status":"open","ping_status":"open","sticky":false,"template":"","format":"standard","meta":{"footnotes":""},"categories":[49],"tags":[],"class_list":["post-32418","post","type-post","status-publish","format-standard","has-post-thumbnail","hentry","category-educacion"],"jetpack_featured_media_url":"https:\/\/radiorevelacionfm.cl\/wp-content\/uploads\/2023\/06\/IMG_2196-min-2-2.jpg","_links":{"self":[{"href":"https:\/\/radiorevelacionfm.cl\/index.php?rest_route=\/wp\/v2\/posts\/32418","targetHints":{"allow":["GET"]}}],"collection":[{"href":"https:\/\/radiorevelacionfm.cl\/index.php?rest_route=\/wp\/v2\/posts"}],"about":[{"href":"https:\/\/radiorevelacionfm.cl\/index.php?rest_route=\/wp\/v2\/types\/post"}],"author":[{"embeddable":true,"href":"https:\/\/radiorevelacionfm.cl\/index.php?rest_route=\/wp\/v2\/users\/1"}],"replies":[{"embeddable":true,"href":"https:\/\/radiorevelacionfm.cl\/index.php?rest_route=%2Fwp%2Fv2%2Fcomments&post=32418"}],"version-history":[{"count":1,"href":"https:\/\/radiorevelacionfm.cl\/index.php?rest_route=\/wp\/v2\/posts\/32418\/revisions"}],"predecessor-version":[{"id":32420,"href":"https:\/\/radiorevelacionfm.cl\/index.php?rest_route=\/wp\/v2\/posts\/32418\/revisions\/32420"}],"wp:featuredmedia":[{"embeddable":true,"href":"https:\/\/radiorevelacionfm.cl\/index.php?rest_route=\/wp\/v2\/media\/32419"}],"wp:attachment":[{"href":"https:\/\/radiorevelacionfm.cl\/index.php?rest_route=%2Fwp%2Fv2%2Fmedia&parent=32418"}],"wp:term":[{"taxonomy":"category","embeddable":true,"href":"https:\/\/radiorevelacionfm.cl\/index.php?rest_route=%2Fwp%2Fv2%2Fcategories&post=32418"},{"taxonomy":"post_tag","embeddable":true,"href":"https:\/\/radiorevelacionfm.cl\/index.php?rest_route=%2Fwp%2Fv2%2Ftags&post=32418"}],"curies":[{"name":"wp","href":"https:\/\/api.w.org\/{rel}","templated":true}]}}