{"id":32414,"date":"2023-06-27T16:59:00","date_gmt":"2023-06-27T19:59:00","guid":{"rendered":"https:\/\/radiorevelacionfm.cl\/?p=32414"},"modified":"2023-06-27T16:59:00","modified_gmt":"2023-06-27T19:59:00","slug":"tortel-reconoce-a-sus-maestras-con-la-obra-homenaje-a-la-mujer-tortelina","status":"publish","type":"post","link":"https:\/\/radiorevelacionfm.cl\/?p=32414","title":{"rendered":"Tortel reconoce a sus maestras con la obra \u201cHomenaje a la mujer tortelina\u201d"},"content":{"rendered":"<div class=\"flex_column av_one_full  flex_column_div av-zero-column-padding first  avia-builder-el-0  el_before_av_one_full  avia-builder-el-first  \" style='border-radius:0px; '><div  class='avia-image-container  av-styling-    avia-builder-el-1  avia-builder-el-no-sibling  avia-align-center '  itemprop=\"image\" itemscope=\"itemscope\" itemtype=\"https:\/\/schema.org\/ImageObject\"  ><div class='avia-image-container-inner'><div class='avia-image-overlay-wrap'><img decoding=\"async\" class='wp-image-32416 avia-img-lazy-loading-not-32416 avia_image' src=\"https:\/\/radiorevelacionfm.cl\/wp-content\/uploads\/2023\/06\/dscf0917-2_optimized-2.jpg\" alt='' title='dscf0917-2_optimized-2' height=\"600\" width=\"900\"  itemprop=\"thumbnailUrl\" srcset=\"https:\/\/radiorevelacionfm.cl\/wp-content\/uploads\/2023\/06\/dscf0917-2_optimized-2.jpg 900w, https:\/\/radiorevelacionfm.cl\/wp-content\/uploads\/2023\/06\/dscf0917-2_optimized-2-300x200.jpg 300w, https:\/\/radiorevelacionfm.cl\/wp-content\/uploads\/2023\/06\/dscf0917-2_optimized-2-768x512.jpg 768w, https:\/\/radiorevelacionfm.cl\/wp-content\/uploads\/2023\/06\/dscf0917-2_optimized-2-705x470.jpg 705w, https:\/\/radiorevelacionfm.cl\/wp-content\/uploads\/2023\/06\/dscf0917-2_optimized-2-450x300.jpg 450w, https:\/\/radiorevelacionfm.cl\/wp-content\/uploads\/2023\/06\/dscf0917-2_optimized-2-600x400.jpg 600w\" sizes=\"(max-width: 900px) 100vw, 900px\" \/><\/div><\/div><\/div><\/div><div class=\"flex_column av_one_full  flex_column_div av-zero-column-padding first  avia-builder-el-2  el_after_av_one_full  el_before_av_one_full  column-top-margin\" style='border-radius:0px; '><section class=\"av_textblock_section \"  itemscope=\"itemscope\" itemtype=\"https:\/\/schema.org\/BlogPosting\" itemprop=\"blogPost\" ><div class='avia_textblock  '   itemprop=\"text\" ><p style=\"text-align: center;\"><span style=\"font-size: 18pt;\"><strong>Tortel reconoce a sus maestras con la obra \u201cHomenaje a la mujer tortelina\u201d<\/strong><\/span><\/p>\n<div id=\"gtx-trans\" style=\"position: absolute; left: -50px; top: 4.31534px;\">\n<div class=\"gtx-trans-icon\"><\/div>\n<\/div>\n<\/div><\/section><\/div><div class=\"flex_column av_one_full  flex_column_div av-zero-column-padding first  avia-builder-el-4  el_after_av_one_full  el_before_av_hr  column-top-margin\" style='border-radius:0px; '><section class=\"av_textblock_section \"  itemscope=\"itemscope\" itemtype=\"https:\/\/schema.org\/BlogPosting\" itemprop=\"blogPost\" ><div class='avia_textblock  '   itemprop=\"text\" ><p style=\"text-align: justify;\">Con la exposici\u00f3n de una obra textil colaborativa, finalizar\u00e1 un proyecto enfocado en el desarrollo y fortalecimiento de emprendimientos de mujeres tortelinas, ejecutado por la administraci\u00f3n de Abel Becerra Vidal, alcalde de Tortel. La muestra titulada \u201cHomenaje a la mujer tortelina\u201d, recoge inspiraciones y experiencias de nueve mujeres artesanas de la comuna, quienes comparten su visi\u00f3n personal sobre lo que significa habitar este territorio.<\/p>\n<p style=\"text-align: justify;\">Este ejercicio guiado por la consultora Pulso Austral, fue realizado con lanas, maderas, fibras y pigmentos naturales. As\u00ed, en cada hebra contiene emociones y admiraci\u00f3n por aquellas otras mujeres que han inspirado durante sus vidas. Adem\u00e1s, evidencia el valor que le otorgan a ser residentes de un territorio austral, pero que las cobija con el ritmo constante de una marea que va y viene.<\/p>\n<p style=\"text-align: justify;\">La obra, que ser\u00e1 expuesta el pr\u00f3ximo jueves 29 de junio, desde las 11:00 horas en el auditorio de la escuela Comandante Luis Bravo Bravo, es el resultado de un largo proceso que reconoce la necesidad de dar a conocer la tradici\u00f3n y el empuje de mujeres locales.<\/p>\n<p style=\"text-align: justify;\">Durante casi cuatro meses, cerca de 15 participantes se beneficiaron con una iniciativa que buscaba potenciar el tejido social femenino, a trav\u00e9s de una iniciativa ideada en base a una intervenci\u00f3n liderada por la Unidad de Familia, de la I. Municipalidad de Tortel.<\/p>\n<p style=\"text-align: justify;\">El proyecto FNDR titulado, Fortalecimiento y puesta en valor de emprendimientos basados en oficios patrimoniales de mujeres de la comuna, busc\u00f3 generar alianzas y reencontrar a cong\u00e9neres que destacan en las \u00e1reas de horticultura y artesan\u00eda, fomentando un ensamblaje de conocimientos generacionales.<\/p>\n<p style=\"text-align: justify;\">A juicio del alcalde de la comuna de Tortel, Abel Becerra Vidal, esta iniciativa \u201cdemuestra el compromiso que tiene esta administraci\u00f3n por el desarrollo de las vecinas, teniendo en cuenta el talento y tradici\u00f3n que llevan delante por amor a una cultura familiar que debe continuar\u201d, asegura el edil.<\/p>\n<p style=\"text-align: justify;\">De esta manera, el liderazgo que tienen las mujeres tortelinas, adem\u00e1s de su rol como propiciadoras de la agricultura y las artes, fue puntapi\u00e9 de un proceso que las llev\u00f3 a trabajar de forma colaborativa, y tambi\u00e9n individual, tomando como eje el trabajo que hacen con sus manos tanto en la tierra como en la elaboraci\u00f3n de piezas artesanales. As\u00ed, el proyecto permiti\u00f3 la asesor\u00eda de profesionales del \u00e1rea agr\u00f3noma y textil, potenciando un acompa\u00f1amiento t\u00e9cnico en materias que conocen desde toda la vida, pero bajo una mirada que les permiti\u00f3 perfeccionar resultados, en tanto fue fortaleciendo las relaciones humanas entre las beneficiarias de la iniciativa.<\/p>\n<p style=\"text-align: justify;\">Si bien la iniciativa busca evidenciar la necesidad de generar espacios con enfoque de g\u00e9nero y relevar el conocimiento femenino, este proyecto es un primer acercamiento a conocer las necesidades, el \u00edmpetu y el potencial que tienen las mujeres locales como creadoras.<\/p>\n<p style=\"text-align: justify;\">Los invitamos este jueves 29 de junio a participar y conocer el imaginario de las artesanas de Tortel. La cita es desde las 11:00 horas, en la escuela Comandante Luis Bravo Bravo. \u00a1No falten!<\/p>\n<\/div><\/section><\/div><div  style='height:50px' class='hr hr-invisible   avia-builder-el-6  el_after_av_one_full  el_before_av_social_share '><span class='hr-inner ' ><span class='hr-inner-style'><\/span><\/span><\/div><\/p>\n<div  class='av-social-sharing-box  avia-builder-el-7  el_after_av_hr  el_before_av_hr  '><div class='av-share-box'><h5 class='av-share-link-description av-no-toc '>Compartir esta noticia<\/h5><ul class='av-share-box-list noLightbox'><li class='av-share-link av-social-link-facebook' ><a target=\"_blank\" aria-label=\"Compartir en Facebook\" href='https:\/\/www.facebook.com\/sharer.php?u=https:\/\/radiorevelacionfm.cl\/?p=32414&#038;t=Tortel%20reconoce%20a%20sus%20maestras%20con%20la%20obra%20%E2%80%9CHomenaje%20a%20la%20mujer%20tortelina%E2%80%9D' aria-hidden='false' data-av_icon='\ue8f3' data-av_iconfont='entypo-fontello' title='' data-avia-related-tooltip='Compartir en Facebook' rel=\"noopener\"><span class='avia_hidden_link_text'>Compartir en Facebook<\/span><\/a><\/li><li class='av-share-link av-social-link-twitter' ><a target=\"_blank\" aria-label=\"Compartir en Twitter\" href='https:\/\/twitter.com\/share?text=Tortel%20reconoce%20a%20sus%20maestras%20con%20la%20obra%20%E2%80%9CHomenaje%20a%20la%20mujer%20tortelina%E2%80%9D&#038;url=https:\/\/radiorevelacionfm.cl\/?p=32414' aria-hidden='false' data-av_icon='\ue8f1' data-av_iconfont='entypo-fontello' title='' data-avia-related-tooltip='Compartir en Twitter' rel=\"noopener\"><span class='avia_hidden_link_text'>Compartir en Twitter<\/span><\/a><\/li><li class='av-share-link av-social-link-whatsapp' ><a target=\"_blank\" aria-label=\"Compartir en Whatsapp\" href='https:\/\/api.whatsapp.com\/send?text=https:\/\/radiorevelacionfm.cl\/?p=32414' aria-hidden='false' data-av_icon='\uf232' data-av_iconfont='entypo-fontello' title='' data-avia-related-tooltip='Compartir en Whatsapp' rel=\"noopener\"><span class='avia_hidden_link_text'>Compartir en Whatsapp<\/span><\/a><\/li><li class='av-share-link av-social-link-linkedin' ><a target=\"_blank\" aria-label=\"Compartir en LinkedIn\" href='https:\/\/linkedin.com\/shareArticle?mini=true&#038;title=Tortel%20reconoce%20a%20sus%20maestras%20con%20la%20obra%20%E2%80%9CHomenaje%20a%20la%20mujer%20tortelina%E2%80%9D&#038;url=https:\/\/radiorevelacionfm.cl\/?p=32414' aria-hidden='false' data-av_icon='\ue8fc' data-av_iconfont='entypo-fontello' title='' data-avia-related-tooltip='Compartir en LinkedIn' rel=\"noopener\"><span class='avia_hidden_link_text'>Compartir en LinkedIn<\/span><\/a><\/li><li class='av-share-link av-social-link-mail' ><a  aria-label=\"Compartir por correo\" href='mailto:?subject=Tortel%20reconoce%20a%20sus%20maestras%20con%20la%20obra%20%E2%80%9CHomenaje%20a%20la%20mujer%20tortelina%E2%80%9D&#038;body=https:\/\/radiorevelacionfm.cl\/?p=32414' aria-hidden='false' data-av_icon='\ue805' data-av_iconfont='entypo-fontello' title='' data-avia-related-tooltip='Compartir por correo'><span class='avia_hidden_link_text'>Compartir por correo<\/span><\/a><\/li><\/ul><\/div><\/div>\n<div  style='height:50px' class='hr hr-invisible   avia-builder-el-8  el_after_av_social_share  el_before_av_comments_list '><span class='hr-inner ' ><span class='hr-inner-style'><\/span><\/span><\/div>\n<div  class='av-buildercomment  av-blog-meta-html-info-disabled av-blog-meta-tag-disabled  '><\/div>\n","protected":false},"excerpt":{"rendered":"","protected":false},"author":1,"featured_media":32416,"comment_status":"open","ping_status":"open","sticky":false,"template":"","format":"standard","meta":{"footnotes":""},"categories":[38],"tags":[],"class_list":["post-32414","post","type-post","status-publish","format-standard","has-post-thumbnail","hentry","category-regional"],"jetpack_featured_media_url":"https:\/\/radiorevelacionfm.cl\/wp-content\/uploads\/2023\/06\/dscf0917-2_optimized-2.jpg","_links":{"self":[{"href":"https:\/\/radiorevelacionfm.cl\/index.php?rest_route=\/wp\/v2\/posts\/32414","targetHints":{"allow":["GET"]}}],"collection":[{"href":"https:\/\/radiorevelacionfm.cl\/index.php?rest_route=\/wp\/v2\/posts"}],"about":[{"href":"https:\/\/radiorevelacionfm.cl\/index.php?rest_route=\/wp\/v2\/types\/post"}],"author":[{"embeddable":true,"href":"https:\/\/radiorevelacionfm.cl\/index.php?rest_route=\/wp\/v2\/users\/1"}],"replies":[{"embeddable":true,"href":"https:\/\/radiorevelacionfm.cl\/index.php?rest_route=%2Fwp%2Fv2%2Fcomments&post=32414"}],"version-history":[{"count":1,"href":"https:\/\/radiorevelacionfm.cl\/index.php?rest_route=\/wp\/v2\/posts\/32414\/revisions"}],"predecessor-version":[{"id":32417,"href":"https:\/\/radiorevelacionfm.cl\/index.php?rest_route=\/wp\/v2\/posts\/32414\/revisions\/32417"}],"wp:featuredmedia":[{"embeddable":true,"href":"https:\/\/radiorevelacionfm.cl\/index.php?rest_route=\/wp\/v2\/media\/32416"}],"wp:attachment":[{"href":"https:\/\/radiorevelacionfm.cl\/index.php?rest_route=%2Fwp%2Fv2%2Fmedia&parent=32414"}],"wp:term":[{"taxonomy":"category","embeddable":true,"href":"https:\/\/radiorevelacionfm.cl\/index.php?rest_route=%2Fwp%2Fv2%2Fcategories&post=32414"},{"taxonomy":"post_tag","embeddable":true,"href":"https:\/\/radiorevelacionfm.cl\/index.php?rest_route=%2Fwp%2Fv2%2Ftags&post=32414"}],"curies":[{"name":"wp","href":"https:\/\/api.w.org\/{rel}","templated":true}]}}