{"id":32411,"date":"2023-06-27T16:06:44","date_gmt":"2023-06-27T19:06:44","guid":{"rendered":"https:\/\/radiorevelacionfm.cl\/?p=32411"},"modified":"2023-06-27T16:06:44","modified_gmt":"2023-06-27T19:06:44","slug":"ejercito-de-chile-se-sumo-a-la-campana-familia-de-acogida-especializada","status":"publish","type":"post","link":"https:\/\/radiorevelacionfm.cl\/?p=32411","title":{"rendered":"Ej\u00e9rcito de Chile se sum\u00f3 a la campa\u00f1a Familia de Acogida Especializada"},"content":{"rendered":"<div class=\"flex_column av_one_full  flex_column_div av-zero-column-padding first  avia-builder-el-0  el_before_av_one_full  avia-builder-el-first  \" style='border-radius:0px; '><div  class='avia-image-container  av-styling-    avia-builder-el-1  avia-builder-el-no-sibling  avia-align-center '  itemprop=\"image\" itemscope=\"itemscope\" itemtype=\"https:\/\/schema.org\/ImageObject\"  ><div class='avia-image-container-inner'><div class='avia-image-overlay-wrap'><img decoding=\"async\" class='wp-image-32412 avia-img-lazy-loading-not-32412 avia_image' src=\"https:\/\/radiorevelacionfm.cl\/wp-content\/uploads\/2023\/06\/dsc_0346-2-2_optimized.jpg\" alt='' title='dsc_0346-2-2_optimized' height=\"600\" width=\"1178\"  itemprop=\"thumbnailUrl\" srcset=\"https:\/\/radiorevelacionfm.cl\/wp-content\/uploads\/2023\/06\/dsc_0346-2-2_optimized.jpg 1178w, https:\/\/radiorevelacionfm.cl\/wp-content\/uploads\/2023\/06\/dsc_0346-2-2_optimized-300x153.jpg 300w, https:\/\/radiorevelacionfm.cl\/wp-content\/uploads\/2023\/06\/dsc_0346-2-2_optimized-1030x525.jpg 1030w, https:\/\/radiorevelacionfm.cl\/wp-content\/uploads\/2023\/06\/dsc_0346-2-2_optimized-768x391.jpg 768w, https:\/\/radiorevelacionfm.cl\/wp-content\/uploads\/2023\/06\/dsc_0346-2-2_optimized-705x359.jpg 705w, https:\/\/radiorevelacionfm.cl\/wp-content\/uploads\/2023\/06\/dsc_0346-2-2_optimized-450x229.jpg 450w, https:\/\/radiorevelacionfm.cl\/wp-content\/uploads\/2023\/06\/dsc_0346-2-2_optimized-600x306.jpg 600w\" sizes=\"(max-width: 1178px) 100vw, 1178px\" \/><\/div><\/div><\/div><\/div><div class=\"flex_column av_one_full  flex_column_div av-zero-column-padding first  avia-builder-el-2  el_after_av_one_full  el_before_av_one_full  column-top-margin\" style='border-radius:0px; '><section class=\"av_textblock_section \"  itemscope=\"itemscope\" itemtype=\"https:\/\/schema.org\/BlogPosting\" itemprop=\"blogPost\" ><div class='avia_textblock  '   itemprop=\"text\" ><p style=\"text-align: center;\"><span style=\"font-size: 18pt;\"><b>Ej\u00e9rcito de Chile se sum\u00f3 a la campa\u00f1a Familia de Acogida Especializada<\/b><\/span><\/p>\n<div id=\"gtx-trans\" style=\"position: absolute; left: -50px; top: 4.31534px;\">\n<div class=\"gtx-trans-icon\"><\/div>\n<\/div>\n<\/div><\/section><\/div><div class=\"flex_column av_one_full  flex_column_div av-zero-column-padding first  avia-builder-el-4  el_after_av_one_full  el_before_av_hr  column-top-margin\" style='border-radius:0px; '><section class=\"av_textblock_section \"  itemscope=\"itemscope\" itemtype=\"https:\/\/schema.org\/BlogPosting\" itemprop=\"blogPost\" ><div class='avia_textblock  '   itemprop=\"text\" ><p style=\"text-align: justify;\"><em>La acci\u00f3n se realiz\u00f3 mediante una charla informativa que realiz\u00f3 a esa instituci\u00f3n el Servicio de Protecci\u00f3n Especializada en el marco de la campa\u00f1a de difusi\u00f3n 2023.<\/em><\/p>\n<p style=\"text-align: justify;\">La iniciativa \u201cFamilia de Acogida\u201d es de tremenda relevancia para el cuidado alternativo de ni\u00f1os, ni\u00f1as y adolescentes que han sido vulnerados en sus derechos y que el tribunal determina que deben estar al cuidado y cargo de manera transitoria por un tiempo determinado con una familia de acogida que le entregue el protecci\u00f3n, cari\u00f1o, amor y acogimiento necesario.<\/p>\n<p style=\"text-align: justify;\">Es, en este marco que la instituci\u00f3n \u201cServicio de Protecci\u00f3n Especializada\u201d ha realizado durante el mes de junio diversas acciones que buscan entregar informaci\u00f3n a la ciudadan\u00eda sobre en qu\u00e9 consiste el programa, sus requisitos y la inscripci\u00f3n de las y los interesados mediante la plataforma web <a href=\"http:\/\/www.mejorninez.cl\/\" data-saferedirecturl=\"https:\/\/www.google.com\/url?q=http:\/\/www.mejorninez.cl&amp;source=gmail&amp;ust=1687957247743000&amp;usg=AOvVaw1kirxIu_uwN_O8fL7gJPGR\">www.mejorninez.cl<\/a><\/p>\n<p style=\"text-align: justify;\">As\u00ed lo explic\u00f3 el director regional del Servicio de Protecci\u00f3n Especializada Sergio Becerra: \u201cdurante el mes de junio y parte de julio estamos desarrollando diversas actividades de difusi\u00f3n para sensibilizar a la comunidad y que sean parte de esta hermosa iniciativa que consiste en entregarle un hogar de manera temporal a un ni\u00f1o, ni\u00f1a o adolescente que el tribunal lo determine. Es por eso queremos agradecer cordialmente al Ej\u00e9rcito de Chile en nuestra regi\u00f3n, quienes fueron parte de una charla informativa sobre este programa que busca con urgencia poder aumentar las familias de acogida que tenemos disponible en nuestra regi\u00f3n\u201d.<\/p>\n<p style=\"text-align: justify;\">La autoridad tambi\u00e9n agreg\u00f3 que \u201cdurante las siguientes semanas seguiremos con una intensa agenda en medios de comunicaci\u00f3n locales y encuentros con la comunidad para que est\u00e9n informados de esta acci\u00f3n y desde ya les pedimos que ingresen a la web <a href=\"http:\/\/www.mejorninez.cl\/\" data-saferedirecturl=\"https:\/\/www.google.com\/url?q=http:\/\/www.mejorninez.cl&amp;source=gmail&amp;ust=1687957247743000&amp;usg=AOvVaw1kirxIu_uwN_O8fL7gJPGR\">www.mejorninez.cl<\/a> y conozcan los requisitos y se puedan inscribir para ir en apoyo de esos ni\u00f1os, ni\u00f1as y adolescentes que tanto lo necesitan\u201d.<\/p>\n<p style=\"text-align: justify;\">En tanto el Teniente Coronel Delf\u00edn Carballo, jefe del departamento 1ero personal de la IV Divisi\u00f3n del Ej\u00e9rcito, se\u00f1al\u00f3 que \u201cestamos satisfechos de poder conocer este importante tema y pude observar en la gente que estuvo presente en esta charla que realizaron diversas preguntas y pudieron conocer el programa Familia de Acogida ya que es una labor maravillosa y sumamente destacable. Esperamos que esta acci\u00f3n de difusi\u00f3n que hicimos de manera interna al personal institucional pueda al menos sensibilizar a cerca de esta tem\u00e1tica y poder, al menos, tener interesados en ser familias de acogida disponibles\u201d.<\/p>\n<p style=\"text-align: justify;\">En la ocasi\u00f3n estuvo el director regional del Servicio de Protecci\u00f3n Especializada Sergio Becerra y la charla fue desarrollada por la directora del FAE Pro- Amig\u00f3 Mar\u00eda Cristina S\u00e1nchez, quien lleva adelante en la regi\u00f3n la captaci\u00f3n, orientaci\u00f3n y acompa\u00f1amiento de las y los interesados en ser parte de este programa.<\/p>\n<p style=\"text-align: justify;\">Si quieres ser parte de esta acci\u00f3n puedes inscribirte en internet por medio de la web www.mejorninez .cl banner\u00a0<em>Familia de Acogida<\/em>, cuya postulaci\u00f3n ser\u00e1 direccionada a la regi\u00f3n correspondiente una vez que se llene un formulario de entrada con datos b\u00e1sicos del o la interesada.<\/p>\n<\/div><\/section><\/div><div  style='height:50px' class='hr hr-invisible   avia-builder-el-6  el_after_av_one_full  el_before_av_social_share '><span class='hr-inner ' ><span class='hr-inner-style'><\/span><\/span><\/div><\/p>\n<div  class='av-social-sharing-box  avia-builder-el-7  el_after_av_hr  el_before_av_hr  '><div class='av-share-box'><h5 class='av-share-link-description av-no-toc '>Compartir esta noticia<\/h5><ul class='av-share-box-list noLightbox'><li class='av-share-link av-social-link-facebook' ><a target=\"_blank\" aria-label=\"Compartir en Facebook\" href='https:\/\/www.facebook.com\/sharer.php?u=https:\/\/radiorevelacionfm.cl\/?p=32411&#038;t=Ej%C3%A9rcito%20de%20Chile%20se%20sum%C3%B3%20a%20la%20campa%C3%B1a%20Familia%20de%20Acogida%20Especializada' aria-hidden='false' data-av_icon='\ue8f3' data-av_iconfont='entypo-fontello' title='' data-avia-related-tooltip='Compartir en Facebook' rel=\"noopener\"><span class='avia_hidden_link_text'>Compartir en Facebook<\/span><\/a><\/li><li class='av-share-link av-social-link-twitter' ><a target=\"_blank\" aria-label=\"Compartir en Twitter\" href='https:\/\/twitter.com\/share?text=Ej%C3%A9rcito%20de%20Chile%20se%20sum%C3%B3%20a%20la%20campa%C3%B1a%20Familia%20de%20Acogida%20Especializada&#038;url=https:\/\/radiorevelacionfm.cl\/?p=32411' aria-hidden='false' data-av_icon='\ue8f1' data-av_iconfont='entypo-fontello' title='' data-avia-related-tooltip='Compartir en Twitter' rel=\"noopener\"><span class='avia_hidden_link_text'>Compartir en Twitter<\/span><\/a><\/li><li class='av-share-link av-social-link-whatsapp' ><a target=\"_blank\" aria-label=\"Compartir en Whatsapp\" href='https:\/\/api.whatsapp.com\/send?text=https:\/\/radiorevelacionfm.cl\/?p=32411' aria-hidden='false' data-av_icon='\uf232' data-av_iconfont='entypo-fontello' title='' data-avia-related-tooltip='Compartir en Whatsapp' rel=\"noopener\"><span class='avia_hidden_link_text'>Compartir en Whatsapp<\/span><\/a><\/li><li class='av-share-link av-social-link-linkedin' ><a target=\"_blank\" aria-label=\"Compartir en LinkedIn\" href='https:\/\/linkedin.com\/shareArticle?mini=true&#038;title=Ej%C3%A9rcito%20de%20Chile%20se%20sum%C3%B3%20a%20la%20campa%C3%B1a%20Familia%20de%20Acogida%20Especializada&#038;url=https:\/\/radiorevelacionfm.cl\/?p=32411' aria-hidden='false' data-av_icon='\ue8fc' data-av_iconfont='entypo-fontello' title='' data-avia-related-tooltip='Compartir en LinkedIn' rel=\"noopener\"><span class='avia_hidden_link_text'>Compartir en LinkedIn<\/span><\/a><\/li><li class='av-share-link av-social-link-mail' ><a  aria-label=\"Compartir por correo\" href='mailto:?subject=Ej%C3%A9rcito%20de%20Chile%20se%20sum%C3%B3%20a%20la%20campa%C3%B1a%20Familia%20de%20Acogida%20Especializada&#038;body=https:\/\/radiorevelacionfm.cl\/?p=32411' aria-hidden='false' data-av_icon='\ue805' data-av_iconfont='entypo-fontello' title='' data-avia-related-tooltip='Compartir por correo'><span class='avia_hidden_link_text'>Compartir por correo<\/span><\/a><\/li><\/ul><\/div><\/div>\n<div  style='height:50px' class='hr hr-invisible   avia-builder-el-8  el_after_av_social_share  el_before_av_comments_list '><span class='hr-inner ' ><span class='hr-inner-style'><\/span><\/span><\/div>\n<div  class='av-buildercomment  av-blog-meta-html-info-disabled av-blog-meta-tag-disabled  '><\/div>\n","protected":false},"excerpt":{"rendered":"","protected":false},"author":1,"featured_media":32412,"comment_status":"open","ping_status":"open","sticky":false,"template":"","format":"standard","meta":{"footnotes":""},"categories":[38],"tags":[],"class_list":["post-32411","post","type-post","status-publish","format-standard","has-post-thumbnail","hentry","category-regional"],"jetpack_featured_media_url":"https:\/\/radiorevelacionfm.cl\/wp-content\/uploads\/2023\/06\/dsc_0346-2-2_optimized.jpg","_links":{"self":[{"href":"https:\/\/radiorevelacionfm.cl\/index.php?rest_route=\/wp\/v2\/posts\/32411","targetHints":{"allow":["GET"]}}],"collection":[{"href":"https:\/\/radiorevelacionfm.cl\/index.php?rest_route=\/wp\/v2\/posts"}],"about":[{"href":"https:\/\/radiorevelacionfm.cl\/index.php?rest_route=\/wp\/v2\/types\/post"}],"author":[{"embeddable":true,"href":"https:\/\/radiorevelacionfm.cl\/index.php?rest_route=\/wp\/v2\/users\/1"}],"replies":[{"embeddable":true,"href":"https:\/\/radiorevelacionfm.cl\/index.php?rest_route=%2Fwp%2Fv2%2Fcomments&post=32411"}],"version-history":[{"count":1,"href":"https:\/\/radiorevelacionfm.cl\/index.php?rest_route=\/wp\/v2\/posts\/32411\/revisions"}],"predecessor-version":[{"id":32413,"href":"https:\/\/radiorevelacionfm.cl\/index.php?rest_route=\/wp\/v2\/posts\/32411\/revisions\/32413"}],"wp:featuredmedia":[{"embeddable":true,"href":"https:\/\/radiorevelacionfm.cl\/index.php?rest_route=\/wp\/v2\/media\/32412"}],"wp:attachment":[{"href":"https:\/\/radiorevelacionfm.cl\/index.php?rest_route=%2Fwp%2Fv2%2Fmedia&parent=32411"}],"wp:term":[{"taxonomy":"category","embeddable":true,"href":"https:\/\/radiorevelacionfm.cl\/index.php?rest_route=%2Fwp%2Fv2%2Fcategories&post=32411"},{"taxonomy":"post_tag","embeddable":true,"href":"https:\/\/radiorevelacionfm.cl\/index.php?rest_route=%2Fwp%2Fv2%2Ftags&post=32411"}],"curies":[{"name":"wp","href":"https:\/\/api.w.org\/{rel}","templated":true}]}}