{"id":32405,"date":"2023-06-27T10:00:57","date_gmt":"2023-06-27T13:00:57","guid":{"rendered":"https:\/\/radiorevelacionfm.cl\/?p=32405"},"modified":"2023-06-27T10:00:57","modified_gmt":"2023-06-27T13:00:57","slug":"diputada-raphael-oficia-por-contratos-con-fundaciones-vinculadas-al-frente-amplio-a-raiz-de-cuestionamientos","status":"publish","type":"post","link":"https:\/\/radiorevelacionfm.cl\/?p=32405","title":{"rendered":"Diputada Raphael oficia por contratos con fundaciones vinculadas al Frente Amplio a ra\u00edz de cuestionamientos"},"content":{"rendered":"<div class=\"flex_column av_one_full  flex_column_div av-zero-column-padding first  avia-builder-el-0  el_before_av_one_full  avia-builder-el-first  \" style='border-radius:0px; '><div  class='avia-image-container  av-styling-    avia-builder-el-1  avia-builder-el-no-sibling  avia-align-center '  itemprop=\"image\" itemscope=\"itemscope\" itemtype=\"https:\/\/schema.org\/ImageObject\"  ><div class='avia-image-container-inner'><div class='avia-image-overlay-wrap'><img decoding=\"async\" class='wp-image-26950 avia-img-lazy-loading-not-26950 avia_image' src=\"https:\/\/radiorevelacionfm.cl\/wp-content\/uploads\/2023\/01\/mr_01-2-1-1.jpeg\" alt='' title='mr_01 (2) (1) (1)' height=\"600\" width=\"901\"  itemprop=\"thumbnailUrl\" srcset=\"https:\/\/radiorevelacionfm.cl\/wp-content\/uploads\/2023\/01\/mr_01-2-1-1.jpeg 901w, https:\/\/radiorevelacionfm.cl\/wp-content\/uploads\/2023\/01\/mr_01-2-1-1-300x200.jpeg 300w, https:\/\/radiorevelacionfm.cl\/wp-content\/uploads\/2023\/01\/mr_01-2-1-1-768x511.jpeg 768w, https:\/\/radiorevelacionfm.cl\/wp-content\/uploads\/2023\/01\/mr_01-2-1-1-705x469.jpeg 705w, https:\/\/radiorevelacionfm.cl\/wp-content\/uploads\/2023\/01\/mr_01-2-1-1-600x400.jpeg 600w\" sizes=\"(max-width: 901px) 100vw, 901px\" \/><\/div><\/div><\/div><\/div><div class=\"flex_column av_one_full  flex_column_div av-zero-column-padding first  avia-builder-el-2  el_after_av_one_full  el_before_av_one_full  column-top-margin\" style='border-radius:0px; '><section class=\"av_textblock_section \"  itemscope=\"itemscope\" itemtype=\"https:\/\/schema.org\/BlogPosting\" itemprop=\"blogPost\" ><div class='avia_textblock  '   itemprop=\"text\" ><p style=\"text-align: center;\"><strong><span style=\"font-size: 18pt;\">Diputada Raphael oficia por contratos con fundaciones vinculadas al Frente Amplio a ra\u00edz de cuestionamientos<\/span><\/strong><\/p>\n<div id=\"gtx-trans\" style=\"position: absolute; left: -50px; top: 4.31534px;\">\n<div class=\"gtx-trans-icon\"><\/div>\n<\/div>\n<\/div><\/section><\/div><div class=\"flex_column av_one_full  flex_column_div av-zero-column-padding first  avia-builder-el-4  el_after_av_one_full  el_before_av_hr  column-top-margin\" style='border-radius:0px; '><section class=\"av_textblock_section \"  itemscope=\"itemscope\" itemtype=\"https:\/\/schema.org\/BlogPosting\" itemprop=\"blogPost\" ><div class='avia_textblock  '   itemprop=\"text\" ><p style=\"text-align: justify;\">Tras los cuestionamientos por utilizaci\u00f3n indebida de millonarios recursos p\u00fablicos por un convenio entre la Seremi de Vivienda de Antofagasta y la Fundaci\u00f3n Democracia Viva y los nexos de la \u00faltima con el Frente Amplio, la Diputada por Ays\u00e9n Marcia Raphael ofici\u00f3 a todas las Seremis de la und\u00e9cima regi\u00f3n para contar con la informaci\u00f3n sobre todos los convenios existentes entre fundaciones y las Secretar\u00edas Regionales.<\/p>\n<p style=\"text-align: justify;\">Raphael se\u00f1ala adem\u00e1s una fiscalizaci\u00f3n frente a la eventual participaci\u00f3n de la Rectora de la Universidad de Ays\u00e9n, Natacha Pino como Directora de la Fundaci\u00f3n Democracia Viva y la colaboraci\u00f3n que tuvo dicha fundaci\u00f3n en la escuela de verano \u201cSo\u00f1ando la nueva Constituci\u00f3n\u201d, para ni\u00f1os entre 8 y 15 a\u00f1os realizada en la casa de estudios en el mes de enero de 2022. Ante esto la parlamentaria apunta a que claramente esto corresponde a un \u201cadoctrinamiento pol\u00edtico irresponsable\u201d.<\/p>\n<p style=\"text-align: justify;\">La Diputada Marcia Raphael ha lamentado todo lo ocurrido a nivel nacional en los \u00faltimos d\u00edas, donde se han conocido millonarios contratos a fundaciones a trav\u00e9s de tratos directos, que pertenecen a personeros del Frente Amplio y principalmente del partido Revoluci\u00f3n Democr\u00e1tica. Lo anterior, sumado a la falta de fiscalizaci\u00f3n por parte del Ministerio de Vivienda, que teniendo informaci\u00f3n sobre eventuales irregularidades no se tomaron medidas, lo que termin\u00f3 con la salida de la Subsecretaria de la cartera, Tatiana Rojas.<\/p>\n<p style=\"text-align: justify;\">\u201cLo que ha ocurrido es grav\u00edsimo, hablamos de cientos de millones de pesos que han sido adjudicados a fundaciones pro Frente Amplio, en donde claramente hay faltas a la \u00e9tica y probidad administrativa. Es importante que todos estos contratos se investiguen hasta llegar a las \u00faltimas consecuencias y dar con los responsables. Desde la Bancada de RN hemos pedido una Comisi\u00f3n Investigadora en el Congreso y tambi\u00e9n apoyaremos una interpelaci\u00f3n al Ministro Montes. Ac\u00e1 se deben hacer valer las responsabilidades pol\u00edticas.\u201d se\u00f1al\u00f3 Raphael.<\/p>\n<\/div><\/section><\/div><div  style='height:50px' class='hr hr-invisible   avia-builder-el-6  el_after_av_one_full  el_before_av_social_share '><span class='hr-inner ' ><span class='hr-inner-style'><\/span><\/span><\/div><\/p>\n<div  class='av-social-sharing-box  avia-builder-el-7  el_after_av_hr  el_before_av_hr  '><div class='av-share-box'><h5 class='av-share-link-description av-no-toc '>Compartir esta noticia<\/h5><ul class='av-share-box-list noLightbox'><li class='av-share-link av-social-link-facebook' ><a target=\"_blank\" aria-label=\"Compartir en Facebook\" href='https:\/\/www.facebook.com\/sharer.php?u=https:\/\/radiorevelacionfm.cl\/?p=32405&#038;t=Diputada%20Raphael%20oficia%20por%20contratos%20con%20fundaciones%20vinculadas%20al%20Frente%20Amplio%20a%20ra%C3%ADz%20de%20cuestionamientos' aria-hidden='false' data-av_icon='\ue8f3' data-av_iconfont='entypo-fontello' title='' data-avia-related-tooltip='Compartir en Facebook' rel=\"noopener\"><span class='avia_hidden_link_text'>Compartir en Facebook<\/span><\/a><\/li><li class='av-share-link av-social-link-twitter' ><a target=\"_blank\" aria-label=\"Compartir en Twitter\" href='https:\/\/twitter.com\/share?text=Diputada%20Raphael%20oficia%20por%20contratos%20con%20fundaciones%20vinculadas%20al%20Frente%20Amplio%20a%20ra%C3%ADz%20de%20cuestionamientos&#038;url=https:\/\/radiorevelacionfm.cl\/?p=32405' aria-hidden='false' data-av_icon='\ue8f1' data-av_iconfont='entypo-fontello' title='' data-avia-related-tooltip='Compartir en Twitter' rel=\"noopener\"><span class='avia_hidden_link_text'>Compartir en Twitter<\/span><\/a><\/li><li class='av-share-link av-social-link-whatsapp' ><a target=\"_blank\" aria-label=\"Compartir en Whatsapp\" href='https:\/\/api.whatsapp.com\/send?text=https:\/\/radiorevelacionfm.cl\/?p=32405' aria-hidden='false' data-av_icon='\uf232' data-av_iconfont='entypo-fontello' title='' data-avia-related-tooltip='Compartir en Whatsapp' rel=\"noopener\"><span class='avia_hidden_link_text'>Compartir en Whatsapp<\/span><\/a><\/li><li class='av-share-link av-social-link-linkedin' ><a target=\"_blank\" aria-label=\"Compartir en LinkedIn\" href='https:\/\/linkedin.com\/shareArticle?mini=true&#038;title=Diputada%20Raphael%20oficia%20por%20contratos%20con%20fundaciones%20vinculadas%20al%20Frente%20Amplio%20a%20ra%C3%ADz%20de%20cuestionamientos&#038;url=https:\/\/radiorevelacionfm.cl\/?p=32405' aria-hidden='false' data-av_icon='\ue8fc' data-av_iconfont='entypo-fontello' title='' data-avia-related-tooltip='Compartir en LinkedIn' rel=\"noopener\"><span class='avia_hidden_link_text'>Compartir en LinkedIn<\/span><\/a><\/li><li class='av-share-link av-social-link-mail' ><a  aria-label=\"Compartir por correo\" href='mailto:?subject=Diputada%20Raphael%20oficia%20por%20contratos%20con%20fundaciones%20vinculadas%20al%20Frente%20Amplio%20a%20ra%C3%ADz%20de%20cuestionamientos&#038;body=https:\/\/radiorevelacionfm.cl\/?p=32405' aria-hidden='false' data-av_icon='\ue805' data-av_iconfont='entypo-fontello' title='' data-avia-related-tooltip='Compartir por correo'><span class='avia_hidden_link_text'>Compartir por correo<\/span><\/a><\/li><\/ul><\/div><\/div>\n<div  style='height:50px' class='hr hr-invisible   avia-builder-el-8  el_after_av_social_share  el_before_av_comments_list '><span class='hr-inner ' ><span class='hr-inner-style'><\/span><\/span><\/div>\n<div  class='av-buildercomment  av-blog-meta-html-info-disabled av-blog-meta-tag-disabled  '><\/div>\n","protected":false},"excerpt":{"rendered":"","protected":false},"author":1,"featured_media":26950,"comment_status":"open","ping_status":"open","sticky":false,"template":"","format":"standard","meta":{"footnotes":""},"categories":[35],"tags":[],"class_list":["post-32405","post","type-post","status-publish","format-standard","has-post-thumbnail","hentry","category-politica"],"jetpack_featured_media_url":"https:\/\/radiorevelacionfm.cl\/wp-content\/uploads\/2023\/01\/mr_01-2-1-1.jpeg","_links":{"self":[{"href":"https:\/\/radiorevelacionfm.cl\/index.php?rest_route=\/wp\/v2\/posts\/32405","targetHints":{"allow":["GET"]}}],"collection":[{"href":"https:\/\/radiorevelacionfm.cl\/index.php?rest_route=\/wp\/v2\/posts"}],"about":[{"href":"https:\/\/radiorevelacionfm.cl\/index.php?rest_route=\/wp\/v2\/types\/post"}],"author":[{"embeddable":true,"href":"https:\/\/radiorevelacionfm.cl\/index.php?rest_route=\/wp\/v2\/users\/1"}],"replies":[{"embeddable":true,"href":"https:\/\/radiorevelacionfm.cl\/index.php?rest_route=%2Fwp%2Fv2%2Fcomments&post=32405"}],"version-history":[{"count":1,"href":"https:\/\/radiorevelacionfm.cl\/index.php?rest_route=\/wp\/v2\/posts\/32405\/revisions"}],"predecessor-version":[{"id":32406,"href":"https:\/\/radiorevelacionfm.cl\/index.php?rest_route=\/wp\/v2\/posts\/32405\/revisions\/32406"}],"wp:featuredmedia":[{"embeddable":true,"href":"https:\/\/radiorevelacionfm.cl\/index.php?rest_route=\/wp\/v2\/media\/26950"}],"wp:attachment":[{"href":"https:\/\/radiorevelacionfm.cl\/index.php?rest_route=%2Fwp%2Fv2%2Fmedia&parent=32405"}],"wp:term":[{"taxonomy":"category","embeddable":true,"href":"https:\/\/radiorevelacionfm.cl\/index.php?rest_route=%2Fwp%2Fv2%2Fcategories&post=32405"},{"taxonomy":"post_tag","embeddable":true,"href":"https:\/\/radiorevelacionfm.cl\/index.php?rest_route=%2Fwp%2Fv2%2Ftags&post=32405"}],"curies":[{"name":"wp","href":"https:\/\/api.w.org\/{rel}","templated":true}]}}