{"id":32399,"date":"2023-06-26T21:49:49","date_gmt":"2023-06-27T00:49:49","guid":{"rendered":"https:\/\/radiorevelacionfm.cl\/?p=32399"},"modified":"2023-06-26T21:49:49","modified_gmt":"2023-06-27T00:49:49","slug":"autoridades-de-salud-se-reunen-con-parlamentarios-para-proyectar-trabajo-conjunto","status":"publish","type":"post","link":"https:\/\/radiorevelacionfm.cl\/?p=32399","title":{"rendered":"Autoridades de Salud se re\u00fanen con parlamentarios para proyectar trabajo conjunto"},"content":{"rendered":"<div class=\"flex_column av_one_full  flex_column_div av-zero-column-padding first  avia-builder-el-0  el_before_av_one_full  avia-builder-el-first  \" style='border-radius:0px; '><div  class='avia-image-container  av-styling-    avia-builder-el-1  avia-builder-el-no-sibling  avia-align-center '  itemprop=\"image\" itemscope=\"itemscope\" itemtype=\"https:\/\/schema.org\/ImageObject\"  ><div class='avia-image-container-inner'><div class='avia-image-overlay-wrap'><img decoding=\"async\" class='wp-image-32400 avia-img-lazy-loading-not-32400 avia_image' src=\"https:\/\/radiorevelacionfm.cl\/wp-content\/uploads\/2023\/06\/REUNION-C-PARLAMENTARIOS-2-2-2.jpeg\" alt='' title='REUNI\u00d3N C PARLAMENTARIOS (2)-2-2' height=\"600\" width=\"900\"  itemprop=\"thumbnailUrl\" srcset=\"https:\/\/radiorevelacionfm.cl\/wp-content\/uploads\/2023\/06\/REUNION-C-PARLAMENTARIOS-2-2-2.jpeg 900w, https:\/\/radiorevelacionfm.cl\/wp-content\/uploads\/2023\/06\/REUNION-C-PARLAMENTARIOS-2-2-2-300x200.jpeg 300w, https:\/\/radiorevelacionfm.cl\/wp-content\/uploads\/2023\/06\/REUNION-C-PARLAMENTARIOS-2-2-2-768x512.jpeg 768w, https:\/\/radiorevelacionfm.cl\/wp-content\/uploads\/2023\/06\/REUNION-C-PARLAMENTARIOS-2-2-2-705x470.jpeg 705w, https:\/\/radiorevelacionfm.cl\/wp-content\/uploads\/2023\/06\/REUNION-C-PARLAMENTARIOS-2-2-2-450x300.jpeg 450w, https:\/\/radiorevelacionfm.cl\/wp-content\/uploads\/2023\/06\/REUNION-C-PARLAMENTARIOS-2-2-2-600x400.jpeg 600w\" sizes=\"(max-width: 900px) 100vw, 900px\" \/><\/div><\/div><\/div><\/div><div class=\"flex_column av_one_full  flex_column_div av-zero-column-padding first  avia-builder-el-2  el_after_av_one_full  el_before_av_one_full  column-top-margin\" style='border-radius:0px; '><section class=\"av_textblock_section \"  itemscope=\"itemscope\" itemtype=\"https:\/\/schema.org\/BlogPosting\" itemprop=\"blogPost\" ><div class='avia_textblock  '   itemprop=\"text\" ><p style=\"text-align: center;\"><span style=\"font-size: 18pt;\"><b><span lang=\"ES\">Autoridades de Salud se re\u00fanen con parlamentarios para proyectar trabajo conjunto<\/span><\/b><\/span><\/p>\n<div id=\"gtx-trans\" style=\"position: absolute; left: -50px; top: 4.31534px;\">\n<div class=\"gtx-trans-icon\"><\/div>\n<\/div>\n<\/div><\/section><\/div><div class=\"flex_column av_one_full  flex_column_div av-zero-column-padding first  avia-builder-el-4  el_after_av_one_full  el_before_av_hr  column-top-margin\" style='border-radius:0px; '><section class=\"av_textblock_section \"  itemscope=\"itemscope\" itemtype=\"https:\/\/schema.org\/BlogPosting\" itemprop=\"blogPost\" ><div class='avia_textblock  '   itemprop=\"text\" ><p style=\"text-align: justify;\">Conscientes de la necesidad del trabajo coordinado entre autoridades para avanzar en dar respuesta a las necesidades y anhelos de la comunidad de Ays\u00e9n, desde el Servicio de Salud convocaron a las y los parlamentarios de la regi\u00f3n para darles cuenta de las gestiones desarrolladas y tambi\u00e9n de los principales proyectos para la Red Asistencial Regional.<\/p>\n<p style=\"text-align: justify;\">En la reuni\u00f3n las y los senadores y diputados pudieron aclarar sus dudas y tambi\u00e9n conocer aquellas \u00e1reas en la que su apoyo es crucial para avanzar en materia de Salud.<\/p>\n<p style=\"text-align: justify;\">\u201cTenemos que trabajar conjuntamente, de manera colectiva, porque nos permite tener conocimiento de cu\u00e1les son las agendas, poder complementarlas y cuando llegue la ley de presupuesto poder conseguir cosas concretas que mejoren la salud en Ays\u00e9n. Tenemos mucho que avanzar y con un trabajo colectivo dar las peleas, como lo hacen en otras regiones\u201d, se\u00f1al\u00f3 la senadora Ximena \u00d3rdenes Neira.<\/p>\n<p style=\"text-align: justify;\">Parte importante de lo expuesto por el equipo directivo del Servicio de Salud Ays\u00e9n fueron los proyectos actuales y futuros, como la construcci\u00f3n del CESFAM con SAR adosado y la normalizaci\u00f3n del Hospital Regional.<\/p>\n<p style=\"text-align: justify;\">\u201cEs un paso muy importante, porque cuando los trabajos se hacen en unidad, sin duda, podemos conseguir m\u00e1s cosas a nivel central. En este caso hablamos de las inversiones en salud, son muchas las necesidades, se nos entreg\u00f3 mucha informaci\u00f3n y adem\u00e1s pude aclarar dudas y plantear temas que siento que son prioritarios para poder avanzar en la salud de Ays\u00e9n\u201d, dijo tras la reuni\u00f3n la Diputada Marcia Raphael Mora.<\/p>\n<p style=\"text-align: justify;\">La reuni\u00f3n se desarroll\u00f3 de manera amena y tanto las y los parlamentarios, como el equipo directivo del SSA, mostraron su inter\u00e9s y compromiso para seguir desarrollando un trabajo en colaborativo.<\/p>\n<p style=\"text-align: justify;\">\u201cFue una experiencia muy positiva esta primera reuni\u00f3n con los parlamentarios de la regi\u00f3n, pudimos mostrar todo lo que estamos haciendo y hacia d\u00f3nde tenemos que seguir avanzando. Esto no se hace solo, se hace escuchando, con la autocr\u00edtica respectiva y tambi\u00e9n con el apoyo de ellos. Esperamos seguir trabajando en una segunda reuni\u00f3n ya que estamos a tiempo para conseguir los recursos que necesitamos para 2024\u201d, concluy\u00f3 el Director (s) del Servicio de Salud Ays\u00e9n, Mauricio Cort\u00e9s Molina.<\/p>\n<p style=\"text-align: justify;\">En la reuni\u00f3n estuvieron presentes la senadora Ximena \u00d3rdenes Neira y los diputados Marcia Raphael Mora y Ren\u00e9 Alinco Bustos. Durante las pr\u00f3ximas semanas se programar\u00e1 una segunda jornada de trabajo para avanzar en las necesidades de salud de todo el territorio regional.<\/p>\n<\/div><\/section><\/div><div  style='height:50px' class='hr hr-invisible   avia-builder-el-6  el_after_av_one_full  el_before_av_social_share '><span class='hr-inner ' ><span class='hr-inner-style'><\/span><\/span><\/div><\/p>\n<div  class='av-social-sharing-box  avia-builder-el-7  el_after_av_hr  el_before_av_hr  '><div class='av-share-box'><h5 class='av-share-link-description av-no-toc '>Compartir esta noticia<\/h5><ul class='av-share-box-list noLightbox'><li class='av-share-link av-social-link-facebook' ><a target=\"_blank\" aria-label=\"Compartir en Facebook\" href='https:\/\/www.facebook.com\/sharer.php?u=https:\/\/radiorevelacionfm.cl\/?p=32399&#038;t=Autoridades%20de%20Salud%20se%20re%C3%BAnen%20con%20parlamentarios%20para%20proyectar%20trabajo%20conjunto' aria-hidden='false' data-av_icon='\ue8f3' data-av_iconfont='entypo-fontello' title='' data-avia-related-tooltip='Compartir en Facebook' rel=\"noopener\"><span class='avia_hidden_link_text'>Compartir en Facebook<\/span><\/a><\/li><li class='av-share-link av-social-link-twitter' ><a target=\"_blank\" aria-label=\"Compartir en Twitter\" href='https:\/\/twitter.com\/share?text=Autoridades%20de%20Salud%20se%20re%C3%BAnen%20con%20parlamentarios%20para%20proyectar%20trabajo%20conjunto&#038;url=https:\/\/radiorevelacionfm.cl\/?p=32399' aria-hidden='false' data-av_icon='\ue8f1' data-av_iconfont='entypo-fontello' title='' data-avia-related-tooltip='Compartir en Twitter' rel=\"noopener\"><span class='avia_hidden_link_text'>Compartir en Twitter<\/span><\/a><\/li><li class='av-share-link av-social-link-whatsapp' ><a target=\"_blank\" aria-label=\"Compartir en Whatsapp\" href='https:\/\/api.whatsapp.com\/send?text=https:\/\/radiorevelacionfm.cl\/?p=32399' aria-hidden='false' data-av_icon='\uf232' data-av_iconfont='entypo-fontello' title='' data-avia-related-tooltip='Compartir en Whatsapp' rel=\"noopener\"><span class='avia_hidden_link_text'>Compartir en Whatsapp<\/span><\/a><\/li><li class='av-share-link av-social-link-linkedin' ><a target=\"_blank\" aria-label=\"Compartir en LinkedIn\" href='https:\/\/linkedin.com\/shareArticle?mini=true&#038;title=Autoridades%20de%20Salud%20se%20re%C3%BAnen%20con%20parlamentarios%20para%20proyectar%20trabajo%20conjunto&#038;url=https:\/\/radiorevelacionfm.cl\/?p=32399' aria-hidden='false' data-av_icon='\ue8fc' data-av_iconfont='entypo-fontello' title='' data-avia-related-tooltip='Compartir en LinkedIn' rel=\"noopener\"><span class='avia_hidden_link_text'>Compartir en LinkedIn<\/span><\/a><\/li><li class='av-share-link av-social-link-mail' ><a  aria-label=\"Compartir por correo\" href='mailto:?subject=Autoridades%20de%20Salud%20se%20re%C3%BAnen%20con%20parlamentarios%20para%20proyectar%20trabajo%20conjunto&#038;body=https:\/\/radiorevelacionfm.cl\/?p=32399' aria-hidden='false' data-av_icon='\ue805' data-av_iconfont='entypo-fontello' title='' data-avia-related-tooltip='Compartir por correo'><span class='avia_hidden_link_text'>Compartir por correo<\/span><\/a><\/li><\/ul><\/div><\/div>\n<div  style='height:50px' class='hr hr-invisible   avia-builder-el-8  el_after_av_social_share  el_before_av_comments_list '><span class='hr-inner ' ><span class='hr-inner-style'><\/span><\/span><\/div>\n<div  class='av-buildercomment  av-blog-meta-html-info-disabled av-blog-meta-tag-disabled  '><\/div>\n","protected":false},"excerpt":{"rendered":"","protected":false},"author":1,"featured_media":32400,"comment_status":"open","ping_status":"open","sticky":false,"template":"","format":"standard","meta":{"footnotes":""},"categories":[46],"tags":[],"class_list":["post-32399","post","type-post","status-publish","format-standard","has-post-thumbnail","hentry","category-salud"],"jetpack_featured_media_url":"https:\/\/radiorevelacionfm.cl\/wp-content\/uploads\/2023\/06\/REUNION-C-PARLAMENTARIOS-2-2-2.jpeg","_links":{"self":[{"href":"https:\/\/radiorevelacionfm.cl\/index.php?rest_route=\/wp\/v2\/posts\/32399","targetHints":{"allow":["GET"]}}],"collection":[{"href":"https:\/\/radiorevelacionfm.cl\/index.php?rest_route=\/wp\/v2\/posts"}],"about":[{"href":"https:\/\/radiorevelacionfm.cl\/index.php?rest_route=\/wp\/v2\/types\/post"}],"author":[{"embeddable":true,"href":"https:\/\/radiorevelacionfm.cl\/index.php?rest_route=\/wp\/v2\/users\/1"}],"replies":[{"embeddable":true,"href":"https:\/\/radiorevelacionfm.cl\/index.php?rest_route=%2Fwp%2Fv2%2Fcomments&post=32399"}],"version-history":[{"count":1,"href":"https:\/\/radiorevelacionfm.cl\/index.php?rest_route=\/wp\/v2\/posts\/32399\/revisions"}],"predecessor-version":[{"id":32401,"href":"https:\/\/radiorevelacionfm.cl\/index.php?rest_route=\/wp\/v2\/posts\/32399\/revisions\/32401"}],"wp:featuredmedia":[{"embeddable":true,"href":"https:\/\/radiorevelacionfm.cl\/index.php?rest_route=\/wp\/v2\/media\/32400"}],"wp:attachment":[{"href":"https:\/\/radiorevelacionfm.cl\/index.php?rest_route=%2Fwp%2Fv2%2Fmedia&parent=32399"}],"wp:term":[{"taxonomy":"category","embeddable":true,"href":"https:\/\/radiorevelacionfm.cl\/index.php?rest_route=%2Fwp%2Fv2%2Fcategories&post=32399"},{"taxonomy":"post_tag","embeddable":true,"href":"https:\/\/radiorevelacionfm.cl\/index.php?rest_route=%2Fwp%2Fv2%2Ftags&post=32399"}],"curies":[{"name":"wp","href":"https:\/\/api.w.org\/{rel}","templated":true}]}}