{"id":32396,"date":"2023-06-26T18:55:52","date_gmt":"2023-06-26T21:55:52","guid":{"rendered":"https:\/\/radiorevelacionfm.cl\/?p=32396"},"modified":"2023-06-26T18:55:52","modified_gmt":"2023-06-26T21:55:52","slug":"equipo-medico-espanol-arriba-a-la-region-para-apoyar-contingencia-respiratoria","status":"publish","type":"post","link":"https:\/\/radiorevelacionfm.cl\/?p=32396","title":{"rendered":"Equipo m\u00e9dico espa\u00f1ol arriba a la regi\u00f3n para apoyar contingencia respiratoria"},"content":{"rendered":"<div class=\"flex_column av_one_full  flex_column_div av-zero-column-padding first  avia-builder-el-0  el_before_av_one_full  avia-builder-el-first  \" style='border-radius:0px; '><div  class='avia-image-container  av-styling-    avia-builder-el-1  avia-builder-el-no-sibling  avia-align-center '  itemprop=\"image\" itemscope=\"itemscope\" itemtype=\"https:\/\/schema.org\/ImageObject\"  ><div class='avia-image-container-inner'><div class='avia-image-overlay-wrap'><img decoding=\"async\" class='wp-image-32397 avia-img-lazy-loading-not-32397 avia_image' src=\"https:\/\/radiorevelacionfm.cl\/wp-content\/uploads\/2023\/06\/ESPECIALISTAS-ESPANOLES-1-2-2.jpeg\" alt='' title='ESPECIALISTAS ESPA\u00d1OLES (1)-2-2' height=\"600\" width=\"900\"  itemprop=\"thumbnailUrl\" srcset=\"https:\/\/radiorevelacionfm.cl\/wp-content\/uploads\/2023\/06\/ESPECIALISTAS-ESPANOLES-1-2-2.jpeg 900w, https:\/\/radiorevelacionfm.cl\/wp-content\/uploads\/2023\/06\/ESPECIALISTAS-ESPANOLES-1-2-2-300x200.jpeg 300w, https:\/\/radiorevelacionfm.cl\/wp-content\/uploads\/2023\/06\/ESPECIALISTAS-ESPANOLES-1-2-2-768x512.jpeg 768w, https:\/\/radiorevelacionfm.cl\/wp-content\/uploads\/2023\/06\/ESPECIALISTAS-ESPANOLES-1-2-2-705x470.jpeg 705w, https:\/\/radiorevelacionfm.cl\/wp-content\/uploads\/2023\/06\/ESPECIALISTAS-ESPANOLES-1-2-2-450x300.jpeg 450w, https:\/\/radiorevelacionfm.cl\/wp-content\/uploads\/2023\/06\/ESPECIALISTAS-ESPANOLES-1-2-2-600x400.jpeg 600w\" sizes=\"(max-width: 900px) 100vw, 900px\" \/><\/div><\/div><\/div><\/div><div class=\"flex_column av_one_full  flex_column_div av-zero-column-padding first  avia-builder-el-2  el_after_av_one_full  el_before_av_one_full  column-top-margin\" style='border-radius:0px; '><section class=\"av_textblock_section \"  itemscope=\"itemscope\" itemtype=\"https:\/\/schema.org\/BlogPosting\" itemprop=\"blogPost\" ><div class='avia_textblock  '   itemprop=\"text\" ><p style=\"text-align: center;\"><span style=\"font-size: 18pt;\"><b>Equipo m\u00e9dico espa\u00f1ol arriba a la regi\u00f3n para apoyar contingencia respiratoria<\/b><\/span><\/p>\n<div id=\"gtx-trans\" style=\"position: absolute; left: -50px; top: 4.31534px;\">\n<div class=\"gtx-trans-icon\"><\/div>\n<\/div>\n<\/div><\/section><\/div><div class=\"flex_column av_one_full  flex_column_div av-zero-column-padding first  avia-builder-el-4  el_after_av_one_full  el_before_av_hr  column-top-margin\" style='border-radius:0px; '><section class=\"av_textblock_section \"  itemscope=\"itemscope\" itemtype=\"https:\/\/schema.org\/BlogPosting\" itemprop=\"blogPost\" ><div class='avia_textblock  '   itemprop=\"text\" ><p style=\"text-align: justify;\">Cuatro profesionales espa\u00f1oles especialistas en atenci\u00f3n pedi\u00e1trica arribaron a la regi\u00f3n de Ays\u00e9n para fortalecer el trabajo de la UTI pedi\u00e1trica y servicio de urgencia de este servicio del Hospital Regional Coyhaique (HRC), como parte de la estrategia de Campa\u00f1a de Invierno que impulsa el Ministerio de Salud.<\/p>\n<p style=\"text-align: justify;\">Se trata de dos enfermeras andaluzas, un m\u00e9dico intensivista y el director de emergencia de SAMU Andaluc\u00eda, quienes desde el fin de semana se encuentran en plena labor de apoyo en el Hospital Regional Coyhaique y fueron recibidos por la mesa t\u00e9cnica de campa\u00f1a de invierno, que integran colegios profesionales, autoridades, especialistas \u00a0y t\u00e9cnicos.<\/p>\n<p style=\"text-align: justify;\">Juan Gonz\u00e1lez de Escalada, l\u00edder de la misi\u00f3n, junto con mostrarse impresionado por el duro clima coyhaiquino, indic\u00f3 que \u201cnos hemos visto muy bien recibidos en el Hospital a todos los niveles ha sido espectacular y hemos sido muy bien acogidos y los servicios son muy similares a los de Espa\u00f1a, las compa\u00f1eras comentan que los respiradores son iguales a los que usan ellas en los servicios de cuidados intensivos pedi\u00e1tricos en Espa\u00f1a y realmente estamos viendo lo que vivimos hace unos meses atr\u00e1s en Espa\u00f1a, solamente que por el cambio clim\u00e1tico y por la evoluci\u00f3n de las temperaturas anuales, lo hemos experimentado antes y es muy parecido, al igual que la capacitaci\u00f3n del personal que est\u00e1 al mismo nivel\u201d.<\/p>\n<p style=\"text-align: justify;\">Los Equipos M\u00e9dicos de Emergencia (EMT por su sigla en ingl\u00e9s) se definen como grupos de profesionales de la salud, incluidos m\u00e9dicos, enfermeras, param\u00e9dicos, trabajadores de apoyo, log\u00edsticos, que tratan a pacientes afectados por una emergencia o desastre. Provienen de gobiernos, organizaciones ben\u00e9ficas y no gubernamentales (ONG), militares, protecci\u00f3n civil, redes humanitarias internacionales, incluido el Movimiento Internacional de la Cruz Roja y de la Medialuna Roja, M\u00e9dicos sin Fronteras (MSF).<\/p>\n<p style=\"text-align: justify;\">\u201cEstamos muy contentos de contar con este apoyo que nace a partir del convenio entre el Ministerio de Salud y la Organizaci\u00f3n Panamericana. Es una misi\u00f3n espec\u00edfica que viene a fortalecer la red que tenemos y que se ha fortalecido a trav\u00e9s del tiempo y que hoy se pone a prueba. Sabemos que hay desaf\u00edos y en ellos estamos trabajando de manera conjunta y colaborativa entre el gobierno nacional y regional\u201d, a\u00f1adi\u00f3 la Gobernadora de Ays\u00e9n, Andrea Mac\u00edas Palma.<\/p>\n<p style=\"text-align: justify;\">Las autoridades insistieron en el autocuidado para evitar la congesti\u00f3n de los servicios de urgencia. \u201cDurante las \u00faltimas semanas hemos tenido una sobredemanda de nuestros equipos que est\u00e1 atendiendo, particularmente a los ni\u00f1os m\u00e1s cr\u00edticos y hemos coordinando toda la log\u00edstica para los traslados que de momento han sido oportunos, con muy buena respuesta de nuestro personal, a quienes agradecemos\u201d, dijo Carmen Monsalve, Seremi de Salud Ays\u00e9n.<\/p>\n<p style=\"text-align: justify;\">El equipo de emergencia est\u00e1 compuesto por Julia Ceballos y Alba Molina, enfermeras especialistas en pediatr\u00eda, el m\u00e9dico intensivista boliviano Nils Casson y el director de emergencias SAMU, Juan Gonz\u00e1lez de Escalada.<\/p>\n<p style=\"text-align: justify;\"><strong>Servicio de Salud llama a un buen uso de la red<\/strong><\/p>\n<p style=\"text-align: justify;\">Mauricio Cort\u00e9s Molina, director (S) del Servicio de Salud Ays\u00e9n, agreg\u00f3 que se trata de \u201cgente muy calificada que nos vienen a apoyar el trabajo de la red que est\u00e1 preparada, pero ha estado muy demandada las \u00faltimas semanas, as\u00ed que el apoyo de este equipo es fundamental para nosotros. Es importante se\u00f1alar que hace bastante tiempo estamos planificando la campa\u00f1a de invierno y hacer un llamado a la poblaci\u00f3n que en primera instancia acuda a la atenci\u00f3n primaria de SAPU en Coyhaique, ya que existen los refuerzos necesarios para que la poblaci\u00f3n pueda ir y ante consultas llamar a Salud Responde 600 360 7777 para no congestionar nuestra red de urgencia\u201d, puntualiz\u00f3.<\/p>\n<p style=\"text-align: justify;\">El grupo de profesionales forma parte de los Equipos M\u00e9dicos de Emergencia (EMT por su sigla en ingl\u00e9s) y que son parte del soporte que brinda OPS\/OMS a los estados miembros.\u00a0 La red asistencial y el Hospital Regional de Coyhaique se preparan desde marzo con equipamiento, insumos y reforzamiento de los equipos, que incluyen m\u00e1s kinesi\u00f3logos, enfermeras y dobles turnos de m\u00e9dicos. \u201cEn estos momentos hay una baja en la demanda de lo cual nos alegramos, pero ac\u00e1 en la regi\u00f3n son bastante err\u00e1ticas las predicciones, porque basta un par de d\u00edas fr\u00edos y la contaminaci\u00f3n nos va a contribuir en mucho a que estos cuadros comiencen a aumentar\u201d, precis\u00f3 Jaime L\u00f3pez, director del HRC.<\/p>\n<p style=\"text-align: justify;\">Por su parte el sub director de gesti\u00f3n asistencial, doctor Rodrigo Verdugo, inform\u00f3 que este lunes arribaron a la regi\u00f3n dos kinesi\u00f3logos especialistas en terapia ventilatoria, junto al equipamiento correspondiente.<\/p>\n<p style=\"text-align: justify;\">Las \u00faltimas semanas se han trasladado siete ni\u00f1os y ni\u00f1as a otros centros asistenciales del pa\u00eds, por complicaciones de car\u00e1cter respiratorio. \u201cEs una noticia extraordinaria noticia. El equipo humano que est\u00e1 trabajando, que est\u00e1 tratando de contener esta avalancha de enfermedades respiratorias a nuestros ni\u00f1os de la regi\u00f3n de Ays\u00e9n requiere apoyo no solamente de infraestructura y tambi\u00e9n humana y la llegada de estos colegas extranjeros \u00a0altamente capacitados es bienvenida\u201d, remat\u00f3 el doctor Claudio Vallejos, presidente del Colegio M\u00e9dico.<\/p>\n<\/div><\/section><\/div><div  style='height:50px' class='hr hr-invisible   avia-builder-el-6  el_after_av_one_full  el_before_av_social_share '><span class='hr-inner ' ><span class='hr-inner-style'><\/span><\/span><\/div><\/p>\n<div  class='av-social-sharing-box  avia-builder-el-7  el_after_av_hr  el_before_av_hr  '><div class='av-share-box'><h5 class='av-share-link-description av-no-toc '>Compartir esta noticia<\/h5><ul class='av-share-box-list noLightbox'><li class='av-share-link av-social-link-facebook' ><a target=\"_blank\" aria-label=\"Compartir en Facebook\" href='https:\/\/www.facebook.com\/sharer.php?u=https:\/\/radiorevelacionfm.cl\/?p=32396&#038;t=Equipo%20m%C3%A9dico%20espa%C3%B1ol%20arriba%20a%20la%20regi%C3%B3n%20para%20apoyar%20contingencia%20respiratoria' aria-hidden='false' data-av_icon='\ue8f3' data-av_iconfont='entypo-fontello' title='' data-avia-related-tooltip='Compartir en Facebook' rel=\"noopener\"><span class='avia_hidden_link_text'>Compartir en Facebook<\/span><\/a><\/li><li class='av-share-link av-social-link-twitter' ><a target=\"_blank\" aria-label=\"Compartir en Twitter\" href='https:\/\/twitter.com\/share?text=Equipo%20m%C3%A9dico%20espa%C3%B1ol%20arriba%20a%20la%20regi%C3%B3n%20para%20apoyar%20contingencia%20respiratoria&#038;url=https:\/\/radiorevelacionfm.cl\/?p=32396' aria-hidden='false' data-av_icon='\ue8f1' data-av_iconfont='entypo-fontello' title='' data-avia-related-tooltip='Compartir en Twitter' rel=\"noopener\"><span class='avia_hidden_link_text'>Compartir en Twitter<\/span><\/a><\/li><li class='av-share-link av-social-link-whatsapp' ><a target=\"_blank\" aria-label=\"Compartir en Whatsapp\" href='https:\/\/api.whatsapp.com\/send?text=https:\/\/radiorevelacionfm.cl\/?p=32396' aria-hidden='false' data-av_icon='\uf232' data-av_iconfont='entypo-fontello' title='' data-avia-related-tooltip='Compartir en Whatsapp' rel=\"noopener\"><span class='avia_hidden_link_text'>Compartir en Whatsapp<\/span><\/a><\/li><li class='av-share-link av-social-link-linkedin' ><a target=\"_blank\" aria-label=\"Compartir en LinkedIn\" href='https:\/\/linkedin.com\/shareArticle?mini=true&#038;title=Equipo%20m%C3%A9dico%20espa%C3%B1ol%20arriba%20a%20la%20regi%C3%B3n%20para%20apoyar%20contingencia%20respiratoria&#038;url=https:\/\/radiorevelacionfm.cl\/?p=32396' aria-hidden='false' data-av_icon='\ue8fc' data-av_iconfont='entypo-fontello' title='' data-avia-related-tooltip='Compartir en LinkedIn' rel=\"noopener\"><span class='avia_hidden_link_text'>Compartir en LinkedIn<\/span><\/a><\/li><li class='av-share-link av-social-link-mail' ><a  aria-label=\"Compartir por correo\" href='mailto:?subject=Equipo%20m%C3%A9dico%20espa%C3%B1ol%20arriba%20a%20la%20regi%C3%B3n%20para%20apoyar%20contingencia%20respiratoria&#038;body=https:\/\/radiorevelacionfm.cl\/?p=32396' aria-hidden='false' data-av_icon='\ue805' data-av_iconfont='entypo-fontello' title='' data-avia-related-tooltip='Compartir por correo'><span class='avia_hidden_link_text'>Compartir por correo<\/span><\/a><\/li><\/ul><\/div><\/div>\n<div  style='height:50px' class='hr hr-invisible   avia-builder-el-8  el_after_av_social_share  el_before_av_comments_list '><span class='hr-inner ' ><span class='hr-inner-style'><\/span><\/span><\/div>\n<div  class='av-buildercomment  av-blog-meta-html-info-disabled av-blog-meta-tag-disabled  '><\/div>\n","protected":false},"excerpt":{"rendered":"","protected":false},"author":1,"featured_media":32397,"comment_status":"open","ping_status":"open","sticky":false,"template":"","format":"standard","meta":{"footnotes":""},"categories":[46],"tags":[],"class_list":["post-32396","post","type-post","status-publish","format-standard","has-post-thumbnail","hentry","category-salud"],"jetpack_featured_media_url":"https:\/\/radiorevelacionfm.cl\/wp-content\/uploads\/2023\/06\/ESPECIALISTAS-ESPANOLES-1-2-2.jpeg","_links":{"self":[{"href":"https:\/\/radiorevelacionfm.cl\/index.php?rest_route=\/wp\/v2\/posts\/32396","targetHints":{"allow":["GET"]}}],"collection":[{"href":"https:\/\/radiorevelacionfm.cl\/index.php?rest_route=\/wp\/v2\/posts"}],"about":[{"href":"https:\/\/radiorevelacionfm.cl\/index.php?rest_route=\/wp\/v2\/types\/post"}],"author":[{"embeddable":true,"href":"https:\/\/radiorevelacionfm.cl\/index.php?rest_route=\/wp\/v2\/users\/1"}],"replies":[{"embeddable":true,"href":"https:\/\/radiorevelacionfm.cl\/index.php?rest_route=%2Fwp%2Fv2%2Fcomments&post=32396"}],"version-history":[{"count":1,"href":"https:\/\/radiorevelacionfm.cl\/index.php?rest_route=\/wp\/v2\/posts\/32396\/revisions"}],"predecessor-version":[{"id":32398,"href":"https:\/\/radiorevelacionfm.cl\/index.php?rest_route=\/wp\/v2\/posts\/32396\/revisions\/32398"}],"wp:featuredmedia":[{"embeddable":true,"href":"https:\/\/radiorevelacionfm.cl\/index.php?rest_route=\/wp\/v2\/media\/32397"}],"wp:attachment":[{"href":"https:\/\/radiorevelacionfm.cl\/index.php?rest_route=%2Fwp%2Fv2%2Fmedia&parent=32396"}],"wp:term":[{"taxonomy":"category","embeddable":true,"href":"https:\/\/radiorevelacionfm.cl\/index.php?rest_route=%2Fwp%2Fv2%2Fcategories&post=32396"},{"taxonomy":"post_tag","embeddable":true,"href":"https:\/\/radiorevelacionfm.cl\/index.php?rest_route=%2Fwp%2Fv2%2Ftags&post=32396"}],"curies":[{"name":"wp","href":"https:\/\/api.w.org\/{rel}","templated":true}]}}