{"id":32393,"date":"2023-06-26T16:30:27","date_gmt":"2023-06-26T19:30:27","guid":{"rendered":"https:\/\/radiorevelacionfm.cl\/?p=32393"},"modified":"2023-06-26T16:30:27","modified_gmt":"2023-06-26T19:30:27","slug":"destacan-importancia-del-sector-productivo-en-comunidades-costeras-de-melinka-y-puerto-aguirre","status":"publish","type":"post","link":"https:\/\/radiorevelacionfm.cl\/?p=32393","title":{"rendered":"Destacan importancia del sector productivo en comunidades costeras de Melinka y Puerto Aguirre"},"content":{"rendered":"<div class=\"flex_column av_one_full  flex_column_div av-zero-column-padding first  avia-builder-el-0  el_before_av_one_full  avia-builder-el-first  \" style='border-radius:0px; '><div  class='avia-image-container  av-styling-    avia-builder-el-1  avia-builder-el-no-sibling  avia-align-center '  itemprop=\"image\" itemscope=\"itemscope\" itemtype=\"https:\/\/schema.org\/ImageObject\"  ><div class='avia-image-container-inner'><div class='avia-image-overlay-wrap'><img decoding=\"async\" class='wp-image-32394 avia-img-lazy-loading-not-32394 avia_image' src=\"https:\/\/radiorevelacionfm.cl\/wp-content\/uploads\/2023\/06\/puerto-aguirre-2_optimized.jpeg\" alt='' title='puerto-aguirre-2_optimized' height=\"600\" width=\"999\"  itemprop=\"thumbnailUrl\" srcset=\"https:\/\/radiorevelacionfm.cl\/wp-content\/uploads\/2023\/06\/puerto-aguirre-2_optimized.jpeg 999w, https:\/\/radiorevelacionfm.cl\/wp-content\/uploads\/2023\/06\/puerto-aguirre-2_optimized-300x180.jpeg 300w, https:\/\/radiorevelacionfm.cl\/wp-content\/uploads\/2023\/06\/puerto-aguirre-2_optimized-768x461.jpeg 768w, https:\/\/radiorevelacionfm.cl\/wp-content\/uploads\/2023\/06\/puerto-aguirre-2_optimized-705x423.jpeg 705w, https:\/\/radiorevelacionfm.cl\/wp-content\/uploads\/2023\/06\/puerto-aguirre-2_optimized-450x270.jpeg 450w, https:\/\/radiorevelacionfm.cl\/wp-content\/uploads\/2023\/06\/puerto-aguirre-2_optimized-600x360.jpeg 600w\" sizes=\"(max-width: 999px) 100vw, 999px\" \/><\/div><\/div><\/div><\/div><div class=\"flex_column av_one_full  flex_column_div av-zero-column-padding first  avia-builder-el-2  el_after_av_one_full  el_before_av_one_full  column-top-margin\" style='border-radius:0px; '><section class=\"av_textblock_section \"  itemscope=\"itemscope\" itemtype=\"https:\/\/schema.org\/BlogPosting\" itemprop=\"blogPost\" ><div class='avia_textblock  '   itemprop=\"text\" ><p style=\"text-align: center;\"><span style=\"font-size: 18pt;\"><strong>Destacan importancia del sector productivo en comunidades costeras de Melinka y Puerto Aguirre<\/strong><\/span><\/p>\n<div id=\"gtx-trans\" style=\"position: absolute; left: -50px; top: 4.31534px;\">\n<div class=\"gtx-trans-icon\"><\/div>\n<\/div>\n<\/div><\/section><\/div><div class=\"flex_column av_one_full  flex_column_div av-zero-column-padding first  avia-builder-el-4  el_after_av_one_full  el_before_av_hr  column-top-margin\" style='border-radius:0px; '><section class=\"av_textblock_section \"  itemscope=\"itemscope\" itemtype=\"https:\/\/schema.org\/BlogPosting\" itemprop=\"blogPost\" ><div class='avia_textblock  '   itemprop=\"text\" ><p class=\"v1MsoNormal v1ContentPasted0\" style=\"text-align: justify;\">Melinka y Puerto Aguirre, dos localidades costeras de la regi\u00f3n de Ays\u00e9n, fueron escenario de una serie de actividades en terreno desarrolladas por el seremi de Agricultura, Alan Espinoza Ortiz. Estas actividades marcan el reinicio de las labores ministeriales en el \u00e1mbito agr\u00edcola y tienen como objetivo resaltar la importancia de la actividad productiva para la nutrici\u00f3n y la econom\u00eda familiar.<\/p>\n<p class=\"v1MsoNormal v1ContentPasted0\" style=\"text-align: justify;\">\u00abComo Ministerio de Agricultura, nuestros objetivos est\u00e1n orientados al desarrollo agr\u00edcola, a trav\u00e9s de mejoras en el \u00e1mbito productivo, cadenas de comercializaci\u00f3n, resguardando\u00a0los recursos naturales y promoviendo los parques urbanos en las comunidades. En este sentido, el trabajo en terreno desarrollado en Guaitecas y Puerto Aguirre nos permiti\u00f3 levantar sus necesidades, las cuales ser\u00e1n atendidas por nuestros servicios del agro\u00bb, indic\u00f3 el Seremi.<\/p>\n<p class=\"v1MsoNormal v1ContentPasted0\" style=\"text-align: justify;\">Las actividades en terreno del titular de Agricultura comenzaron con reuniones de trabajo con el alcalde de Guaitecas, Marcos Silva Miranda, y los equipos de Fomento Productivo, la Corporaci\u00f3n Nacional Forestal (CONAF) y el Programa de Desarrollo Territorial Ind\u00edgena (PDTI), impulsado por el Instituto de Desarrollo Agropecuario (INDAP) y la municipalidad.<\/p>\n<p class=\"v1MsoNormal v1ContentPasted0\" style=\"text-align: justify;\">Uno de los programas destacados es aquel que trabaja con 40 familias vinculadas a la producci\u00f3n de hortalizas, de las cuales el 80% son mujeres. Este programa cuenta con un aporte de $32 millones de INDAP y una contribuci\u00f3n municipal de $11 millones. Su objetivo principal es mejorar el acceso a productos agr\u00edcolas en la comuna. Adem\u00e1s, se est\u00e1 considerando una extensi\u00f3n del programa para adoptar un modelo de cultivo basado en la hidropon\u00eda.<\/p>\n<p class=\"v1MsoNormal v1ContentPasted0\" style=\"text-align: justify;\">En este sentido, se plantea la construcci\u00f3n de un invernadero hidrop\u00f3nico en el sector de La Puntilla, que permita ense\u00f1ar a los usuarios otras t\u00e9cnicas de cultivo y promueva el trabajo colaborativo con el liceo y la comunidad en general.<\/p>\n<p class=\"v1MsoNormal v1ContentPasted0\" style=\"text-align: justify;\">\u00abSurgi\u00f3 la posibilidad de construir un invernadero hidrop\u00f3nico para mostrar a los usuarios otras t\u00e9cnicas de cultivo y tambi\u00e9n para fomentar la colaboraci\u00f3n con el liceo y los usuarios y usuarias del PDTI, adem\u00e1s de estar abierto a la comunidad\u00bb, se\u00f1al\u00f3 Ver\u00f3nica Bravo Meza, de\u00a0la oficina de Fomento Productivo de la Municipalidad de Las Guaitecas.<\/p>\n<p class=\"v1MsoNormal v1ContentPasted0\" style=\"text-align: justify;\">Por otro lado, en la misma comuna se dio inicio a la evaluaci\u00f3n de varias iniciativas en conjunto con profesionales de CONAF. Estas iniciativas tienen como objetivo generar planes de conservaci\u00f3n para las cuencas hidrogr\u00e1ficas del sector Laguna Granizo, as\u00ed como desarrollar un Parque Urbano en colaboraci\u00f3n con la Municipalidad de Las Guaitecas, a trav\u00e9s del Plan Siembra por Chile del Ministerio de Agricultura.<\/p>\n<p class=\"v1MsoNormal v1ContentPasted0\" style=\"text-align: justify;\">\u00abRecibimos la visita del Seremi de Agricultura con buenas noticias y su compromiso de trabajar en un programa de desarrollo urbano en la comuna. Tambi\u00e9n tenemos la visita de personal de CONAF en terreno para ver c\u00f3mo podemos llevar a cabo un trabajo de conservaci\u00f3n de nuestra laguna e implementar un parque en Caleta Granizo\u00bb, destac\u00f3 el alcalde Marcos Silva Miranda.<\/p>\n<p class=\"v1MsoNormal\" style=\"text-align: justify;\"><b class=\"v1ContentPasted0\">Parque Urbano Natural La Poza en Islas\u00a0Huichas\u00a0<\/b><\/p>\n<p class=\"v1MsoNormal v1ContentPasted0\" style=\"text-align: justify;\">El Seremi de Agricultura, durante su recorrido, visit\u00f3 los trabajos desarrollados en Islas Huichas como parte del programa del Parque Urbano sector \u00abLa Poza\u00bb, impulsado por CONAF con fondos del Gobierno Regional.<\/p>\n<p class=\"v1MsoNormal v1ContentPasted0\" style=\"text-align: justify;\">El programa incluye labores de mantenimiento, construcci\u00f3n de pasarelas, cuidado de senderos ya existentes y la construcci\u00f3n de juegos infantiles en este parque de 13 hect\u00e1reas administrado por la Corporaci\u00f3n Nacional Forestal.<\/p>\n<p class=\"v1MsoNormal v1ContentPasted0\" style=\"text-align: justify;\">\u00abEste a\u00f1o tambi\u00e9n hemos implementado un atracadero que permite la ruta mar\u00edtima hacia nuestro parque. Es un tremendo aporte que el Gobierno Regional realiza a trav\u00e9s de la CONAF. Adem\u00e1s, este a\u00f1o ha generado empleo para 35 trabajadores\/as, beneficiando directamente a 35 familias\u00bb, destac\u00f3 V\u00edctor Gueichatureo, encargado de proyectos en Isla Huichas.<\/p>\n<p class=\"v1MsoNormal v1ContentPasted0\" style=\"text-align: justify;\">Por su parte, Ana Mar\u00eda Chiguay, quien lleva dos a\u00f1os trabajando en el parque, resalt\u00f3: \u00abHa sido una experiencia buena para m\u00ed, y creo que tambi\u00e9n para todos nuestros compa\u00f1eros. Estoy agradecida de estar aqu\u00ed en esta maravilla de la naturaleza, gracias al parque y a CONAF. Creo que para cualquier persona es una experiencia muy bonita\u00bb.<\/p>\n<p class=\"v1MsoNormal v1ContentPasted0\" style=\"text-align: justify;\">El Parque Urbano \u00abLa Poza\u00bb de Islas Huichas se encuentra en un terreno de aproximadamente trece hect\u00e1reas, con senderos, peque\u00f1os puentes, escaleras de madera, miradores, quinchos y una vista privilegiada al mar.<\/p>\n<\/div><\/section><\/div><div  style='height:50px' class='hr hr-invisible   avia-builder-el-6  el_after_av_one_full  el_before_av_social_share '><span class='hr-inner ' ><span class='hr-inner-style'><\/span><\/span><\/div><\/p>\n<div  class='av-social-sharing-box  avia-builder-el-7  el_after_av_hr  el_before_av_hr  '><div class='av-share-box'><h5 class='av-share-link-description av-no-toc '>Compartir esta noticia<\/h5><ul class='av-share-box-list noLightbox'><li class='av-share-link av-social-link-facebook' ><a target=\"_blank\" aria-label=\"Compartir en Facebook\" href='https:\/\/www.facebook.com\/sharer.php?u=https:\/\/radiorevelacionfm.cl\/?p=32393&#038;t=Destacan%20importancia%20del%20sector%20productivo%20en%20comunidades%20costeras%20de%20Melinka%20y%20Puerto%20Aguirre' aria-hidden='false' data-av_icon='\ue8f3' data-av_iconfont='entypo-fontello' title='' data-avia-related-tooltip='Compartir en Facebook' rel=\"noopener\"><span class='avia_hidden_link_text'>Compartir en Facebook<\/span><\/a><\/li><li class='av-share-link av-social-link-twitter' ><a target=\"_blank\" aria-label=\"Compartir en Twitter\" href='https:\/\/twitter.com\/share?text=Destacan%20importancia%20del%20sector%20productivo%20en%20comunidades%20costeras%20de%20Melinka%20y%20Puerto%20Aguirre&#038;url=https:\/\/radiorevelacionfm.cl\/?p=32393' aria-hidden='false' data-av_icon='\ue8f1' data-av_iconfont='entypo-fontello' title='' data-avia-related-tooltip='Compartir en Twitter' rel=\"noopener\"><span class='avia_hidden_link_text'>Compartir en Twitter<\/span><\/a><\/li><li class='av-share-link av-social-link-whatsapp' ><a target=\"_blank\" aria-label=\"Compartir en Whatsapp\" href='https:\/\/api.whatsapp.com\/send?text=https:\/\/radiorevelacionfm.cl\/?p=32393' aria-hidden='false' data-av_icon='\uf232' data-av_iconfont='entypo-fontello' title='' data-avia-related-tooltip='Compartir en Whatsapp' rel=\"noopener\"><span class='avia_hidden_link_text'>Compartir en Whatsapp<\/span><\/a><\/li><li class='av-share-link av-social-link-linkedin' ><a target=\"_blank\" aria-label=\"Compartir en LinkedIn\" href='https:\/\/linkedin.com\/shareArticle?mini=true&#038;title=Destacan%20importancia%20del%20sector%20productivo%20en%20comunidades%20costeras%20de%20Melinka%20y%20Puerto%20Aguirre&#038;url=https:\/\/radiorevelacionfm.cl\/?p=32393' aria-hidden='false' data-av_icon='\ue8fc' data-av_iconfont='entypo-fontello' title='' data-avia-related-tooltip='Compartir en LinkedIn' rel=\"noopener\"><span class='avia_hidden_link_text'>Compartir en LinkedIn<\/span><\/a><\/li><li class='av-share-link av-social-link-mail' ><a  aria-label=\"Compartir por correo\" href='mailto:?subject=Destacan%20importancia%20del%20sector%20productivo%20en%20comunidades%20costeras%20de%20Melinka%20y%20Puerto%20Aguirre&#038;body=https:\/\/radiorevelacionfm.cl\/?p=32393' aria-hidden='false' data-av_icon='\ue805' data-av_iconfont='entypo-fontello' title='' data-avia-related-tooltip='Compartir por correo'><span class='avia_hidden_link_text'>Compartir por correo<\/span><\/a><\/li><\/ul><\/div><\/div>\n<div  style='height:50px' class='hr hr-invisible   avia-builder-el-8  el_after_av_social_share  el_before_av_comments_list '><span class='hr-inner ' ><span class='hr-inner-style'><\/span><\/span><\/div>\n<div  class='av-buildercomment  av-blog-meta-html-info-disabled av-blog-meta-tag-disabled  '><\/div>\n","protected":false},"excerpt":{"rendered":"","protected":false},"author":1,"featured_media":32394,"comment_status":"open","ping_status":"open","sticky":false,"template":"","format":"standard","meta":{"footnotes":""},"categories":[58],"tags":[],"class_list":["post-32393","post","type-post","status-publish","format-standard","has-post-thumbnail","hentry","category-agricultura"],"jetpack_featured_media_url":"https:\/\/radiorevelacionfm.cl\/wp-content\/uploads\/2023\/06\/puerto-aguirre-2_optimized.jpeg","_links":{"self":[{"href":"https:\/\/radiorevelacionfm.cl\/index.php?rest_route=\/wp\/v2\/posts\/32393","targetHints":{"allow":["GET"]}}],"collection":[{"href":"https:\/\/radiorevelacionfm.cl\/index.php?rest_route=\/wp\/v2\/posts"}],"about":[{"href":"https:\/\/radiorevelacionfm.cl\/index.php?rest_route=\/wp\/v2\/types\/post"}],"author":[{"embeddable":true,"href":"https:\/\/radiorevelacionfm.cl\/index.php?rest_route=\/wp\/v2\/users\/1"}],"replies":[{"embeddable":true,"href":"https:\/\/radiorevelacionfm.cl\/index.php?rest_route=%2Fwp%2Fv2%2Fcomments&post=32393"}],"version-history":[{"count":1,"href":"https:\/\/radiorevelacionfm.cl\/index.php?rest_route=\/wp\/v2\/posts\/32393\/revisions"}],"predecessor-version":[{"id":32395,"href":"https:\/\/radiorevelacionfm.cl\/index.php?rest_route=\/wp\/v2\/posts\/32393\/revisions\/32395"}],"wp:featuredmedia":[{"embeddable":true,"href":"https:\/\/radiorevelacionfm.cl\/index.php?rest_route=\/wp\/v2\/media\/32394"}],"wp:attachment":[{"href":"https:\/\/radiorevelacionfm.cl\/index.php?rest_route=%2Fwp%2Fv2%2Fmedia&parent=32393"}],"wp:term":[{"taxonomy":"category","embeddable":true,"href":"https:\/\/radiorevelacionfm.cl\/index.php?rest_route=%2Fwp%2Fv2%2Fcategories&post=32393"},{"taxonomy":"post_tag","embeddable":true,"href":"https:\/\/radiorevelacionfm.cl\/index.php?rest_route=%2Fwp%2Fv2%2Ftags&post=32393"}],"curies":[{"name":"wp","href":"https:\/\/api.w.org\/{rel}","templated":true}]}}