{"id":32387,"date":"2023-06-23T21:02:05","date_gmt":"2023-06-24T00:02:05","guid":{"rendered":"https:\/\/radiorevelacionfm.cl\/?p=32387"},"modified":"2023-06-23T21:02:45","modified_gmt":"2023-06-24T00:02:45","slug":"nueve-detenidos-y-mas-de-700-controles-realizados-en-ronda-efectuada-por-carabineros-en-region-de-aysen-arrojo","status":"publish","type":"post","link":"https:\/\/radiorevelacionfm.cl\/?p=32387","title":{"rendered":"Nueve detenidos y m\u00e1s de 700 controles realizados en Ronda efectuada por Carabineros en regi\u00f3n de Ays\u00e9n"},"content":{"rendered":"<div class=\"flex_column av_one_full  flex_column_div av-zero-column-padding first  avia-builder-el-0  el_before_av_one_full  avia-builder-el-first  \" style='border-radius:0px; '><div  class='avia-image-container  av-styling-    avia-builder-el-1  avia-builder-el-no-sibling  avia-align-center '  itemprop=\"image\" itemscope=\"itemscope\" itemtype=\"https:\/\/schema.org\/ImageObject\"  ><div class='avia-image-container-inner'><div class='avia-image-overlay-wrap'><img decoding=\"async\" class='wp-image-32388 avia-img-lazy-loading-not-32388 avia_image' src=\"https:\/\/radiorevelacionfm.cl\/wp-content\/uploads\/2023\/06\/ETOZ4756-1-1.jpg\" alt='' title='ETOZ4756 (1) (1)' height=\"600\" width=\"800\"  itemprop=\"thumbnailUrl\" srcset=\"https:\/\/radiorevelacionfm.cl\/wp-content\/uploads\/2023\/06\/ETOZ4756-1-1.jpg 800w, https:\/\/radiorevelacionfm.cl\/wp-content\/uploads\/2023\/06\/ETOZ4756-1-1-300x225.jpg 300w, https:\/\/radiorevelacionfm.cl\/wp-content\/uploads\/2023\/06\/ETOZ4756-1-1-768x576.jpg 768w, https:\/\/radiorevelacionfm.cl\/wp-content\/uploads\/2023\/06\/ETOZ4756-1-1-705x529.jpg 705w, https:\/\/radiorevelacionfm.cl\/wp-content\/uploads\/2023\/06\/ETOZ4756-1-1-450x338.jpg 450w, https:\/\/radiorevelacionfm.cl\/wp-content\/uploads\/2023\/06\/ETOZ4756-1-1-600x450.jpg 600w\" sizes=\"(max-width: 800px) 100vw, 800px\" \/><\/div><\/div><\/div><\/div><div class=\"flex_column av_one_full  flex_column_div av-zero-column-padding first  avia-builder-el-2  el_after_av_one_full  el_before_av_one_full  column-top-margin\" style='border-radius:0px; '><section class=\"av_textblock_section \"  itemscope=\"itemscope\" itemtype=\"https:\/\/schema.org\/BlogPosting\" itemprop=\"blogPost\" ><div class='avia_textblock  '   itemprop=\"text\" ><p style=\"text-align: center;\"><strong><span style=\"font-size: 18pt;\">Nueve detenidos y m\u00e1s de 700 controles realizados en Ronda efectuada por Carabineros en regi\u00f3n de Ays\u00e9n<\/span><\/strong><\/p>\n<div id=\"gtx-trans\" style=\"position: absolute; left: -50px; top: 4.31534px;\">\n<div class=\"gtx-trans-icon\"><\/div>\n<\/div>\n<\/div><\/section><\/div><div class=\"flex_column av_one_full  flex_column_div av-zero-column-padding first  avia-builder-el-4  el_after_av_one_full  el_before_av_hr  column-top-margin\" style='border-radius:0px; '><section class=\"av_textblock_section \"  itemscope=\"itemscope\" itemtype=\"https:\/\/schema.org\/BlogPosting\" itemprop=\"blogPost\" ><div class='avia_textblock  '   itemprop=\"text\" ><p class=\"v1MsoNormal\" style=\"text-align: justify;\">Cerca de 150 carabineros fueron desplegados de manera extraordinaria a lo largo de la regi\u00f3n de Ays\u00e9n como parte del servicio de ronda preventiva nacional, la cual arroj\u00f3 como resultado la detenci\u00f3n de nueve personas por diversos delitos.<\/p>\n<p class=\"v1MsoNormal\" style=\"text-align: justify;\">Del total de detenidos, cinco corresponden pr\u00f3fugos de la justicia, quienes manten\u00edan \u00f3rdenes de arresto por lesiones, amenazas, violaci\u00f3n de morada entre otras faltas, mientras que los cuatro sujetos restantes fueron aprehendidos en flagrancia por da\u00f1os, lesiones y otras incivilidades.<\/p>\n<p class=\"v1MsoNormal\" style=\"text-align: justify;\">Paralelamente, Carabineros efectu\u00f3 742 controles, de los cuales 262 corresponden a peatones, 374 a conductores, 62 a locales de alcoholes y 44 a locales comerciales.<\/p>\n<p class=\"v1MsoNormal\" style=\"text-align: justify;\">Asimismo, se curs\u00f3 34 infracciones; una de estas por ley de drogas y 33 por ley de tr\u00e1nsito.<\/p>\n<p class=\"v1MsoNormal\" style=\"text-align: justify;\">De igual forma, Carabineros recuper\u00f3 un arma de fuego, la cual correspondi\u00f3 a una entrega voluntaria.<\/p>\n<p class=\"v1MsoNormal\" style=\"text-align: justify;\">Durante la ronda y tras un seguimiento controlado, Carabineros del Ret\u00e9n El Blanco detuvo a un sujeto -el cual registra m\u00e1s de diez aprehensiones previas- y recuper\u00f3 una camioneta que manten\u00eda encargo por robo, tras ser sustra\u00edda desde el frontis de un domicilio en la ciudad de Coyhaique.<\/p>\n<p class=\"v1MsoNormal\" style=\"text-align: justify;\">El servicio se lanz\u00f3 de manera simult\u00e1nea en las cuatro comisar\u00edas a lo largo de la regi\u00f3n de Ays\u00e9n, y cont\u00f3 con el apoyo de la Coordinadora Regional de Seguridad P\u00fablica de la Subsecretar\u00eda de Prevenci\u00f3n del Delito, Camila Covarrubias Retamal, Inspectores municipales de las comunas e inspectores del Ministerio de Transportes y Telecomunicaciones.<\/p>\n<p class=\"v1MsoNormal\" style=\"text-align: justify;\">Dicha metodolog\u00eda de trabajo -desarrollada en apoyo a la labor de control y fiscalizaci\u00f3n que realizan a diario los carabineros del servicio en la poblaci\u00f3n que conforman el plan cuadrante de seguridad preventiva- fue apoyada por diversas especialidades como la 5ta Comisar\u00eda de Control del Orden P\u00fablico (COP), SIAT, Labocar y carabineros de civil, contribuyendo a brindar m\u00e1s seguridad y protecci\u00f3n a la comunidad.<\/p>\n<\/div><\/section><\/div><div  style='height:50px' class='hr hr-invisible   avia-builder-el-6  el_after_av_one_full  el_before_av_social_share '><span class='hr-inner ' ><span class='hr-inner-style'><\/span><\/span><\/div><\/p>\n<div  class='av-social-sharing-box  avia-builder-el-7  el_after_av_hr  el_before_av_hr  '><div class='av-share-box'><h5 class='av-share-link-description av-no-toc '>Compartir esta noticia<\/h5><ul class='av-share-box-list noLightbox'><li class='av-share-link av-social-link-facebook' ><a target=\"_blank\" aria-label=\"Compartir en Facebook\" href='https:\/\/www.facebook.com\/sharer.php?u=https:\/\/radiorevelacionfm.cl\/?p=32387&#038;t=Nueve%20detenidos%20y%20m%C3%A1s%20de%20700%20controles%20realizados%20en%20Ronda%20efectuada%20por%20Carabineros%20en%20regi%C3%B3n%20de%20Ays%C3%A9n' aria-hidden='false' data-av_icon='\ue8f3' data-av_iconfont='entypo-fontello' title='' data-avia-related-tooltip='Compartir en Facebook' rel=\"noopener\"><span class='avia_hidden_link_text'>Compartir en Facebook<\/span><\/a><\/li><li class='av-share-link av-social-link-twitter' ><a target=\"_blank\" aria-label=\"Compartir en Twitter\" href='https:\/\/twitter.com\/share?text=Nueve%20detenidos%20y%20m%C3%A1s%20de%20700%20controles%20realizados%20en%20Ronda%20efectuada%20por%20Carabineros%20en%20regi%C3%B3n%20de%20Ays%C3%A9n&#038;url=https:\/\/radiorevelacionfm.cl\/?p=32387' aria-hidden='false' data-av_icon='\ue8f1' data-av_iconfont='entypo-fontello' title='' data-avia-related-tooltip='Compartir en Twitter' rel=\"noopener\"><span class='avia_hidden_link_text'>Compartir en Twitter<\/span><\/a><\/li><li class='av-share-link av-social-link-whatsapp' ><a target=\"_blank\" aria-label=\"Compartir en Whatsapp\" href='https:\/\/api.whatsapp.com\/send?text=https:\/\/radiorevelacionfm.cl\/?p=32387' aria-hidden='false' data-av_icon='\uf232' data-av_iconfont='entypo-fontello' title='' data-avia-related-tooltip='Compartir en Whatsapp' rel=\"noopener\"><span class='avia_hidden_link_text'>Compartir en Whatsapp<\/span><\/a><\/li><li class='av-share-link av-social-link-linkedin' ><a target=\"_blank\" aria-label=\"Compartir en LinkedIn\" href='https:\/\/linkedin.com\/shareArticle?mini=true&#038;title=Nueve%20detenidos%20y%20m%C3%A1s%20de%20700%20controles%20realizados%20en%20Ronda%20efectuada%20por%20Carabineros%20en%20regi%C3%B3n%20de%20Ays%C3%A9n&#038;url=https:\/\/radiorevelacionfm.cl\/?p=32387' aria-hidden='false' data-av_icon='\ue8fc' data-av_iconfont='entypo-fontello' title='' data-avia-related-tooltip='Compartir en LinkedIn' rel=\"noopener\"><span class='avia_hidden_link_text'>Compartir en LinkedIn<\/span><\/a><\/li><li class='av-share-link av-social-link-mail' ><a  aria-label=\"Compartir por correo\" href='mailto:?subject=Nueve%20detenidos%20y%20m%C3%A1s%20de%20700%20controles%20realizados%20en%20Ronda%20efectuada%20por%20Carabineros%20en%20regi%C3%B3n%20de%20Ays%C3%A9n&#038;body=https:\/\/radiorevelacionfm.cl\/?p=32387' aria-hidden='false' data-av_icon='\ue805' data-av_iconfont='entypo-fontello' title='' data-avia-related-tooltip='Compartir por correo'><span class='avia_hidden_link_text'>Compartir por correo<\/span><\/a><\/li><\/ul><\/div><\/div>\n<div  style='height:50px' class='hr hr-invisible   avia-builder-el-8  el_after_av_social_share  el_before_av_comments_list '><span class='hr-inner ' ><span class='hr-inner-style'><\/span><\/span><\/div>\n<div  class='av-buildercomment  av-blog-meta-html-info-disabled av-blog-meta-tag-disabled  '><\/div>\n","protected":false},"excerpt":{"rendered":"","protected":false},"author":1,"featured_media":32388,"comment_status":"open","ping_status":"open","sticky":false,"template":"","format":"standard","meta":{"footnotes":""},"categories":[36],"tags":[],"class_list":["post-32387","post","type-post","status-publish","format-standard","has-post-thumbnail","hentry","category-policial"],"jetpack_featured_media_url":"https:\/\/radiorevelacionfm.cl\/wp-content\/uploads\/2023\/06\/ETOZ4756-1-1.jpg","_links":{"self":[{"href":"https:\/\/radiorevelacionfm.cl\/index.php?rest_route=\/wp\/v2\/posts\/32387","targetHints":{"allow":["GET"]}}],"collection":[{"href":"https:\/\/radiorevelacionfm.cl\/index.php?rest_route=\/wp\/v2\/posts"}],"about":[{"href":"https:\/\/radiorevelacionfm.cl\/index.php?rest_route=\/wp\/v2\/types\/post"}],"author":[{"embeddable":true,"href":"https:\/\/radiorevelacionfm.cl\/index.php?rest_route=\/wp\/v2\/users\/1"}],"replies":[{"embeddable":true,"href":"https:\/\/radiorevelacionfm.cl\/index.php?rest_route=%2Fwp%2Fv2%2Fcomments&post=32387"}],"version-history":[{"count":2,"href":"https:\/\/radiorevelacionfm.cl\/index.php?rest_route=\/wp\/v2\/posts\/32387\/revisions"}],"predecessor-version":[{"id":32390,"href":"https:\/\/radiorevelacionfm.cl\/index.php?rest_route=\/wp\/v2\/posts\/32387\/revisions\/32390"}],"wp:featuredmedia":[{"embeddable":true,"href":"https:\/\/radiorevelacionfm.cl\/index.php?rest_route=\/wp\/v2\/media\/32388"}],"wp:attachment":[{"href":"https:\/\/radiorevelacionfm.cl\/index.php?rest_route=%2Fwp%2Fv2%2Fmedia&parent=32387"}],"wp:term":[{"taxonomy":"category","embeddable":true,"href":"https:\/\/radiorevelacionfm.cl\/index.php?rest_route=%2Fwp%2Fv2%2Fcategories&post=32387"},{"taxonomy":"post_tag","embeddable":true,"href":"https:\/\/radiorevelacionfm.cl\/index.php?rest_route=%2Fwp%2Fv2%2Ftags&post=32387"}],"curies":[{"name":"wp","href":"https:\/\/api.w.org\/{rel}","templated":true}]}}